{"id":41435,"date":"2020-02-21T16:01:51","date_gmt":"2020-02-21T19:01:51","guid":{"rendered":"http:\/\/blogdoeloiltoncajuhy.com.br\/site\/?p=41435"},"modified":"2020-02-21T16:01:58","modified_gmt":"2020-02-21T19:01:58","slug":"em-resgate-as-tradicoes-prefeitura-de-jaguarari-promove-puxada-de-carnaval-com-alunos-da-rede-municipal","status":"publish","type":"post","link":"https:\/\/blogdoeloiltoncajuhy.com.br\/site\/em-resgate-as-tradicoes-prefeitura-de-jaguarari-promove-puxada-de-carnaval-com-alunos-da-rede-municipal\/","title":{"rendered":"Em resgate \u00e0s tradi\u00e7\u00f5es, Prefeitura de Jaguarari promove puxada de Carnaval com alunos da rede municipal"},"content":{"rendered":"\n<p><strong>ASCOM \u2013 Prefeitura de Jaguarari-BA<\/strong><\/p>\n\n\n\n<div class=\"wp-block-image\"><figure class=\"aligncenter size-large\"><img fetchpriority=\"high\" decoding=\"async\" width=\"1280\" height=\"853\" src=\"https:\/\/i2.wp.com\/blogdoeloiltoncajuhy.com.br\/site\/wp-content\/uploads\/2020\/02\/PMJ_CarnaEduca-2020_01.jpg?fit=590%2C393\" alt=\"\" class=\"wp-image-41436\" srcset=\"https:\/\/i0.wp.com\/blogdoeloiltoncajuhy.com.br\/site\/wp-content\/uploads\/2020\/02\/PMJ_CarnaEduca-2020_01.jpg?w=1280&amp;ssl=1 1280w, https:\/\/i0.wp.com\/blogdoeloiltoncajuhy.com.br\/site\/wp-content\/uploads\/2020\/02\/PMJ_CarnaEduca-2020_01.jpg?resize=300%2C200&amp;ssl=1 300w, https:\/\/i0.wp.com\/blogdoeloiltoncajuhy.com.br\/site\/wp-content\/uploads\/2020\/02\/PMJ_CarnaEduca-2020_01.jpg?resize=1024%2C682&amp;ssl=1 1024w, https:\/\/i0.wp.com\/blogdoeloiltoncajuhy.com.br\/site\/wp-content\/uploads\/2020\/02\/PMJ_CarnaEduca-2020_01.jpg?resize=768%2C512&amp;ssl=1 768w, https:\/\/i0.wp.com\/blogdoeloiltoncajuhy.com.br\/site\/wp-content\/uploads\/2020\/02\/PMJ_CarnaEduca-2020_01.jpg?resize=250%2C167&amp;ssl=1 250w\" sizes=\"(max-width: 800px) 100vw, 800px\" \/><\/figure><\/div>\n\n\n\n<p>A magia do Carnaval est\u00e1 no ar, e foi com esse clima alegre que a prefeitura de Jaguarari, atrav\u00e9s da Secretaria de Educa\u00e7\u00e3o, em parceria com as escolas da rede municipal, promoveu nesta sexta-feira (21), uma grande puxada carnavalesca.<\/p>\n\n\n\n<p>Como h\u00e1 muito tempo n\u00e3o se via, os jovens do munic\u00edpio, fantasiados de caretas, piratas e personagens de desenhos animados, percorreram as principais ruas da cidade externando a alegria do Carnaval.<\/p>\n\n\n\n<div class=\"wp-block-image\"><figure class=\"aligncenter size-large\"><img decoding=\"async\" width=\"1280\" height=\"853\" src=\"https:\/\/i0.wp.com\/blogdoeloiltoncajuhy.com.br\/site\/wp-content\/uploads\/2020\/02\/PMJ_CarnaEduca-2020_02.jpg?fit=590%2C393\" alt=\"\" class=\"wp-image-41437\" srcset=\"https:\/\/i0.wp.com\/blogdoeloiltoncajuhy.com.br\/site\/wp-content\/uploads\/2020\/02\/PMJ_CarnaEduca-2020_02.jpg?w=1280&amp;ssl=1 1280w, https:\/\/i0.wp.com\/blogdoeloiltoncajuhy.com.br\/site\/wp-content\/uploads\/2020\/02\/PMJ_CarnaEduca-2020_02.jpg?resize=300%2C200&amp;ssl=1 300w, https:\/\/i0.wp.com\/blogdoeloiltoncajuhy.com.br\/site\/wp-content\/uploads\/2020\/02\/PMJ_CarnaEduca-2020_02.jpg?resize=1024%2C682&amp;ssl=1 1024w, https:\/\/i0.wp.com\/blogdoeloiltoncajuhy.com.br\/site\/wp-content\/uploads\/2020\/02\/PMJ_CarnaEduca-2020_02.jpg?resize=768%2C512&amp;ssl=1 768w, https:\/\/i0.wp.com\/blogdoeloiltoncajuhy.com.br\/site\/wp-content\/uploads\/2020\/02\/PMJ_CarnaEduca-2020_02.jpg?resize=250%2C167&amp;ssl=1 250w\" sizes=\"(max-width: 800px) 100vw, 800px\" \/><\/figure><\/div>\n\n\n\n<p>Batizado de CarnaEduca, o movimento atraiu uma grande quantidade de alunos e populares que aproveitaram o momento para dan\u00e7ar ao som de marchinhas famosas como \u201cMam\u00e3e eu quero\u201d e de musicas atuais que fizeram a alegria da garotada. <em>\u201cHoje buscamos resgatar o espirito do Carnaval em nosso munic\u00edpio. A caravana da educa\u00e7\u00e3o promoveu esse evento e iremos dar continuidade colocando na grade de eventos culturais de Jaguarari. Foi um grande sucesso!\u201d<\/em>, pontuou a secret\u00e1ria de educa\u00e7\u00e3o \u2013 Edinea Ferreira.<\/p>\n\n\n\n<div class=\"wp-block-image\"><figure class=\"aligncenter size-large\"><img decoding=\"async\" width=\"1280\" height=\"853\" src=\"https:\/\/i2.wp.com\/blogdoeloiltoncajuhy.com.br\/site\/wp-content\/uploads\/2020\/02\/PMJ_CarnaEduca-2020_03.jpg?fit=590%2C393\" alt=\"\" class=\"wp-image-41438\" srcset=\"https:\/\/i0.wp.com\/blogdoeloiltoncajuhy.com.br\/site\/wp-content\/uploads\/2020\/02\/PMJ_CarnaEduca-2020_03.jpg?w=1280&amp;ssl=1 1280w, https:\/\/i0.wp.com\/blogdoeloiltoncajuhy.com.br\/site\/wp-content\/uploads\/2020\/02\/PMJ_CarnaEduca-2020_03.jpg?resize=300%2C200&amp;ssl=1 300w, https:\/\/i0.wp.com\/blogdoeloiltoncajuhy.com.br\/site\/wp-content\/uploads\/2020\/02\/PMJ_CarnaEduca-2020_03.jpg?resize=1024%2C682&amp;ssl=1 1024w, https:\/\/i0.wp.com\/blogdoeloiltoncajuhy.com.br\/site\/wp-content\/uploads\/2020\/02\/PMJ_CarnaEduca-2020_03.jpg?resize=768%2C512&amp;ssl=1 768w, https:\/\/i0.wp.com\/blogdoeloiltoncajuhy.com.br\/site\/wp-content\/uploads\/2020\/02\/PMJ_CarnaEduca-2020_03.jpg?resize=250%2C167&amp;ssl=1 250w\" sizes=\"(max-width: 800px) 100vw, 800px\" \/><\/figure><\/div>\n","protected":false},"excerpt":{"rendered":"<p>ASCOM \u2013 Prefeitura de Jaguarari-BA A magia do Carnaval est\u00e1 no ar, e foi com esse clima alegre que a prefeitura de Jaguarari, atrav\u00e9s da Secretaria de Educa\u00e7\u00e3o, em parceria com as escolas da rede municipal, promoveu nesta sexta-feira (21), uma grande puxada carnavalesca. Como h\u00e1 muito tempo n\u00e3o se via, os jovens do munic\u00edpio, [&hellip;]<\/p>\n","protected":false},"author":2,"featured_media":41438,"comment_status":"open","ping_status":"open","sticky":false,"template":"","format":"standard","meta":{"_acf_changed":false,"_monsterinsights_skip_tracking":false,"_monsterinsights_sitenote_active":false,"_monsterinsights_sitenote_note":"","_monsterinsights_sitenote_category":0,"_jetpack_memberships_contains_paid_content":false,"footnotes":"","jetpack_publicize_message":"","jetpack_publicize_feature_enabled":true,"jetpack_social_post_already_shared":true,"jetpack_social_options":{"image_generator_settings":{"template":"highway","default_image_id":0,"font":"","enabled":false},"version":2}},"categories":[1],"tags":[],"class_list":["post-41435","post","type-post","status-publish","format-standard","has-post-thumbnail","hentry","category-noticias"],"acf":[],"jetpack_publicize_connections":[],"jetpack_featured_media_url":"https:\/\/i0.wp.com\/blogdoeloiltoncajuhy.com.br\/site\/wp-content\/uploads\/2020\/02\/PMJ_CarnaEduca-2020_03.jpg?fit=1280%2C853&ssl=1","jetpack_sharing_enabled":true,"publishpress_future_workflow_manual_trigger":{"enabledWorkflows":[]},"_links":{"self":[{"href":"https:\/\/blogdoeloiltoncajuhy.com.br\/site\/wp-json\/wp\/v2\/posts\/41435","targetHints":{"allow":["GET"]}}],"collection":[{"href":"https:\/\/blogdoeloiltoncajuhy.com.br\/site\/wp-json\/wp\/v2\/posts"}],"about":[{"href":"https:\/\/blogdoeloiltoncajuhy.com.br\/site\/wp-json\/wp\/v2\/types\/post"}],"author":[{"embeddable":true,"href":"https:\/\/blogdoeloiltoncajuhy.com.br\/site\/wp-json\/wp\/v2\/users\/2"}],"replies":[{"embeddable":true,"href":"https:\/\/blogdoeloiltoncajuhy.com.br\/site\/wp-json\/wp\/v2\/comments?post=41435"}],"version-history":[{"count":1,"href":"https:\/\/blogdoeloiltoncajuhy.com.br\/site\/wp-json\/wp\/v2\/posts\/41435\/revisions"}],"predecessor-version":[{"id":41439,"href":"https:\/\/blogdoeloiltoncajuhy.com.br\/site\/wp-json\/wp\/v2\/posts\/41435\/revisions\/41439"}],"wp:featuredmedia":[{"embeddable":true,"href":"https:\/\/blogdoeloiltoncajuhy.com.br\/site\/wp-json\/wp\/v2\/media\/41438"}],"wp:attachment":[{"href":"https:\/\/blogdoeloiltoncajuhy.com.br\/site\/wp-json\/wp\/v2\/media?parent=41435"}],"wp:term":[{"taxonomy":"category","embeddable":true,"href":"https:\/\/blogdoeloiltoncajuhy.com.br\/site\/wp-json\/wp\/v2\/categories?post=41435"},{"taxonomy":"post_tag","embeddable":true,"href":"https:\/\/blogdoeloiltoncajuhy.com.br\/site\/wp-json\/wp\/v2\/tags?post=41435"}],"curies":[{"name":"wp","href":"https:\/\/api.w.org\/{rel}","templated":true}]}}