{"id":41432,"date":"2020-02-21T15:25:56","date_gmt":"2020-02-21T18:25:56","guid":{"rendered":"http:\/\/blogdoeloiltoncajuhy.com.br\/site\/?p=41432"},"modified":"2020-02-21T15:26:02","modified_gmt":"2020-02-21T18:26:02","slug":"prefeitura-de-jaguarari-publica-decreto-de-ponto-facultativo-no-periodo-de-carnaval","status":"publish","type":"post","link":"https:\/\/blogdoeloiltoncajuhy.com.br\/site\/prefeitura-de-jaguarari-publica-decreto-de-ponto-facultativo-no-periodo-de-carnaval\/","title":{"rendered":"Prefeitura de Jaguarari publica decreto de ponto facultativo no per\u00edodo de Carnaval"},"content":{"rendered":"\n<p><strong>ASCOM \u2013 Prefeitura de Jaguarari-BA<\/strong><\/p>\n\n\n\n<div class=\"wp-block-image\"><figure class=\"aligncenter size-large is-resized\"><img fetchpriority=\"high\" decoding=\"async\" src=\"https:\/\/i1.wp.com\/blogdoeloiltoncajuhy.com.br\/site\/wp-content\/uploads\/2020\/02\/PMJ_PontoFacultativoCarnaval-2020.jpg?fit=590%2C658\" alt=\"\" class=\"wp-image-41433\" width=\"295\" height=\"329\" srcset=\"https:\/\/i0.wp.com\/blogdoeloiltoncajuhy.com.br\/site\/wp-content\/uploads\/2020\/02\/PMJ_PontoFacultativoCarnaval-2020.jpg?w=1085&amp;ssl=1 1085w, https:\/\/i0.wp.com\/blogdoeloiltoncajuhy.com.br\/site\/wp-content\/uploads\/2020\/02\/PMJ_PontoFacultativoCarnaval-2020.jpg?resize=269%2C300&amp;ssl=1 269w, https:\/\/i0.wp.com\/blogdoeloiltoncajuhy.com.br\/site\/wp-content\/uploads\/2020\/02\/PMJ_PontoFacultativoCarnaval-2020.jpg?resize=918%2C1024&amp;ssl=1 918w, https:\/\/i0.wp.com\/blogdoeloiltoncajuhy.com.br\/site\/wp-content\/uploads\/2020\/02\/PMJ_PontoFacultativoCarnaval-2020.jpg?resize=768%2C856&amp;ssl=1 768w, https:\/\/i0.wp.com\/blogdoeloiltoncajuhy.com.br\/site\/wp-content\/uploads\/2020\/02\/PMJ_PontoFacultativoCarnaval-2020.jpg?resize=224%2C250&amp;ssl=1 224w\" sizes=\"(max-width: 295px) 100vw, 295px\" \/><\/figure><\/div>\n\n\n\n<p>A prefeitura de Jaguarari, por meio do Decreto n\u00ba 047\/2020, determina ponto facultativo nas reparti\u00e7\u00f5es p\u00fablicas municipais da administra\u00e7\u00e3o direta, nos dias 24\/02 (segunda-feira) e 26\/02 (quarta-feira), retornando \u00e0s suas atividades normais na pr\u00f3xima quinta-feira, 27 de fevereiro.<\/p>\n\n\n\n<p>Excluem-se do ponto facultativo os servi\u00e7os essenciais e de interesse p\u00fablico, prestados pelo munic\u00edpio \u00e0 popula\u00e7\u00e3o, devendo ser realizados normalmente e sem interrup\u00e7\u00f5es, como atendimento em hospitais, servi\u00e7os de obras emergenciais, coleta de lixo e limpeza urbana, guarda municipal e cong\u00eanere.<\/p>\n","protected":false},"excerpt":{"rendered":"<p>ASCOM \u2013 Prefeitura de Jaguarari-BA A prefeitura de Jaguarari, por meio do Decreto n\u00ba 047\/2020, determina ponto facultativo nas reparti\u00e7\u00f5es p\u00fablicas municipais da administra\u00e7\u00e3o direta, nos dias 24\/02 (segunda-feira) e 26\/02 (quarta-feira), retornando \u00e0s suas atividades normais na pr\u00f3xima quinta-feira, 27 de fevereiro. Excluem-se do ponto facultativo os servi\u00e7os essenciais e de interesse p\u00fablico, prestados [&hellip;]<\/p>\n","protected":false},"author":2,"featured_media":41433,"comment_status":"open","ping_status":"open","sticky":false,"template":"","format":"standard","meta":{"_acf_changed":false,"_monsterinsights_skip_tracking":false,"_monsterinsights_sitenote_active":false,"_monsterinsights_sitenote_note":"","_monsterinsights_sitenote_category":0,"_jetpack_memberships_contains_paid_content":false,"footnotes":"","jetpack_publicize_message":"","jetpack_publicize_feature_enabled":true,"jetpack_social_post_already_shared":true,"jetpack_social_options":{"image_generator_settings":{"template":"highway","default_image_id":0,"font":"","enabled":false},"version":2}},"categories":[1,3,11],"tags":[],"class_list":["post-41432","post","type-post","status-publish","format-standard","has-post-thumbnail","hentry","category-noticias","category-politica","category-regional"],"acf":[],"jetpack_publicize_connections":[],"jetpack_featured_media_url":"https:\/\/i0.wp.com\/blogdoeloiltoncajuhy.com.br\/site\/wp-content\/uploads\/2020\/02\/PMJ_PontoFacultativoCarnaval-2020.jpg?fit=1085%2C1210&ssl=1","jetpack_sharing_enabled":true,"publishpress_future_workflow_manual_trigger":{"enabledWorkflows":[]},"_links":{"self":[{"href":"https:\/\/blogdoeloiltoncajuhy.com.br\/site\/wp-json\/wp\/v2\/posts\/41432","targetHints":{"allow":["GET"]}}],"collection":[{"href":"https:\/\/blogdoeloiltoncajuhy.com.br\/site\/wp-json\/wp\/v2\/posts"}],"about":[{"href":"https:\/\/blogdoeloiltoncajuhy.com.br\/site\/wp-json\/wp\/v2\/types\/post"}],"author":[{"embeddable":true,"href":"https:\/\/blogdoeloiltoncajuhy.com.br\/site\/wp-json\/wp\/v2\/users\/2"}],"replies":[{"embeddable":true,"href":"https:\/\/blogdoeloiltoncajuhy.com.br\/site\/wp-json\/wp\/v2\/comments?post=41432"}],"version-history":[{"count":1,"href":"https:\/\/blogdoeloiltoncajuhy.com.br\/site\/wp-json\/wp\/v2\/posts\/41432\/revisions"}],"predecessor-version":[{"id":41434,"href":"https:\/\/blogdoeloiltoncajuhy.com.br\/site\/wp-json\/wp\/v2\/posts\/41432\/revisions\/41434"}],"wp:featuredmedia":[{"embeddable":true,"href":"https:\/\/blogdoeloiltoncajuhy.com.br\/site\/wp-json\/wp\/v2\/media\/41433"}],"wp:attachment":[{"href":"https:\/\/blogdoeloiltoncajuhy.com.br\/site\/wp-json\/wp\/v2\/media?parent=41432"}],"wp:term":[{"taxonomy":"category","embeddable":true,"href":"https:\/\/blogdoeloiltoncajuhy.com.br\/site\/wp-json\/wp\/v2\/categories?post=41432"},{"taxonomy":"post_tag","embeddable":true,"href":"https:\/\/blogdoeloiltoncajuhy.com.br\/site\/wp-json\/wp\/v2\/tags?post=41432"}],"curies":[{"name":"wp","href":"https:\/\/api.w.org\/{rel}","templated":true}]}}