{"id":4134,"date":"2015-09-18T22:05:08","date_gmt":"2015-09-19T01:05:08","guid":{"rendered":"http:\/\/blogdoeloiltoncajuhy.com.br\/site\/?p=4134"},"modified":"2015-09-18T22:05:08","modified_gmt":"2015-09-19T01:05:08","slug":"de-bonfim-para-o-sucesso-assim-define-se-a-historia-de-pamela-borio","status":"publish","type":"post","link":"https:\/\/blogdoeloiltoncajuhy.com.br\/site\/de-bonfim-para-o-sucesso-assim-define-se-a-historia-de-pamela-borio\/","title":{"rendered":"De Bonfim para o sucesso: Assim define-se a hist\u00f3ria de P\u00e2mela B\u00f3rio"},"content":{"rendered":"<p><strong>P\u00e2mela Monique Cardoso B\u00f3rio nasceu em Senhor do Bonfim, no dia 27 de agosto de 1983. \u00c9 jornalista e apresentadora de televis\u00e3o.<\/strong><\/p>\n<figure id=\"attachment_4137\" aria-describedby=\"caption-attachment-4137\" style=\"width: 533px\" class=\"wp-caption aligncenter\"><a href=\"https:\/\/i0.wp.com\/blogdoeloiltoncajuhy.com.br\/site\/wp-content\/uploads\/2015\/09\/pamela_3.jpeg\"><img data-recalc-dims=\"1\" fetchpriority=\"high\" decoding=\"async\" class=\"wp-image-4137 size-full\" src=\"https:\/\/i0.wp.com\/blogdoeloiltoncajuhy.com.br\/site\/wp-content\/uploads\/2015\/09\/pamela_3.jpeg?resize=533%2C536\" alt=\"pamela_3\" width=\"533\" height=\"536\" \/><\/a><figcaption id=\"caption-attachment-4137\" class=\"wp-caption-text\">Foto: Imagem Google<\/figcaption><\/figure>\n<p>Quando crian\u00e7a, fez bal\u00e9 e estudou no col\u00e9gio das Irm\u00e3s Sacramentinas, aqui em Senhor do Bonfim. Aos 13 anos, come\u00e7ou a fazer fotos, desfiles e comerciais de TV. Ainda na adolesc\u00eancia, atuou como atriz para a companhia de teatro do diretor Fernando Peltier.<\/p>\n<p>Em nossa cidade, P\u00e2mela Monique foi a vencedora do Concurso &#8220;Garota Forr\u00f3&#8221;, promovido pela R\u00e1dio Cara\u00edba, no final dos anos 1990, dentro do Projeto &#8220;Forr\u00f3 Grito&#8221; da emissora. Ela participou do referido concurso representando a Rua Manoel Novaes. P\u00e2mela recebeu a faixa de vencedora das m\u00e3os do ex-prefeito C\u00e2ndido Augusto Martins, j\u00e1 falecido.<\/p>\n<figure id=\"attachment_4139\" aria-describedby=\"caption-attachment-4139\" style=\"width: 300px\" class=\"wp-caption alignleft\"><a href=\"https:\/\/i0.wp.com\/blogdoeloiltoncajuhy.com.br\/site\/wp-content\/uploads\/2015\/09\/pamela_5.jpg\"><img data-recalc-dims=\"1\" decoding=\"async\" class=\"wp-image-4139 size-medium\" src=\"https:\/\/i0.wp.com\/blogdoeloiltoncajuhy.com.br\/site\/wp-content\/uploads\/2015\/09\/pamela_5.jpg?resize=300%2C225\" alt=\"pamela_5\" width=\"300\" height=\"225\" srcset=\"https:\/\/i0.wp.com\/blogdoeloiltoncajuhy.com.br\/site\/wp-content\/uploads\/2015\/09\/pamela_5.jpg?resize=300%2C225&amp;ssl=1 300w, https:\/\/i0.wp.com\/blogdoeloiltoncajuhy.com.br\/site\/wp-content\/uploads\/2015\/09\/pamela_5.jpg?resize=250%2C188&amp;ssl=1 250w, https:\/\/i0.wp.com\/blogdoeloiltoncajuhy.com.br\/site\/wp-content\/uploads\/2015\/09\/pamela_5.jpg?w=700&amp;ssl=1 700w\" sizes=\"(max-width: 300px) 100vw, 300px\" \/><\/a><figcaption id=\"caption-attachment-4139\" class=\"wp-caption-text\">P\u00e2mela e o ex-marido Ricardo Coutinho (Foto: Imagem Google)<\/figcaption><\/figure>\n<p>Em paralelo, participou de concursos de beleza, sendo premiada em todos. Em seu \u00faltimo concurso, foi uma das finalistas do Miss Brasil Globo. Em 2009 conheceu, noivou e se casou com o ent\u00e3o prefeito de Jo\u00e3o Pessoa-PB, Ricardo Coutinho, que em 2011 tomou posse como governador da Para\u00edba, passando a ser primeira dama do estado no per\u00edodo de mandato de seu esposo. No mesmo ano, o casal celebrou a uni\u00e3o no religioso em cerim\u00f4nia realizada pelo arcebispo da Para\u00edba, Dom Aldo Pagotto. Na ocasi\u00e3o, tamb\u00e9m foi celebrado o batizado do filho rec\u00e9m-nascido Henri Lorenzo, que nasceu em 7 de outubro de 2010.<\/p>\n<p>Na fun\u00e7\u00e3o de primeira-dama, por tradi\u00e7\u00e3o, aceitou a presid\u00eancia de honra do Centro de Apoio \u00e0 Crian\u00e7a e ao Adolescente (CENDAC), e por decreto, teve de assumir a coordena\u00e7\u00e3o-geral do Programa de Artesanato da Para\u00edba. Tamb\u00e9m desenvolveu in\u00fameros projetos sociais, al\u00e9m de abra\u00e7ar causas diversas como madrinha de campanhas ou agente de pol\u00edticas p\u00fablicas.<\/p>\n<p>Em 30 de agosto de 2011, recebeu o t\u00edtulo de Cidad\u00e3 Pessoense, em virtude dos relevantes servi\u00e7os prestados \u00e0 capital paraibana. Da mesma forma, tamb\u00e9m teve a aprova\u00e7\u00e3o do t\u00edtulo de Cidad\u00e3 Paraibana no final de 2013.\u00a0Em mar\u00e7o deste ano se separou do governador Ricardo Coutinho.<\/p>\n<figure id=\"attachment_4136\" aria-describedby=\"caption-attachment-4136\" style=\"width: 197px\" class=\"wp-caption alignright\"><a href=\"https:\/\/i0.wp.com\/blogdoeloiltoncajuhy.com.br\/site\/wp-content\/uploads\/2015\/09\/pamela_2.jpg\"><img data-recalc-dims=\"1\" decoding=\"async\" class=\"wp-image-4136 size-medium\" src=\"https:\/\/i0.wp.com\/blogdoeloiltoncajuhy.com.br\/site\/wp-content\/uploads\/2015\/09\/pamela_2.jpg?resize=197%2C300\" alt=\"pamela_2\" width=\"197\" height=\"300\" srcset=\"https:\/\/i0.wp.com\/blogdoeloiltoncajuhy.com.br\/site\/wp-content\/uploads\/2015\/09\/pamela_2.jpg?resize=197%2C300&amp;ssl=1 197w, https:\/\/i0.wp.com\/blogdoeloiltoncajuhy.com.br\/site\/wp-content\/uploads\/2015\/09\/pamela_2.jpg?resize=165%2C250&amp;ssl=1 165w, https:\/\/i0.wp.com\/blogdoeloiltoncajuhy.com.br\/site\/wp-content\/uploads\/2015\/09\/pamela_2.jpg?w=262&amp;ssl=1 262w\" sizes=\"(max-width: 197px) 100vw, 197px\" \/><\/a><figcaption id=\"caption-attachment-4136\" class=\"wp-caption-text\">Foto: Imagem Google<\/figcaption><\/figure>\n<p><strong>Carreira &#8211;<\/strong> \u00c9\u00a0formada em jornalismo multimeios pela Universidade do Estado da Bahia (UNEB), com p\u00f3s gradua\u00e7\u00e3o em Reda\u00e7\u00e3o Jornal\u00edstica pela Universidade Potiguar (UP), e mestrado em Comunica\u00e7\u00e3o Social pela Universidade Federal da Para\u00edba (UFPB). Sua carreira jornal\u00edstica come\u00e7ou em 2001 na TV Bonfim, como apresentadora e rep\u00f3rter. Em 2005 entrou, por meio de processo seletivo, no departamento de jornalismo da TV S\u00e3o Francisco, pertencente \u00e0 Rede Bahia, afiliada da Rede Globo no estado.<\/p>\n<p>Em seguida foi convidada para integrar o setor de jornalismo da TV Grande Rio, afiliada da Rede Globo em Petrolina-PE, onde atuou como rep\u00f3rter. A jornalista chegou \u00e0 Para\u00edba em 2007 para trabalhar na TV Tamba\u00fa, afiliada do SBT no estado. Nesta emissora, come\u00e7ou a fazer entretenimento atrav\u00e9s do programa Femin\u00edssima. Ap\u00f3s um ano, assumiu a bancada do telejornal Tamba\u00fa Not\u00edcias 2\u00aa edi\u00e7\u00e3o, onde atuou sozinha como \u00e2ncora. Em 2010 apresentou o Tamba\u00fa Esportes at\u00e9 entrar em licen\u00e7a-maternidade. Atualmente apresenta a revista eletr\u00f4nica de variedades Panorama, na mesma emissora.<\/p>\n<p><strong>Pr\u00eamios<\/strong><br \/>\n2003 &#8211; Trof\u00e9u Empresas e Profissionais Nota 10<br \/>\n2004 &#8211; Trof\u00e9u Mulher Destaque<\/p>\n<figure id=\"attachment_4138\" aria-describedby=\"caption-attachment-4138\" style=\"width: 600px\" class=\"wp-caption aligncenter\"><a href=\"https:\/\/i0.wp.com\/blogdoeloiltoncajuhy.com.br\/site\/wp-content\/uploads\/2015\/09\/pamela_4.jpg\"><img data-recalc-dims=\"1\" loading=\"lazy\" decoding=\"async\" class=\"wp-image-4138 size-full\" src=\"https:\/\/i0.wp.com\/blogdoeloiltoncajuhy.com.br\/site\/wp-content\/uploads\/2015\/09\/pamela_4.jpg?resize=600%2C903\" alt=\"SONY DSC\" width=\"600\" height=\"903\" srcset=\"https:\/\/i0.wp.com\/blogdoeloiltoncajuhy.com.br\/site\/wp-content\/uploads\/2015\/09\/pamela_4.jpg?w=600&amp;ssl=1 600w, https:\/\/i0.wp.com\/blogdoeloiltoncajuhy.com.br\/site\/wp-content\/uploads\/2015\/09\/pamela_4.jpg?resize=199%2C300&amp;ssl=1 199w, https:\/\/i0.wp.com\/blogdoeloiltoncajuhy.com.br\/site\/wp-content\/uploads\/2015\/09\/pamela_4.jpg?resize=166%2C250&amp;ssl=1 166w\" sizes=\"(max-width: 600px) 100vw, 600px\" \/><\/a><figcaption id=\"caption-attachment-4138\" class=\"wp-caption-text\">Foto: Imagem Google<\/figcaption><\/figure>\n<p><em>*Wikip\u00e9dia \/ Adapta\u00e7\u00e3o Eloilton Cajuhy &#8211; DRT 3621<\/em><\/p>\n","protected":false},"excerpt":{"rendered":"<p>P\u00e2mela Monique Cardoso B\u00f3rio nasceu em Senhor do Bonfim, no dia 27 de agosto de 1983. \u00c9 jornalista e apresentadora de televis\u00e3o. Quando crian\u00e7a, fez bal\u00e9 e estudou no col\u00e9gio das Irm\u00e3s Sacramentinas, aqui em Senhor do Bonfim. Aos 13 anos, come\u00e7ou a fazer fotos, desfiles e comerciais de TV. Ainda na adolesc\u00eancia, atuou como [&hellip;]<\/p>\n","protected":false},"author":2,"featured_media":4139,"comment_status":"open","ping_status":"open","sticky":false,"template":"","format":"standard","meta":{"_acf_changed":false,"_monsterinsights_skip_tracking":false,"_monsterinsights_sitenote_active":false,"_monsterinsights_sitenote_note":"","_monsterinsights_sitenote_category":0,"_jetpack_memberships_contains_paid_content":false,"footnotes":"","jetpack_publicize_message":"","jetpack_publicize_feature_enabled":true,"jetpack_social_post_already_shared":true,"jetpack_social_options":{"image_generator_settings":{"template":"highway","default_image_id":0,"font":"","enabled":false},"version":2}},"categories":[1,3,4],"tags":[],"class_list":["post-4134","post","type-post","status-publish","format-standard","has-post-thumbnail","hentry","category-noticias","category-politica","category-local"],"acf":[],"jetpack_publicize_connections":[],"jetpack_featured_media_url":"https:\/\/i0.wp.com\/blogdoeloiltoncajuhy.com.br\/site\/wp-content\/uploads\/2015\/09\/pamela_5.jpg?fit=700%2C525&ssl=1","jetpack_sharing_enabled":true,"publishpress_future_workflow_manual_trigger":{"enabledWorkflows":[]},"_links":{"self":[{"href":"https:\/\/blogdoeloiltoncajuhy.com.br\/site\/wp-json\/wp\/v2\/posts\/4134","targetHints":{"allow":["GET"]}}],"collection":[{"href":"https:\/\/blogdoeloiltoncajuhy.com.br\/site\/wp-json\/wp\/v2\/posts"}],"about":[{"href":"https:\/\/blogdoeloiltoncajuhy.com.br\/site\/wp-json\/wp\/v2\/types\/post"}],"author":[{"embeddable":true,"href":"https:\/\/blogdoeloiltoncajuhy.com.br\/site\/wp-json\/wp\/v2\/users\/2"}],"replies":[{"embeddable":true,"href":"https:\/\/blogdoeloiltoncajuhy.com.br\/site\/wp-json\/wp\/v2\/comments?post=4134"}],"version-history":[{"count":1,"href":"https:\/\/blogdoeloiltoncajuhy.com.br\/site\/wp-json\/wp\/v2\/posts\/4134\/revisions"}],"predecessor-version":[{"id":4140,"href":"https:\/\/blogdoeloiltoncajuhy.com.br\/site\/wp-json\/wp\/v2\/posts\/4134\/revisions\/4140"}],"wp:featuredmedia":[{"embeddable":true,"href":"https:\/\/blogdoeloiltoncajuhy.com.br\/site\/wp-json\/wp\/v2\/media\/4139"}],"wp:attachment":[{"href":"https:\/\/blogdoeloiltoncajuhy.com.br\/site\/wp-json\/wp\/v2\/media?parent=4134"}],"wp:term":[{"taxonomy":"category","embeddable":true,"href":"https:\/\/blogdoeloiltoncajuhy.com.br\/site\/wp-json\/wp\/v2\/categories?post=4134"},{"taxonomy":"post_tag","embeddable":true,"href":"https:\/\/blogdoeloiltoncajuhy.com.br\/site\/wp-json\/wp\/v2\/tags?post=4134"}],"curies":[{"name":"wp","href":"https:\/\/api.w.org\/{rel}","templated":true}]}}