{"id":41246,"date":"2020-02-15T14:31:21","date_gmt":"2020-02-15T17:31:21","guid":{"rendered":"http:\/\/blogdoeloiltoncajuhy.com.br\/site\/?p=41246"},"modified":"2020-02-15T14:31:28","modified_gmt":"2020-02-15T17:31:28","slug":"senhor-do-bonfim-casal-e-filho-de-5-anos-em-moto-morrem-apos-serem-atingidos-por-caminhonete","status":"publish","type":"post","link":"https:\/\/blogdoeloiltoncajuhy.com.br\/site\/senhor-do-bonfim-casal-e-filho-de-5-anos-em-moto-morrem-apos-serem-atingidos-por-caminhonete\/","title":{"rendered":"Senhor do Bonfim: Casal e filho de 5 anos em moto morrem ap\u00f3s serem atingidos por caminhonete"},"content":{"rendered":"\n<h5 class=\"has-text-align-center wp-block-heading\"><em>Acidente ocorreu na madrugada deste s\u00e1bado. Motorista da caminhonete fugiu do local<\/em><\/h5>\n\n\n\n<p><strong>Por G1 BA<\/strong><\/p>\n\n\n\n<div class=\"wp-block-image\"><figure class=\"aligncenter size-large\"><img data-recalc-dims=\"1\" fetchpriority=\"high\" decoding=\"async\" width=\"800\" height=\"450\" src=\"https:\/\/i0.wp.com\/blogdoeloiltoncajuhy.com.br\/site\/wp-content\/uploads\/2020\/02\/AcidenteBonfimFev-2020_01.jpeg?resize=800%2C450\" alt=\"\" class=\"wp-image-41247\" srcset=\"https:\/\/i0.wp.com\/blogdoeloiltoncajuhy.com.br\/site\/wp-content\/uploads\/2020\/02\/AcidenteBonfimFev-2020_01.jpeg?w=984&amp;ssl=1 984w, https:\/\/i0.wp.com\/blogdoeloiltoncajuhy.com.br\/site\/wp-content\/uploads\/2020\/02\/AcidenteBonfimFev-2020_01.jpeg?resize=300%2C169&amp;ssl=1 300w, https:\/\/i0.wp.com\/blogdoeloiltoncajuhy.com.br\/site\/wp-content\/uploads\/2020\/02\/AcidenteBonfimFev-2020_01.jpeg?resize=768%2C432&amp;ssl=1 768w, https:\/\/i0.wp.com\/blogdoeloiltoncajuhy.com.br\/site\/wp-content\/uploads\/2020\/02\/AcidenteBonfimFev-2020_01.jpeg?resize=250%2C141&amp;ssl=1 250w\" sizes=\"(max-width: 800px) 100vw, 800px\" \/><figcaption>For\u00e7a do impacto deixou parte da frente e para-brisa da caminhonete destru\u00eddos \u2014 Foto: Blog do Netto Maravilha<\/figcaption><\/figure><\/div>\n\n\n\n<p>Tr\u00eas pessoas de uma mesma fam\u00edlia morreram ap\u00f3s a moto em que estavam ser atingida por uma caminhonete, na madrugada deste s\u00e1bado (15), na BR-407, pr\u00f3ximo \u00e0 cidade de Senhor do Bonfim.<\/p>\n\n\n\n<p>As v\u00edtimas foram identificadas como <strong>Edvan Alves dos Santos<\/strong>, de 35 anos, a esposa <strong>Rosana Gomes Pereira<\/strong> e o filho <strong>Edson Gomes dos Santos<\/strong>, de cinco anos. De acordo com a pol\u00edcia, eles estavam na motocicleta, seguindo sentido Jaguarari, quando a caminhonete bateu no fundo da moto.<\/p>\n\n\n\n<p>Segundo a pol\u00edcia, o motorista, que n\u00e3o foi identificado, fugiu ap\u00f3s o acidente, mas deixou a caminhonete no local. A for\u00e7a do impacto deixou parte da frente e o para-brisa da caminhonete destru\u00eddos.<\/p>\n\n\n\n<p>As tr\u00eas v\u00edtimas morreram no local, e os corpos foram levados para o Departamento de Pol\u00edcia T\u00e9cnica (DPT) de Juazeiro.<\/p>\n\n\n\n<div class=\"wp-block-image\"><figure class=\"aligncenter size-large\"><img data-recalc-dims=\"1\" decoding=\"async\" width=\"800\" height=\"450\" src=\"https:\/\/i0.wp.com\/blogdoeloiltoncajuhy.com.br\/site\/wp-content\/uploads\/2020\/02\/AcidenteBonfimFev-2020_03.jpeg?resize=800%2C450\" alt=\"\" class=\"wp-image-41249\" srcset=\"https:\/\/i0.wp.com\/blogdoeloiltoncajuhy.com.br\/site\/wp-content\/uploads\/2020\/02\/AcidenteBonfimFev-2020_03.jpeg?w=984&amp;ssl=1 984w, https:\/\/i0.wp.com\/blogdoeloiltoncajuhy.com.br\/site\/wp-content\/uploads\/2020\/02\/AcidenteBonfimFev-2020_03.jpeg?resize=300%2C169&amp;ssl=1 300w, https:\/\/i0.wp.com\/blogdoeloiltoncajuhy.com.br\/site\/wp-content\/uploads\/2020\/02\/AcidenteBonfimFev-2020_03.jpeg?resize=768%2C432&amp;ssl=1 768w, https:\/\/i0.wp.com\/blogdoeloiltoncajuhy.com.br\/site\/wp-content\/uploads\/2020\/02\/AcidenteBonfimFev-2020_03.jpeg?resize=250%2C141&amp;ssl=1 250w\" sizes=\"(max-width: 800px) 100vw, 800px\" \/><figcaption>Acidente ocorreu na BR-407, pr\u00f3ximo a Senhor do Bonfim \u2014 Foto: Blog do Netto Maravilha<\/figcaption><\/figure><\/div>\n\n\n\n<figure class=\"wp-block-image size-large\"><img data-recalc-dims=\"1\" decoding=\"async\" width=\"800\" height=\"450\" src=\"https:\/\/i0.wp.com\/blogdoeloiltoncajuhy.com.br\/site\/wp-content\/uploads\/2020\/02\/AcidenteBonfimFev-2020_02.jpeg?resize=800%2C450\" alt=\"\" class=\"wp-image-41248\" srcset=\"https:\/\/i0.wp.com\/blogdoeloiltoncajuhy.com.br\/site\/wp-content\/uploads\/2020\/02\/AcidenteBonfimFev-2020_02.jpeg?w=984&amp;ssl=1 984w, https:\/\/i0.wp.com\/blogdoeloiltoncajuhy.com.br\/site\/wp-content\/uploads\/2020\/02\/AcidenteBonfimFev-2020_02.jpeg?resize=300%2C169&amp;ssl=1 300w, https:\/\/i0.wp.com\/blogdoeloiltoncajuhy.com.br\/site\/wp-content\/uploads\/2020\/02\/AcidenteBonfimFev-2020_02.jpeg?resize=768%2C432&amp;ssl=1 768w, https:\/\/i0.wp.com\/blogdoeloiltoncajuhy.com.br\/site\/wp-content\/uploads\/2020\/02\/AcidenteBonfimFev-2020_02.jpeg?resize=250%2C141&amp;ssl=1 250w\" sizes=\"(max-width: 800px) 100vw, 800px\" \/><figcaption>Tr\u00eas pessoas da mesma fam\u00edlia morreram ap\u00f3s moto em que estavam bater com caminhonete, na BR-407 \u2014 Foto: Blog do Netto Maravilha<\/figcaption><\/figure>\n","protected":false},"excerpt":{"rendered":"<p>Acidente ocorreu na madrugada deste s\u00e1bado. Motorista da caminhonete fugiu do local Por G1 BA Tr\u00eas pessoas de uma mesma fam\u00edlia morreram ap\u00f3s a moto em que estavam ser atingida por uma caminhonete, na madrugada deste s\u00e1bado (15), na BR-407, pr\u00f3ximo \u00e0 cidade de Senhor do Bonfim. As v\u00edtimas foram identificadas como Edvan Alves dos [&hellip;]<\/p>\n","protected":false},"author":2,"featured_media":41249,"comment_status":"open","ping_status":"open","sticky":false,"template":"","format":"standard","meta":{"_acf_changed":false,"_monsterinsights_skip_tracking":false,"_monsterinsights_sitenote_active":false,"_monsterinsights_sitenote_note":"","_monsterinsights_sitenote_category":0,"_jetpack_memberships_contains_paid_content":false,"footnotes":"","jetpack_publicize_message":"","jetpack_publicize_feature_enabled":true,"jetpack_social_post_already_shared":true,"jetpack_social_options":{"image_generator_settings":{"template":"highway","default_image_id":0,"font":"","enabled":false},"version":2}},"categories":[5,1,4],"tags":[],"class_list":["post-41246","post","type-post","status-publish","format-standard","has-post-thumbnail","hentry","category-cotidiano","category-noticias","category-local"],"acf":[],"jetpack_publicize_connections":[],"jetpack_featured_media_url":"https:\/\/i0.wp.com\/blogdoeloiltoncajuhy.com.br\/site\/wp-content\/uploads\/2020\/02\/AcidenteBonfimFev-2020_03.jpeg?fit=984%2C554&ssl=1","jetpack_sharing_enabled":true,"publishpress_future_workflow_manual_trigger":{"enabledWorkflows":[]},"_links":{"self":[{"href":"https:\/\/blogdoeloiltoncajuhy.com.br\/site\/wp-json\/wp\/v2\/posts\/41246","targetHints":{"allow":["GET"]}}],"collection":[{"href":"https:\/\/blogdoeloiltoncajuhy.com.br\/site\/wp-json\/wp\/v2\/posts"}],"about":[{"href":"https:\/\/blogdoeloiltoncajuhy.com.br\/site\/wp-json\/wp\/v2\/types\/post"}],"author":[{"embeddable":true,"href":"https:\/\/blogdoeloiltoncajuhy.com.br\/site\/wp-json\/wp\/v2\/users\/2"}],"replies":[{"embeddable":true,"href":"https:\/\/blogdoeloiltoncajuhy.com.br\/site\/wp-json\/wp\/v2\/comments?post=41246"}],"version-history":[{"count":1,"href":"https:\/\/blogdoeloiltoncajuhy.com.br\/site\/wp-json\/wp\/v2\/posts\/41246\/revisions"}],"predecessor-version":[{"id":41250,"href":"https:\/\/blogdoeloiltoncajuhy.com.br\/site\/wp-json\/wp\/v2\/posts\/41246\/revisions\/41250"}],"wp:featuredmedia":[{"embeddable":true,"href":"https:\/\/blogdoeloiltoncajuhy.com.br\/site\/wp-json\/wp\/v2\/media\/41249"}],"wp:attachment":[{"href":"https:\/\/blogdoeloiltoncajuhy.com.br\/site\/wp-json\/wp\/v2\/media?parent=41246"}],"wp:term":[{"taxonomy":"category","embeddable":true,"href":"https:\/\/blogdoeloiltoncajuhy.com.br\/site\/wp-json\/wp\/v2\/categories?post=41246"},{"taxonomy":"post_tag","embeddable":true,"href":"https:\/\/blogdoeloiltoncajuhy.com.br\/site\/wp-json\/wp\/v2\/tags?post=41246"}],"curies":[{"name":"wp","href":"https:\/\/api.w.org\/{rel}","templated":true}]}}