{"id":4120,"date":"2015-09-18T21:11:18","date_gmt":"2015-09-19T00:11:18","guid":{"rendered":"http:\/\/blogdoeloiltoncajuhy.com.br\/site\/?p=4120"},"modified":"2015-09-18T21:11:18","modified_gmt":"2015-09-19T00:11:18","slug":"elba-ramalho-lanca-disco-com-producao-do-filho","status":"publish","type":"post","link":"https:\/\/blogdoeloiltoncajuhy.com.br\/site\/elba-ramalho-lanca-disco-com-producao-do-filho\/","title":{"rendered":"Elba Ramalho lan\u00e7a disco com produ\u00e7\u00e3o do filho"},"content":{"rendered":"<p>Elba Ramalho est\u00e1 mais feliz do que nunca. Com sua leveza de esp\u00edrito caracter\u00edstica, concebeu e produziu em seu home-studio um CD recheado de can\u00e7\u00f5es in\u00e9ditas e regrava\u00e7\u00f5es. \u201cDo Meu Olhar Pra Fora\u201d mostra uma Elba totalmente segura das decis\u00f5es tomadas em rela\u00e7\u00e3o \u00e0 vida profissional.<\/p>\n<p><a href=\"https:\/\/i0.wp.com\/blogdoeloiltoncajuhy.com.br\/site\/wp-content\/uploads\/2015\/09\/Elba-Ramalho.jpg\"><img data-recalc-dims=\"1\" fetchpriority=\"high\" decoding=\"async\" class=\"aligncenter size-full wp-image-4121\" src=\"https:\/\/i0.wp.com\/blogdoeloiltoncajuhy.com.br\/site\/wp-content\/uploads\/2015\/09\/Elba-Ramalho.jpg?resize=600%2C350\" alt=\"Elba-Ramalho\" width=\"600\" height=\"350\" srcset=\"https:\/\/i0.wp.com\/blogdoeloiltoncajuhy.com.br\/site\/wp-content\/uploads\/2015\/09\/Elba-Ramalho.jpg?w=600&amp;ssl=1 600w, https:\/\/i0.wp.com\/blogdoeloiltoncajuhy.com.br\/site\/wp-content\/uploads\/2015\/09\/Elba-Ramalho.jpg?resize=300%2C175&amp;ssl=1 300w, https:\/\/i0.wp.com\/blogdoeloiltoncajuhy.com.br\/site\/wp-content\/uploads\/2015\/09\/Elba-Ramalho.jpg?resize=250%2C146&amp;ssl=1 250w\" sizes=\"(max-width: 600px) 100vw, 600px\" \/><\/a>Gravado de forma independente e lan\u00e7ado pela Coqueiro Verde, o trabalho inicialmente seria batizado de \u201cLivre\u201d. Mas, por haver muitos discos hom\u00f4nimos, a cantora preferiu usar no t\u00edtulo uma frase pin\u00e7ada da faixa \u201c\u00c9 o que me interessa\u201d, de Lenine e Dudu Falc\u00e3o. \u201cTemos sempre que fugir aos fundamentalismos. Fundamental \u00e9 ser livre, \u00e9 ser feliz \u2013 o que tento retratar neste trabalho. Eu estava cheia de correntes, mas fui tirando uma a uma e agora desfruto da minha liberdade profissional\u201d, explica Elba, que teve seus \u00faltimos \u00e1lbuns lan\u00e7ados pela Biscoito Fino.<\/p>\n<p>O fato de ter concebido \u201cDo Meu Olhar Pra Fora\u201d em casa, proporcionou a Elba a experi\u00eancia de trabalhar com seu filho Lu\u00e3, que assina a produ\u00e7\u00e3o do trabalho. \u201cEle se formou em m\u00fasica na Berklee School of Music, em Boston (EUA), e se preparou muito para este projeto. Trouxe novas t\u00e9cnicas e fez uma reforma gigantesca em meu home-studio. N\u00e3o tenho nenhum motivo para gravar em outro lugar. Nada pode ser mais confort\u00e1vel do que a minha casa\u201d, comenta. Para realizar este trabalho, Lu\u00e3 juntou for\u00e7as com outro jovem produtor, Yuri Queiroga, e conseguiu elaborar arranjos modernos sem perder o DNA musical caracter\u00edstico de Elba.<\/p>\n<figure id=\"attachment_4122\" aria-describedby=\"caption-attachment-4122\" style=\"width: 600px\" class=\"wp-caption aligncenter\"><a href=\"https:\/\/i0.wp.com\/blogdoeloiltoncajuhy.com.br\/site\/wp-content\/uploads\/2015\/09\/Lu%C3%A3-Ramalho-01.jpg\"><img data-recalc-dims=\"1\" decoding=\"async\" class=\"wp-image-4122 size-full\" src=\"https:\/\/i0.wp.com\/blogdoeloiltoncajuhy.com.br\/site\/wp-content\/uploads\/2015\/09\/Lu%C3%A3-Ramalho-01.jpg?resize=600%2C350\" alt=\"Lu\u00e3-Ramalho-01\" width=\"600\" height=\"350\" srcset=\"https:\/\/i0.wp.com\/blogdoeloiltoncajuhy.com.br\/site\/wp-content\/uploads\/2015\/09\/Lu%C3%A3-Ramalho-01.jpg?w=600&amp;ssl=1 600w, https:\/\/i0.wp.com\/blogdoeloiltoncajuhy.com.br\/site\/wp-content\/uploads\/2015\/09\/Lu%C3%A3-Ramalho-01.jpg?resize=300%2C175&amp;ssl=1 300w, https:\/\/i0.wp.com\/blogdoeloiltoncajuhy.com.br\/site\/wp-content\/uploads\/2015\/09\/Lu%C3%A3-Ramalho-01.jpg?resize=250%2C146&amp;ssl=1 250w\" sizes=\"(max-width: 600px) 100vw, 600px\" \/><\/a><figcaption id=\"caption-attachment-4122\" class=\"wp-caption-text\">Lu\u00e3 Ramalho &#8211; Filho de Elba com o ator e cantor Maur\u00edcio Mattar (Foto: Divulga\u00e7\u00e3o)<\/figcaption><\/figure>\n<p>Mesmo tendo mais de 35 anos de carreira e dezenas de megahits na bagagem, Elba Ramalho ainda se sente na obriga\u00e7\u00e3o de investir em projetos in\u00e9ditos. \u201cN\u00e3o posso parar. Agora, definitivamente, me sinto livre para ousar\u201d, comenta ela, que neste novo trabalho divide os vocais com a cantora Carminho nos fados \u201cNos Ares de Lisboa\u201d e \u201cPassarinho Enganador\u201d. \u201cO disco todo se tornou inovador em fun\u00e7\u00e3o da minha vontade de n\u00e3o me prender a f\u00f3rmulas. N\u00e3o tenho compromissos com gravadoras ou produtores. Meu compromisso \u00e9 apenas com meu trabalho\u201d, refor\u00e7a.<\/p>\n<p><em>*Portal Sucesso<\/em><\/p>\n","protected":false},"excerpt":{"rendered":"<p>Elba Ramalho est\u00e1 mais feliz do que nunca. Com sua leveza de esp\u00edrito caracter\u00edstica, concebeu e produziu em seu home-studio um CD recheado de can\u00e7\u00f5es in\u00e9ditas e regrava\u00e7\u00f5es. \u201cDo Meu Olhar Pra Fora\u201d mostra uma Elba totalmente segura das decis\u00f5es tomadas em rela\u00e7\u00e3o \u00e0 vida profissional. Gravado de forma independente e lan\u00e7ado pela Coqueiro Verde, [&hellip;]<\/p>\n","protected":false},"author":2,"featured_media":4122,"comment_status":"open","ping_status":"open","sticky":false,"template":"","format":"standard","meta":{"_acf_changed":false,"_monsterinsights_skip_tracking":false,"_monsterinsights_sitenote_active":false,"_monsterinsights_sitenote_note":"","_monsterinsights_sitenote_category":0,"_jetpack_memberships_contains_paid_content":false,"footnotes":"","jetpack_publicize_message":"","jetpack_publicize_feature_enabled":true,"jetpack_social_post_already_shared":true,"jetpack_social_options":{"image_generator_settings":{"template":"highway","default_image_id":0,"font":"","enabled":false},"version":2}},"categories":[8,1],"tags":[],"class_list":["post-4120","post","type-post","status-publish","format-standard","has-post-thumbnail","hentry","category-cultura","category-noticias"],"acf":[],"jetpack_publicize_connections":[],"jetpack_featured_media_url":"https:\/\/i0.wp.com\/blogdoeloiltoncajuhy.com.br\/site\/wp-content\/uploads\/2015\/09\/Lu%C3%A3-Ramalho-01.jpg?fit=600%2C350&ssl=1","jetpack_sharing_enabled":true,"publishpress_future_workflow_manual_trigger":{"enabledWorkflows":[]},"_links":{"self":[{"href":"https:\/\/blogdoeloiltoncajuhy.com.br\/site\/wp-json\/wp\/v2\/posts\/4120","targetHints":{"allow":["GET"]}}],"collection":[{"href":"https:\/\/blogdoeloiltoncajuhy.com.br\/site\/wp-json\/wp\/v2\/posts"}],"about":[{"href":"https:\/\/blogdoeloiltoncajuhy.com.br\/site\/wp-json\/wp\/v2\/types\/post"}],"author":[{"embeddable":true,"href":"https:\/\/blogdoeloiltoncajuhy.com.br\/site\/wp-json\/wp\/v2\/users\/2"}],"replies":[{"embeddable":true,"href":"https:\/\/blogdoeloiltoncajuhy.com.br\/site\/wp-json\/wp\/v2\/comments?post=4120"}],"version-history":[{"count":1,"href":"https:\/\/blogdoeloiltoncajuhy.com.br\/site\/wp-json\/wp\/v2\/posts\/4120\/revisions"}],"predecessor-version":[{"id":4123,"href":"https:\/\/blogdoeloiltoncajuhy.com.br\/site\/wp-json\/wp\/v2\/posts\/4120\/revisions\/4123"}],"wp:featuredmedia":[{"embeddable":true,"href":"https:\/\/blogdoeloiltoncajuhy.com.br\/site\/wp-json\/wp\/v2\/media\/4122"}],"wp:attachment":[{"href":"https:\/\/blogdoeloiltoncajuhy.com.br\/site\/wp-json\/wp\/v2\/media?parent=4120"}],"wp:term":[{"taxonomy":"category","embeddable":true,"href":"https:\/\/blogdoeloiltoncajuhy.com.br\/site\/wp-json\/wp\/v2\/categories?post=4120"},{"taxonomy":"post_tag","embeddable":true,"href":"https:\/\/blogdoeloiltoncajuhy.com.br\/site\/wp-json\/wp\/v2\/tags?post=4120"}],"curies":[{"name":"wp","href":"https:\/\/api.w.org\/{rel}","templated":true}]}}