{"id":4117,"date":"2015-09-18T21:02:37","date_gmt":"2015-09-19T00:02:37","guid":{"rendered":"http:\/\/blogdoeloiltoncajuhy.com.br\/site\/?p=4117"},"modified":"2015-09-18T21:02:37","modified_gmt":"2015-09-19T00:02:37","slug":"bahia-vacinou-8715-mil-criancas-contra-poliomielite-estado-nao-atingiu-meta","status":"publish","type":"post","link":"https:\/\/blogdoeloiltoncajuhy.com.br\/site\/bahia-vacinou-8715-mil-criancas-contra-poliomielite-estado-nao-atingiu-meta\/","title":{"rendered":"Bahia vacinou 871,5 mil crian\u00e7as contra poliomielite; estado n\u00e3o atingiu meta"},"content":{"rendered":"<figure id=\"attachment_4118\" aria-describedby=\"caption-attachment-4118\" style=\"width: 380px\" class=\"wp-caption aligncenter\"><a href=\"https:\/\/i0.wp.com\/blogdoeloiltoncajuhy.com.br\/site\/wp-content\/uploads\/2015\/09\/vacina%C3%A7%C3%A3o.jpg\"><img data-recalc-dims=\"1\" fetchpriority=\"high\" decoding=\"async\" class=\"wp-image-4118 size-full\" src=\"https:\/\/i0.wp.com\/blogdoeloiltoncajuhy.com.br\/site\/wp-content\/uploads\/2015\/09\/vacina%C3%A7%C3%A3o.jpg?resize=380%2C280\" alt=\"vacina\u00e7\u00e3o\" width=\"380\" height=\"280\" srcset=\"https:\/\/i0.wp.com\/blogdoeloiltoncajuhy.com.br\/site\/wp-content\/uploads\/2015\/09\/vacina%C3%A7%C3%A3o.jpg?w=380&amp;ssl=1 380w, https:\/\/i0.wp.com\/blogdoeloiltoncajuhy.com.br\/site\/wp-content\/uploads\/2015\/09\/vacina%C3%A7%C3%A3o.jpg?resize=300%2C221&amp;ssl=1 300w, https:\/\/i0.wp.com\/blogdoeloiltoncajuhy.com.br\/site\/wp-content\/uploads\/2015\/09\/vacina%C3%A7%C3%A3o.jpg?resize=250%2C184&amp;ssl=1 250w\" sizes=\"(max-width: 380px) 100vw, 380px\" \/><\/a><figcaption id=\"caption-attachment-4118\" class=\"wp-caption-text\">Foto: C\u00e9sar Brustolin<\/figcaption><\/figure>\n<p>A Bahia vacinou 871,5 mil crian\u00e7as durante a Campanha Nacional contra a Polimielite, n\u00famero que corresponde a 91,2% do p\u00fablico-alvo no estado. Com este \u00edndice, a Bahia n\u00e3o atingiu a meta estabelecida pelo Minist\u00e9rio da Sa\u00fade, que era de vacinar contra a p\u00f3lio 95% das crian\u00e7as entre seis meses e cinco anos incompletos de idade. No Brasil, a meta designada pela pasta tamb\u00e9m n\u00e3o foi batida: 12 milh\u00f5es de crian\u00e7as foram vacinadas, o equivalente a 94,4% do p\u00fablico-alvo.<\/p>\n<p>De acordo com balan\u00e7o do Minist\u00e9rio da Sa\u00fade, al\u00e9m da Bahia, outros 11 estados n\u00e3o conseguiram alcan\u00e7ar a meta da campanha, realizada em todo o pa\u00eds entre os dias 15 e 31 de agosto: Rio Grande do Sul (94,7%); Rio Grande do Norte (93,4%); Goi\u00e1s (93,3%); Par\u00e1 (92,5%); Tocantins (91,4%); S\u00e3o Paulo (90,2%); Mato Grosso (89,4%); Acre (89,4%); Mato Grosso do Sul (88,8%); Piau\u00ed (88,2%); e o Distrito Federal (82,5%). A meta foi atingida em 15 estados. S\u00e3o eles: Rond\u00f4nia (101%); Rio de Janeiro (100,1%); Pernambuco (99,9%); Maranh\u00e3o (99,3%); Sergipe (99,2%); Esp\u00edrito Santo (99,1%); Para\u00edba (98%); Amap\u00e1 (98%); Roraima (97,7%); Cear\u00e1 (97,3%); Alagoas (96,7%); Paran\u00e1 (96,7%); Amazonas (96,1%); Minas Gerais (95,5%) e Santa Catarina (95,5%).<\/p>\n<p>Segundo o Minist\u00e9rio da Sa\u00fade, o Brasil est\u00e1 livre da poliomielite desde 1990.<\/p>\n<p><em>*Bahia Not\u00edcias<\/em><\/p>\n","protected":false},"excerpt":{"rendered":"<p>A Bahia vacinou 871,5 mil crian\u00e7as durante a Campanha Nacional contra a Polimielite, n\u00famero que corresponde a 91,2% do p\u00fablico-alvo no estado. Com este \u00edndice, a Bahia n\u00e3o atingiu a meta estabelecida pelo Minist\u00e9rio da Sa\u00fade, que era de vacinar contra a p\u00f3lio 95% das crian\u00e7as entre seis meses e cinco anos incompletos de idade. [&hellip;]<\/p>\n","protected":false},"author":2,"featured_media":4118,"comment_status":"open","ping_status":"open","sticky":false,"template":"","format":"standard","meta":{"_acf_changed":false,"_monsterinsights_skip_tracking":false,"_monsterinsights_sitenote_active":false,"_monsterinsights_sitenote_note":"","_monsterinsights_sitenote_category":0,"_jetpack_memberships_contains_paid_content":false,"footnotes":"","jetpack_publicize_message":"","jetpack_publicize_feature_enabled":true,"jetpack_social_post_already_shared":true,"jetpack_social_options":{"image_generator_settings":{"template":"highway","default_image_id":0,"font":"","enabled":false},"version":2}},"categories":[1,7],"tags":[],"class_list":["post-4117","post","type-post","status-publish","format-standard","has-post-thumbnail","hentry","category-noticias","category-saude"],"acf":[],"jetpack_publicize_connections":[],"jetpack_featured_media_url":"https:\/\/i0.wp.com\/blogdoeloiltoncajuhy.com.br\/site\/wp-content\/uploads\/2015\/09\/vacina%C3%A7%C3%A3o.jpg?fit=380%2C280&ssl=1","jetpack_sharing_enabled":true,"publishpress_future_workflow_manual_trigger":{"enabledWorkflows":[]},"_links":{"self":[{"href":"https:\/\/blogdoeloiltoncajuhy.com.br\/site\/wp-json\/wp\/v2\/posts\/4117","targetHints":{"allow":["GET"]}}],"collection":[{"href":"https:\/\/blogdoeloiltoncajuhy.com.br\/site\/wp-json\/wp\/v2\/posts"}],"about":[{"href":"https:\/\/blogdoeloiltoncajuhy.com.br\/site\/wp-json\/wp\/v2\/types\/post"}],"author":[{"embeddable":true,"href":"https:\/\/blogdoeloiltoncajuhy.com.br\/site\/wp-json\/wp\/v2\/users\/2"}],"replies":[{"embeddable":true,"href":"https:\/\/blogdoeloiltoncajuhy.com.br\/site\/wp-json\/wp\/v2\/comments?post=4117"}],"version-history":[{"count":1,"href":"https:\/\/blogdoeloiltoncajuhy.com.br\/site\/wp-json\/wp\/v2\/posts\/4117\/revisions"}],"predecessor-version":[{"id":4119,"href":"https:\/\/blogdoeloiltoncajuhy.com.br\/site\/wp-json\/wp\/v2\/posts\/4117\/revisions\/4119"}],"wp:featuredmedia":[{"embeddable":true,"href":"https:\/\/blogdoeloiltoncajuhy.com.br\/site\/wp-json\/wp\/v2\/media\/4118"}],"wp:attachment":[{"href":"https:\/\/blogdoeloiltoncajuhy.com.br\/site\/wp-json\/wp\/v2\/media?parent=4117"}],"wp:term":[{"taxonomy":"category","embeddable":true,"href":"https:\/\/blogdoeloiltoncajuhy.com.br\/site\/wp-json\/wp\/v2\/categories?post=4117"},{"taxonomy":"post_tag","embeddable":true,"href":"https:\/\/blogdoeloiltoncajuhy.com.br\/site\/wp-json\/wp\/v2\/tags?post=4117"}],"curies":[{"name":"wp","href":"https:\/\/api.w.org\/{rel}","templated":true}]}}