{"id":4114,"date":"2015-09-18T20:42:53","date_gmt":"2015-09-18T23:42:53","guid":{"rendered":"http:\/\/blogdoeloiltoncajuhy.com.br\/site\/?p=4114"},"modified":"2015-09-18T20:42:53","modified_gmt":"2015-09-18T23:42:53","slug":"governo-federal-garante-apoio-em-obras-da-adutora-do-algodao-e-do-canal-do-sertao","status":"publish","type":"post","link":"https:\/\/blogdoeloiltoncajuhy.com.br\/site\/governo-federal-garante-apoio-em-obras-da-adutora-do-algodao-e-do-canal-do-sertao\/","title":{"rendered":"Governo federal garante apoio em obras da Adutora do Algod\u00e3o e do Canal do Sert\u00e3o"},"content":{"rendered":"<figure id=\"attachment_4115\" aria-describedby=\"caption-attachment-4115\" style=\"width: 380px\" class=\"wp-caption aligncenter\"><a href=\"https:\/\/i0.wp.com\/blogdoeloiltoncajuhy.com.br\/site\/wp-content\/uploads\/2015\/09\/canalsertao.jpg\"><img data-recalc-dims=\"1\" fetchpriority=\"high\" decoding=\"async\" class=\"wp-image-4115 size-full\" src=\"https:\/\/i0.wp.com\/blogdoeloiltoncajuhy.com.br\/site\/wp-content\/uploads\/2015\/09\/canalsertao.jpg?resize=380%2C280\" alt=\"canalsertao\" width=\"380\" height=\"280\" srcset=\"https:\/\/i0.wp.com\/blogdoeloiltoncajuhy.com.br\/site\/wp-content\/uploads\/2015\/09\/canalsertao.jpg?w=380&amp;ssl=1 380w, https:\/\/i0.wp.com\/blogdoeloiltoncajuhy.com.br\/site\/wp-content\/uploads\/2015\/09\/canalsertao.jpg?resize=300%2C221&amp;ssl=1 300w, https:\/\/i0.wp.com\/blogdoeloiltoncajuhy.com.br\/site\/wp-content\/uploads\/2015\/09\/canalsertao.jpg?resize=250%2C184&amp;ssl=1 250w\" sizes=\"(max-width: 380px) 100vw, 380px\" \/><\/a><figcaption id=\"caption-attachment-4115\" class=\"wp-caption-text\">Foto: Divulga\u00e7\u00e3o \/ SECOM<\/figcaption><\/figure>\n<p>O secret\u00e1rio de Infraestrutura H\u00eddrica do Minist\u00e9rio da Integra\u00e7\u00e3o Nacional, Osvaldo Garcia, garantiu recursos do governo federal em obras da Adutora do Algod\u00e3o e do Canal do Sert\u00e3o. O sinal positivo foi dado durante reuni\u00e3o com o secret\u00e1rio de Infraestrutura H\u00eddrica e Saneamento da Bahia, C\u00e1ssio Peixoto, e com o presidente da Empresa Baiana de \u00c1guas e Saneamento (Embasa), Rog\u00e9rio Cedraz, nesta quinta-feira (17).\u00a0De acordo com Garcia, a pasta aguarda apenas o posicionamento do Minist\u00e9rio do Planejamento.<\/p>\n<p>O governo pleiteia libera\u00e7\u00e3o de R$ 8 milh\u00f5es para a conclus\u00e3o do anteprojeto do Canal do Sert\u00e3o, cujo or\u00e7amento \u00e9 de R$ 4,9 bilh\u00f5es. Quanto \u00e0 Adutora do Algod\u00e3o, s\u00e3o necess\u00e1rios R$ 5 milh\u00f5es para que a adutora comece a funcionar, j\u00e1 que faltam equipamentos e energiza\u00e7\u00e3o.<\/p>\n<p>De acordo com Cedraz, ficou acertado com o Minist\u00e9rio da Integra\u00e7\u00e3o Nacional a libera\u00e7\u00e3o da verba em cinco parcelas, mas o Minist\u00e9rio do Planejamento precisa aprovar. Apesar da condicionante, o secret\u00e1rio C\u00e1ssio Peixoto se disse satisfeito com a reuni\u00e3o.<\/p>\n<p>&#8220;Garantir seguran\u00e7a h\u00eddrica para os baianos est\u00e1 entre as metas principais do governo do estado, e estamos falando de interven\u00e7\u00f5es que trar\u00e3o uma nova realidade. No que diz respeito ao Canal do Sert\u00e3o, por exemplo, a obra garantir\u00e1 abastecimento de \u00e1gua, captada no Rio S\u00e3o Francisco, \u00e0 popula\u00e7\u00e3o de 44 munic\u00edpios da regi\u00e3o&#8221;, afirmou.<\/p>\n<p><em>*Bahia Not\u00edcias<\/em><\/p>\n","protected":false},"excerpt":{"rendered":"<p>O secret\u00e1rio de Infraestrutura H\u00eddrica do Minist\u00e9rio da Integra\u00e7\u00e3o Nacional, Osvaldo Garcia, garantiu recursos do governo federal em obras da Adutora do Algod\u00e3o e do Canal do Sert\u00e3o. O sinal positivo foi dado durante reuni\u00e3o com o secret\u00e1rio de Infraestrutura H\u00eddrica e Saneamento da Bahia, C\u00e1ssio Peixoto, e com o presidente da Empresa Baiana de [&hellip;]<\/p>\n","protected":false},"author":2,"featured_media":4115,"comment_status":"open","ping_status":"open","sticky":false,"template":"","format":"standard","meta":{"_acf_changed":false,"_monsterinsights_skip_tracking":false,"_monsterinsights_sitenote_active":false,"_monsterinsights_sitenote_note":"","_monsterinsights_sitenote_category":0,"_jetpack_memberships_contains_paid_content":false,"footnotes":"","jetpack_publicize_message":"","jetpack_publicize_feature_enabled":true,"jetpack_social_post_already_shared":true,"jetpack_social_options":{"image_generator_settings":{"template":"highway","default_image_id":0,"font":"","enabled":false},"version":2}},"categories":[1,3,11],"tags":[],"class_list":["post-4114","post","type-post","status-publish","format-standard","has-post-thumbnail","hentry","category-noticias","category-politica","category-regional"],"acf":[],"jetpack_publicize_connections":[],"jetpack_featured_media_url":"https:\/\/i0.wp.com\/blogdoeloiltoncajuhy.com.br\/site\/wp-content\/uploads\/2015\/09\/canalsertao.jpg?fit=380%2C280&ssl=1","jetpack_sharing_enabled":true,"publishpress_future_workflow_manual_trigger":{"enabledWorkflows":[]},"_links":{"self":[{"href":"https:\/\/blogdoeloiltoncajuhy.com.br\/site\/wp-json\/wp\/v2\/posts\/4114","targetHints":{"allow":["GET"]}}],"collection":[{"href":"https:\/\/blogdoeloiltoncajuhy.com.br\/site\/wp-json\/wp\/v2\/posts"}],"about":[{"href":"https:\/\/blogdoeloiltoncajuhy.com.br\/site\/wp-json\/wp\/v2\/types\/post"}],"author":[{"embeddable":true,"href":"https:\/\/blogdoeloiltoncajuhy.com.br\/site\/wp-json\/wp\/v2\/users\/2"}],"replies":[{"embeddable":true,"href":"https:\/\/blogdoeloiltoncajuhy.com.br\/site\/wp-json\/wp\/v2\/comments?post=4114"}],"version-history":[{"count":1,"href":"https:\/\/blogdoeloiltoncajuhy.com.br\/site\/wp-json\/wp\/v2\/posts\/4114\/revisions"}],"predecessor-version":[{"id":4116,"href":"https:\/\/blogdoeloiltoncajuhy.com.br\/site\/wp-json\/wp\/v2\/posts\/4114\/revisions\/4116"}],"wp:featuredmedia":[{"embeddable":true,"href":"https:\/\/blogdoeloiltoncajuhy.com.br\/site\/wp-json\/wp\/v2\/media\/4115"}],"wp:attachment":[{"href":"https:\/\/blogdoeloiltoncajuhy.com.br\/site\/wp-json\/wp\/v2\/media?parent=4114"}],"wp:term":[{"taxonomy":"category","embeddable":true,"href":"https:\/\/blogdoeloiltoncajuhy.com.br\/site\/wp-json\/wp\/v2\/categories?post=4114"},{"taxonomy":"post_tag","embeddable":true,"href":"https:\/\/blogdoeloiltoncajuhy.com.br\/site\/wp-json\/wp\/v2\/tags?post=4114"}],"curies":[{"name":"wp","href":"https:\/\/api.w.org\/{rel}","templated":true}]}}