{"id":4111,"date":"2015-09-18T20:01:15","date_gmt":"2015-09-18T23:01:15","guid":{"rendered":"http:\/\/blogdoeloiltoncajuhy.com.br\/site\/?p=4111"},"modified":"2015-09-18T20:01:15","modified_gmt":"2015-09-18T23:01:15","slug":"major-mota-lima-e-transferido-de-juazeiro-e-populacao-reage","status":"publish","type":"post","link":"https:\/\/blogdoeloiltoncajuhy.com.br\/site\/major-mota-lima-e-transferido-de-juazeiro-e-populacao-reage\/","title":{"rendered":"Major Mota Lima \u00e9 transferido de Juazeiro e popula\u00e7\u00e3o reage"},"content":{"rendered":"<p><a href=\"https:\/\/i0.wp.com\/blogdoeloiltoncajuhy.com.br\/site\/wp-content\/uploads\/2015\/09\/motalima.jpg\"><img data-recalc-dims=\"1\" fetchpriority=\"high\" decoding=\"async\" class=\"aligncenter size-full wp-image-4112\" src=\"https:\/\/i0.wp.com\/blogdoeloiltoncajuhy.com.br\/site\/wp-content\/uploads\/2015\/09\/motalima.jpg?resize=448%2C218\" alt=\"motalima\" width=\"448\" height=\"218\" srcset=\"https:\/\/i0.wp.com\/blogdoeloiltoncajuhy.com.br\/site\/wp-content\/uploads\/2015\/09\/motalima.jpg?w=448&amp;ssl=1 448w, https:\/\/i0.wp.com\/blogdoeloiltoncajuhy.com.br\/site\/wp-content\/uploads\/2015\/09\/motalima.jpg?resize=300%2C146&amp;ssl=1 300w, https:\/\/i0.wp.com\/blogdoeloiltoncajuhy.com.br\/site\/wp-content\/uploads\/2015\/09\/motalima.jpg?resize=250%2C122&amp;ssl=1 250w\" sizes=\"(max-width: 448px) 100vw, 448px\" \/><\/a>Foi publicado no Di\u00e1rio Oficial do Estado, nesta sexta-feira (18), a mudan\u00e7a de comando do 19\u00ba Batalh\u00e3o de Pol\u00edcia Militar, em Jequi\u00e9.<\/p>\n<p>Quem assume o cargo \u00e9 o Major Alexandre Motta Lima, que estava no comando da Companhia Independente de Policiamento T\u00e1tico, da Regi\u00e3o Norte, em Juazeiro.<\/p>\n<p>O Major Ricardo C\u00e9sar Santana Lima, que at\u00e9 ent\u00e3o estava em Jequi\u00e9, foi exonerado e nomeado para o N\u00facleo de Gest\u00e3o Administrativa e Financeira do Comando de Policiamento Regional Sudoeste, em Vit\u00f3ria da Conquista. (<em>*Tribuna da Conquista<\/em>).<\/p>\n<p>Na tarde desta sexta-feira (18), nossa produ\u00e7\u00e3o tomou conhecimento que em Juazeiro ningu\u00e9m gostou da sa\u00edda do oficial Mota Lima, natural de Senhor do Bonfim. Durante a manh\u00e3, pelo menos em duas emissoras de r\u00e1dio daquela cidade, o povo se manifestou protestando pela transfer\u00eancia dele para o Batalh\u00e3o da PM em Jequi\u00e9.<\/p>\n<p>O Major Mota Lima, com o seu trabalho, conquistou a confian\u00e7a e a simpatia da popula\u00e7\u00e3o de Juazeiro. No \u00faltimo dia 25 de agosto, por ocasi\u00e3o da passagem do Dia do Soldado, Alexandre Mota Lima foi homenageado na C\u00e2mara Municipal de Juazeiro, com uma Mo\u00e7\u00e3o de Aplauso, de autoria do Vereador Pedro Alc\u00e2ntara Filho, do PR, pelos relevantes servi\u00e7os prestados \u00e0 comunidade e \u00e0 PM baiana.<\/p>\n<p>Na oportunidade Pedro Alc\u00e2ntara Filho assim se expressou: \u201cQuero agradecer aos meus pares, por aprovarem esta honraria que muito me envaidece. Esta homenagem \u00e9 em reconhecimento aos bons e relevantes servi\u00e7os prestados do Major Motta Lima \u00e0 corpora\u00e7\u00e3o e a comunidade. Portanto, s\u00e3o merecidos os aplausos a este oficial pela sua dedica\u00e7\u00e3o, coragem, respeito e bravura que vem honrando a institui\u00e7\u00e3o e patrocinando a nossa seguran\u00e7a. De parab\u00e9ns ao Major Motta Lima e \u00e0 briosa Pol\u00edcia Militar\u201d, disse o vereador.<\/p>\n<p><em>Eloilton Cajuhy &#8211; DRT 3621<\/em><\/p>\n","protected":false},"excerpt":{"rendered":"<p>Foi publicado no Di\u00e1rio Oficial do Estado, nesta sexta-feira (18), a mudan\u00e7a de comando do 19\u00ba Batalh\u00e3o de Pol\u00edcia Militar, em Jequi\u00e9. Quem assume o cargo \u00e9 o Major Alexandre Motta Lima, que estava no comando da Companhia Independente de Policiamento T\u00e1tico, da Regi\u00e3o Norte, em Juazeiro. O Major Ricardo C\u00e9sar Santana Lima, que at\u00e9 [&hellip;]<\/p>\n","protected":false},"author":2,"featured_media":4112,"comment_status":"open","ping_status":"open","sticky":false,"template":"","format":"standard","meta":{"_acf_changed":false,"_monsterinsights_skip_tracking":false,"_monsterinsights_sitenote_active":false,"_monsterinsights_sitenote_note":"","_monsterinsights_sitenote_category":0,"_jetpack_memberships_contains_paid_content":false,"footnotes":"","jetpack_publicize_message":"","jetpack_publicize_feature_enabled":true,"jetpack_social_post_already_shared":true,"jetpack_social_options":{"image_generator_settings":{"template":"highway","default_image_id":0,"font":"","enabled":false},"version":2}},"categories":[1,3,4],"tags":[],"class_list":["post-4111","post","type-post","status-publish","format-standard","has-post-thumbnail","hentry","category-noticias","category-politica","category-local"],"acf":[],"jetpack_publicize_connections":[],"jetpack_featured_media_url":"https:\/\/i0.wp.com\/blogdoeloiltoncajuhy.com.br\/site\/wp-content\/uploads\/2015\/09\/motalima.jpg?fit=448%2C218&ssl=1","jetpack_sharing_enabled":true,"publishpress_future_workflow_manual_trigger":{"enabledWorkflows":[]},"_links":{"self":[{"href":"https:\/\/blogdoeloiltoncajuhy.com.br\/site\/wp-json\/wp\/v2\/posts\/4111","targetHints":{"allow":["GET"]}}],"collection":[{"href":"https:\/\/blogdoeloiltoncajuhy.com.br\/site\/wp-json\/wp\/v2\/posts"}],"about":[{"href":"https:\/\/blogdoeloiltoncajuhy.com.br\/site\/wp-json\/wp\/v2\/types\/post"}],"author":[{"embeddable":true,"href":"https:\/\/blogdoeloiltoncajuhy.com.br\/site\/wp-json\/wp\/v2\/users\/2"}],"replies":[{"embeddable":true,"href":"https:\/\/blogdoeloiltoncajuhy.com.br\/site\/wp-json\/wp\/v2\/comments?post=4111"}],"version-history":[{"count":1,"href":"https:\/\/blogdoeloiltoncajuhy.com.br\/site\/wp-json\/wp\/v2\/posts\/4111\/revisions"}],"predecessor-version":[{"id":4113,"href":"https:\/\/blogdoeloiltoncajuhy.com.br\/site\/wp-json\/wp\/v2\/posts\/4111\/revisions\/4113"}],"wp:featuredmedia":[{"embeddable":true,"href":"https:\/\/blogdoeloiltoncajuhy.com.br\/site\/wp-json\/wp\/v2\/media\/4112"}],"wp:attachment":[{"href":"https:\/\/blogdoeloiltoncajuhy.com.br\/site\/wp-json\/wp\/v2\/media?parent=4111"}],"wp:term":[{"taxonomy":"category","embeddable":true,"href":"https:\/\/blogdoeloiltoncajuhy.com.br\/site\/wp-json\/wp\/v2\/categories?post=4111"},{"taxonomy":"post_tag","embeddable":true,"href":"https:\/\/blogdoeloiltoncajuhy.com.br\/site\/wp-json\/wp\/v2\/tags?post=4111"}],"curies":[{"name":"wp","href":"https:\/\/api.w.org\/{rel}","templated":true}]}}