{"id":41083,"date":"2020-02-09T19:45:44","date_gmt":"2020-02-09T22:45:44","guid":{"rendered":"http:\/\/blogdoeloiltoncajuhy.com.br\/site\/?p=41083"},"modified":"2020-02-09T19:45:50","modified_gmt":"2020-02-09T22:45:50","slug":"recadastramento-obrigatorio-dos-produtores-e-propriedades-rurais-da-bahia-vai-ate-15-de-junho-saiba-mais","status":"publish","type":"post","link":"https:\/\/blogdoeloiltoncajuhy.com.br\/site\/recadastramento-obrigatorio-dos-produtores-e-propriedades-rurais-da-bahia-vai-ate-15-de-junho-saiba-mais\/","title":{"rendered":"Recadastramento obrigat\u00f3rio dos produtores e propriedades rurais da Bahia vai at\u00e9 15 de junho; saiba mais"},"content":{"rendered":"\n<h5 class=\"has-text-align-center wp-block-heading\"><em>Ato pode ser realizado no escrit\u00f3rio da Adab mais pr\u00f3ximo da propriedade. Objetivo \u00e9 para fortalecer a vigil\u00e2ncia epidemiol\u00f3gica contra enfermidades e pragas<\/em><\/h5>\n\n\n\n<p><strong>Por G1 BA<\/strong><\/p>\n\n\n\n<div class=\"wp-block-image\"><figure class=\"aligncenter size-large\"><img data-recalc-dims=\"1\" fetchpriority=\"high\" decoding=\"async\" width=\"800\" height=\"533\" src=\"https:\/\/i0.wp.com\/blogdoeloiltoncajuhy.com.br\/site\/wp-content\/uploads\/2020\/02\/ADAB_Recadastramento.jpg?resize=800%2C533\" alt=\"\" class=\"wp-image-41084\" srcset=\"https:\/\/i0.wp.com\/blogdoeloiltoncajuhy.com.br\/site\/wp-content\/uploads\/2020\/02\/ADAB_Recadastramento.jpg?w=984&amp;ssl=1 984w, https:\/\/i0.wp.com\/blogdoeloiltoncajuhy.com.br\/site\/wp-content\/uploads\/2020\/02\/ADAB_Recadastramento.jpg?resize=300%2C200&amp;ssl=1 300w, https:\/\/i0.wp.com\/blogdoeloiltoncajuhy.com.br\/site\/wp-content\/uploads\/2020\/02\/ADAB_Recadastramento.jpg?resize=768%2C512&amp;ssl=1 768w, https:\/\/i0.wp.com\/blogdoeloiltoncajuhy.com.br\/site\/wp-content\/uploads\/2020\/02\/ADAB_Recadastramento.jpg?resize=250%2C167&amp;ssl=1 250w\" sizes=\"(max-width: 800px) 100vw, 800px\" \/><figcaption>Recadastramento obrigat\u00f3rio dos produtores e propriedades rurais da Bahia vai at\u00e9 15 de junho \u2014 Foto: Divulga\u00e7\u00e3o\/Adab<\/figcaption><\/figure><\/div>\n\n\n\n<p>O recadastramento sanit\u00e1rio obrigat\u00f3rio dos produtores e das propriedades rurais come\u00e7ou no dia 1\u00ba de fevereiro e segue at\u00e9 15 de junho, informou a Ag\u00eancia de Defesa Agropecu\u00e1ria da Bahia (Adab).<\/p>\n\n\n\n<p>O objetivo do recadastramento \u00e9 fortalecer as estrat\u00e9gias de defesa agropecu\u00e1ria, al\u00e9m de fortalecer a rastreabilidade e a vigil\u00e2ncia epidemiol\u00f3gica contra enfermidades e pragas de interesse da defesa agropecu\u00e1ria e sa\u00fade p\u00fablica.<\/p>\n\n\n\n<p>O ato pode ser realizado no escrit\u00f3rio da Adab mais pr\u00f3ximo onde o im\u00f3vel est\u00e1 situado. As propriedades de cria\u00e7\u00e3o ter\u00e3o que recadastrar bovinos, bubalinos, asininos, muares, equinos, ovinos, caprinos, su\u00ednos e aves. J\u00e1 as propriedades agr\u00edcolas dever\u00e3o informar sobre todas as culturas em manuten\u00e7\u00e3o. J\u00e1 as propriedades mistas informar\u00e3o o que t\u00eam de cultivo e cria\u00e7\u00f5es.<\/p>\n\n\n\n<p>O recadastramento de propriedades agropecu\u00e1rias apenas poder\u00e1 ser realizado pelo propriet\u00e1rio ou por representante oficial. O produtor que n\u00e3o atender ao prazo e aos requisitos estabelecidos estar\u00e1 sujeito \u00e0 inativa\u00e7\u00e3o do cadastro, impedimento do tr\u00e2nsito de animais e produtos agropecu\u00e1rios, al\u00e9m das penalidades legais previstas em lei.<\/p>\n","protected":false},"excerpt":{"rendered":"<p>Ato pode ser realizado no escrit\u00f3rio da Adab mais pr\u00f3ximo da propriedade. Objetivo \u00e9 para fortalecer a vigil\u00e2ncia epidemiol\u00f3gica contra enfermidades e pragas Por G1 BA O recadastramento sanit\u00e1rio obrigat\u00f3rio dos produtores e das propriedades rurais come\u00e7ou no dia 1\u00ba de fevereiro e segue at\u00e9 15 de junho, informou a Ag\u00eancia de Defesa Agropecu\u00e1ria da [&hellip;]<\/p>\n","protected":false},"author":2,"featured_media":41084,"comment_status":"open","ping_status":"open","sticky":false,"template":"","format":"standard","meta":{"_acf_changed":false,"_monsterinsights_skip_tracking":false,"_monsterinsights_sitenote_active":false,"_monsterinsights_sitenote_note":"","_monsterinsights_sitenote_category":0,"_jetpack_memberships_contains_paid_content":false,"footnotes":"","jetpack_publicize_message":"","jetpack_publicize_feature_enabled":true,"jetpack_social_post_already_shared":true,"jetpack_social_options":{"image_generator_settings":{"template":"highway","default_image_id":0,"font":"","enabled":false},"version":2}},"categories":[5,1],"tags":[],"class_list":["post-41083","post","type-post","status-publish","format-standard","has-post-thumbnail","hentry","category-cotidiano","category-noticias"],"acf":[],"jetpack_publicize_connections":[],"jetpack_featured_media_url":"https:\/\/i0.wp.com\/blogdoeloiltoncajuhy.com.br\/site\/wp-content\/uploads\/2020\/02\/ADAB_Recadastramento.jpg?fit=984%2C656&ssl=1","jetpack_sharing_enabled":true,"publishpress_future_workflow_manual_trigger":{"enabledWorkflows":[]},"_links":{"self":[{"href":"https:\/\/blogdoeloiltoncajuhy.com.br\/site\/wp-json\/wp\/v2\/posts\/41083","targetHints":{"allow":["GET"]}}],"collection":[{"href":"https:\/\/blogdoeloiltoncajuhy.com.br\/site\/wp-json\/wp\/v2\/posts"}],"about":[{"href":"https:\/\/blogdoeloiltoncajuhy.com.br\/site\/wp-json\/wp\/v2\/types\/post"}],"author":[{"embeddable":true,"href":"https:\/\/blogdoeloiltoncajuhy.com.br\/site\/wp-json\/wp\/v2\/users\/2"}],"replies":[{"embeddable":true,"href":"https:\/\/blogdoeloiltoncajuhy.com.br\/site\/wp-json\/wp\/v2\/comments?post=41083"}],"version-history":[{"count":1,"href":"https:\/\/blogdoeloiltoncajuhy.com.br\/site\/wp-json\/wp\/v2\/posts\/41083\/revisions"}],"predecessor-version":[{"id":41085,"href":"https:\/\/blogdoeloiltoncajuhy.com.br\/site\/wp-json\/wp\/v2\/posts\/41083\/revisions\/41085"}],"wp:featuredmedia":[{"embeddable":true,"href":"https:\/\/blogdoeloiltoncajuhy.com.br\/site\/wp-json\/wp\/v2\/media\/41084"}],"wp:attachment":[{"href":"https:\/\/blogdoeloiltoncajuhy.com.br\/site\/wp-json\/wp\/v2\/media?parent=41083"}],"wp:term":[{"taxonomy":"category","embeddable":true,"href":"https:\/\/blogdoeloiltoncajuhy.com.br\/site\/wp-json\/wp\/v2\/categories?post=41083"},{"taxonomy":"post_tag","embeddable":true,"href":"https:\/\/blogdoeloiltoncajuhy.com.br\/site\/wp-json\/wp\/v2\/tags?post=41083"}],"curies":[{"name":"wp","href":"https:\/\/api.w.org\/{rel}","templated":true}]}}