{"id":4106,"date":"2015-09-18T09:27:28","date_gmt":"2015-09-18T12:27:28","guid":{"rendered":"http:\/\/blogdoeloiltoncajuhy.com.br\/site\/?p=4106"},"modified":"2015-09-18T09:27:28","modified_gmt":"2015-09-18T12:27:28","slug":"decisao-sobre-fim-de-doacoes-de-empresas-vale-para-proxima-eleicao-municipal","status":"publish","type":"post","link":"https:\/\/blogdoeloiltoncajuhy.com.br\/site\/decisao-sobre-fim-de-doacoes-de-empresas-vale-para-proxima-eleicao-municipal\/","title":{"rendered":"Decis\u00e3o sobre fim de doa\u00e7\u00f5es de empresas vale para pr\u00f3xima elei\u00e7\u00e3o municipal"},"content":{"rendered":"<p><a href=\"https:\/\/i0.wp.com\/blogdoeloiltoncajuhy.com.br\/site\/wp-content\/uploads\/2015\/09\/stf2.jpg\"><img data-recalc-dims=\"1\" fetchpriority=\"high\" decoding=\"async\" class=\"aligncenter size-full wp-image-4107\" src=\"https:\/\/i0.wp.com\/blogdoeloiltoncajuhy.com.br\/site\/wp-content\/uploads\/2015\/09\/stf2.jpg?resize=576%2C264\" alt=\"stf2\" width=\"576\" height=\"264\" srcset=\"https:\/\/i0.wp.com\/blogdoeloiltoncajuhy.com.br\/site\/wp-content\/uploads\/2015\/09\/stf2.jpg?w=576&amp;ssl=1 576w, https:\/\/i0.wp.com\/blogdoeloiltoncajuhy.com.br\/site\/wp-content\/uploads\/2015\/09\/stf2.jpg?resize=300%2C138&amp;ssl=1 300w, https:\/\/i0.wp.com\/blogdoeloiltoncajuhy.com.br\/site\/wp-content\/uploads\/2015\/09\/stf2.jpg?resize=250%2C115&amp;ssl=1 250w\" sizes=\"(max-width: 576px) 100vw, 576px\" \/><\/a>As campanhas pol\u00edticas das elei\u00e7\u00f5es municipais do ano que vem n\u00e3o poder\u00e3o contar com doa\u00e7\u00f5es de empresas, de acordo com a decis\u00e3o tomada hoje (17) pelo Supremo Tribunal Federal (STF). Segundo o presidente do Supremo, Ricardo Lewandowski e o ministro Luiz Fux, relator da a\u00e7\u00e3o na qual a mat\u00e9ria foi discutida, nem mesmo a eventual san\u00e7\u00e3o da lei aprovada na semana passada pela C\u00e2mara dos Deputados poder\u00e1 liberar as contribui\u00e7\u00f5es para partidos e candidatos.<\/p>\n<p>No dia 9 de setembro, a C\u00e2mara aprovou a minirreforma eleitoral e regulamentou as doa\u00e7\u00f5es. O texto aguarda decis\u00e3o da presidente Dilma Rousseff, que pode sancion\u00e1-lo ou vet\u00e1-lo. Se a presidente sancionar a lei, ser\u00e1 preciso uma nova a\u00e7\u00e3o para questionar a validade das doa\u00e7\u00f5es no Supremo, devido a posi\u00e7\u00e3o contr\u00e1ria adotada pelo tribunal.<\/p>\n<p>Segundo Lewandowski, a decis\u00e3o da Corte j\u00e1 est\u00e1 valendo. A partir da elei\u00e7\u00e3o do ano que vem, somente ser\u00e3o permitidas doa\u00e7\u00f5es de pessoas f\u00edsicas. Os partidos tamb\u00e9m continuar\u00e3o a contar com recursos do Fundo Partid\u00e1rio, garantidos pela Constitui\u00e7\u00e3o. Pela regra atual, a doa\u00e7\u00e3o de pessoas f\u00edsicas \u00e9 limitada a 10% do rendimento bruto do ano anterior.<\/p>\n<p>\u201cQualquer lei que venha possivelmente a ser sancionada, ou aprovada futuramente, e que colida com esses princ\u00edpios aos quais o Supremo se reportou, e com base nos quais considerou inconstitucional, doa\u00e7\u00e3o de pessoas jur\u00eddicas para campanhas pol\u00edticas, evidentemente ter\u00e1 o mesmo destino\u201d, afirmou o presidente da Corte.<\/p>\n<p>Para o ministro Luiz Fux, ap\u00f3s a decis\u00e3o do Supremo, o projeto de lei aprovado na C\u00e2mara traz no \u201cseu germe a presun\u00e7\u00e3o de inconstitucionalidade\u201d. \u201cN\u00f3s verificamos que as doa\u00e7\u00f5es pelas empresas acabam contaminando o processo politico-democr\u00e1tico e h\u00e1 uma captura pelo poder econ\u00f4mico do poder politico, que \u00e9 algo absolutamente inaceit\u00e1vel numa democracia\u201d, disse o relator.<\/p>\n<p>Na sess\u00e3o de ontem (17), por 8 votos a 3, o Supremo decidiu proibir o financiamento privado de campanhas pol\u00edticas. A Corte encerrou o julgamento, iniciado em 2013, de uma a\u00e7\u00e3o da Ordem dos Advogados do Brasil (OAB), que questionou artigos da Lei dos Partidos Pol\u00edticos e da Lei das Elei\u00e7\u00f5es, que autorizam as contribui\u00e7\u00f5es.<\/p>\n<p><em>*Ag\u00eancia Brasil<\/em><\/p>\n","protected":false},"excerpt":{"rendered":"<p>As campanhas pol\u00edticas das elei\u00e7\u00f5es municipais do ano que vem n\u00e3o poder\u00e3o contar com doa\u00e7\u00f5es de empresas, de acordo com a decis\u00e3o tomada hoje (17) pelo Supremo Tribunal Federal (STF). Segundo o presidente do Supremo, Ricardo Lewandowski e o ministro Luiz Fux, relator da a\u00e7\u00e3o na qual a mat\u00e9ria foi discutida, nem mesmo a eventual [&hellip;]<\/p>\n","protected":false},"author":2,"featured_media":4107,"comment_status":"open","ping_status":"open","sticky":false,"template":"","format":"standard","meta":{"_acf_changed":false,"_monsterinsights_skip_tracking":false,"_monsterinsights_sitenote_active":false,"_monsterinsights_sitenote_note":"","_monsterinsights_sitenote_category":0,"_jetpack_memberships_contains_paid_content":false,"footnotes":"","jetpack_publicize_message":"","jetpack_publicize_feature_enabled":true,"jetpack_social_post_already_shared":true,"jetpack_social_options":{"image_generator_settings":{"template":"highway","default_image_id":0,"font":"","enabled":false},"version":2}},"categories":[1,3],"tags":[],"class_list":["post-4106","post","type-post","status-publish","format-standard","has-post-thumbnail","hentry","category-noticias","category-politica"],"acf":[],"jetpack_publicize_connections":[],"jetpack_featured_media_url":"https:\/\/i0.wp.com\/blogdoeloiltoncajuhy.com.br\/site\/wp-content\/uploads\/2015\/09\/stf2.jpg?fit=576%2C264&ssl=1","jetpack_sharing_enabled":true,"publishpress_future_workflow_manual_trigger":{"enabledWorkflows":[]},"_links":{"self":[{"href":"https:\/\/blogdoeloiltoncajuhy.com.br\/site\/wp-json\/wp\/v2\/posts\/4106","targetHints":{"allow":["GET"]}}],"collection":[{"href":"https:\/\/blogdoeloiltoncajuhy.com.br\/site\/wp-json\/wp\/v2\/posts"}],"about":[{"href":"https:\/\/blogdoeloiltoncajuhy.com.br\/site\/wp-json\/wp\/v2\/types\/post"}],"author":[{"embeddable":true,"href":"https:\/\/blogdoeloiltoncajuhy.com.br\/site\/wp-json\/wp\/v2\/users\/2"}],"replies":[{"embeddable":true,"href":"https:\/\/blogdoeloiltoncajuhy.com.br\/site\/wp-json\/wp\/v2\/comments?post=4106"}],"version-history":[{"count":1,"href":"https:\/\/blogdoeloiltoncajuhy.com.br\/site\/wp-json\/wp\/v2\/posts\/4106\/revisions"}],"predecessor-version":[{"id":4108,"href":"https:\/\/blogdoeloiltoncajuhy.com.br\/site\/wp-json\/wp\/v2\/posts\/4106\/revisions\/4108"}],"wp:featuredmedia":[{"embeddable":true,"href":"https:\/\/blogdoeloiltoncajuhy.com.br\/site\/wp-json\/wp\/v2\/media\/4107"}],"wp:attachment":[{"href":"https:\/\/blogdoeloiltoncajuhy.com.br\/site\/wp-json\/wp\/v2\/media?parent=4106"}],"wp:term":[{"taxonomy":"category","embeddable":true,"href":"https:\/\/blogdoeloiltoncajuhy.com.br\/site\/wp-json\/wp\/v2\/categories?post=4106"},{"taxonomy":"post_tag","embeddable":true,"href":"https:\/\/blogdoeloiltoncajuhy.com.br\/site\/wp-json\/wp\/v2\/tags?post=4106"}],"curies":[{"name":"wp","href":"https:\/\/api.w.org\/{rel}","templated":true}]}}