{"id":4102,"date":"2015-09-18T09:13:01","date_gmt":"2015-09-18T12:13:01","guid":{"rendered":"http:\/\/blogdoeloiltoncajuhy.com.br\/site\/?p=4102"},"modified":"2015-09-18T09:13:01","modified_gmt":"2015-09-18T12:13:01","slug":"gente-que-faz-historia-hoje-e-aniversario-da-atriz-eloisa-mafalda-e-do-cantor-frank-aguiar","status":"publish","type":"post","link":"https:\/\/blogdoeloiltoncajuhy.com.br\/site\/gente-que-faz-historia-hoje-e-aniversario-da-atriz-eloisa-mafalda-e-do-cantor-frank-aguiar\/","title":{"rendered":"GENTE QUE FAZ HIST\u00d3RIA: Hoje \u00e9 anivers\u00e1rio da atriz Elo\u00edsa Mafalda e do cantor Frank Aguiar"},"content":{"rendered":"<p><strong>Mafalda Theotto nasceu em Jundia\u00ed, SP, no dia 18 de setembro de 1924. Atriz.<\/strong><\/p>\n<p><a href=\"https:\/\/i0.wp.com\/blogdoeloiltoncajuhy.com.br\/site\/wp-content\/uploads\/2015\/09\/Eloisa-Mafalda.png\"><img data-recalc-dims=\"1\" fetchpriority=\"high\" decoding=\"async\" class=\"aligncenter size-full wp-image-4103\" src=\"https:\/\/i0.wp.com\/blogdoeloiltoncajuhy.com.br\/site\/wp-content\/uploads\/2015\/09\/Eloisa-Mafalda.png?resize=600%2C500\" alt=\"Eloisa Mafalda\" width=\"600\" height=\"500\" srcset=\"https:\/\/i0.wp.com\/blogdoeloiltoncajuhy.com.br\/site\/wp-content\/uploads\/2015\/09\/Eloisa-Mafalda.png?w=600&amp;ssl=1 600w, https:\/\/i0.wp.com\/blogdoeloiltoncajuhy.com.br\/site\/wp-content\/uploads\/2015\/09\/Eloisa-Mafalda.png?resize=300%2C250&amp;ssl=1 300w, https:\/\/i0.wp.com\/blogdoeloiltoncajuhy.com.br\/site\/wp-content\/uploads\/2015\/09\/Eloisa-Mafalda.png?resize=250%2C208&amp;ssl=1 250w\" sizes=\"(max-width: 600px) 100vw, 600px\" \/><\/a>Neta de italianos, Elo\u00edsa Mafalda j\u00e1 nasceu alegre. Diz brincando: \u201cEu era infeliz e n\u00e3o sabia\u201d. Em 1940, os pais se separaram e o irm\u00e3o Oliveira Neto foi ser locutor nas R\u00e1dios Tupi e Difusora de S\u00e3o Paulo. Mafalda foi ser costureira. Depois foi trabalhar como auxiliar de escrit\u00f3rio nas Emissoras Associadas, onde conheceu a alem\u00e3 Alice Waldvoguel, que lhe ensinou sobre arte e interpreta\u00e7\u00e3o.<\/p>\n<p>O in\u00edcio da vida art\u00edstica de Elo\u00edsa Mafalda aconteceu por acaso. O irm\u00e3o Oliveira Neto foi para a Tupi-Tamoio, do Rio de Janeiro. Para levar a irm\u00e3, a convenceu a fazer um teste de r\u00e1dio teatro. Mafalda fez e foi aprovada, passando a trabalhar em radionovelas da R\u00e1dio Nacional e em seguida, foi para a televis\u00e3o atuar na TV Paulista.<\/p>\n<p>Elo\u00edsa Mafalda permaneceu na TV Paulista at\u00e9 o seu t\u00e9rmino, quando esta foi vendida para a TV Globo, onde a atriz interpretou pap\u00e9is inesquec\u00edveis na sua carreira como a Dona Nen\u00ea da primeira vers\u00e3o de A Grande Fam\u00edlia; a Maria Machad\u00e3o de Gabriela; Dona Mariana em Para\u00edso; Gioconda Pontes em Pedra sobre Pedra e Manuela em Mulheres de Areia.<\/p>\n<p>Por\u00e9m, sem d\u00favida, o seu maior sucesso foi Dona Pombinha Abelha em Roque Santeiro. Conhecida no Brasil todo e no estrangeiro, a antiga secret\u00e1ria, a disc\u00edpula de Dona Alice, muito se espanta e se comove com seu sucesso. E diz de forma graciosa, simp\u00e1tica, verdadeira: \u201cTudo aconteceu por acaso. Eu n\u00e3o queria ser atriz. Foi tudo uma brincadeira\u201d.<\/p>\n<p><strong>Francineto Luz de Aguiar nasceu em Itain\u00f3polis, PI, em 18 de setembro de 1971. M\u00fasico de forr\u00f3, bacharel em Direito e p\u00f3s-graduando em ci\u00eancias humanas, al\u00e9m de pol\u00edtico.<\/strong><\/p>\n<p><a href=\"https:\/\/i0.wp.com\/blogdoeloiltoncajuhy.com.br\/site\/wp-content\/uploads\/2015\/09\/Frank.jpg\"><img data-recalc-dims=\"1\" decoding=\"async\" class=\"aligncenter size-full wp-image-4104\" src=\"https:\/\/i0.wp.com\/blogdoeloiltoncajuhy.com.br\/site\/wp-content\/uploads\/2015\/09\/Frank.jpg?resize=600%2C300\" alt=\"Frank\" width=\"600\" height=\"300\" srcset=\"https:\/\/i0.wp.com\/blogdoeloiltoncajuhy.com.br\/site\/wp-content\/uploads\/2015\/09\/Frank.jpg?w=600&amp;ssl=1 600w, https:\/\/i0.wp.com\/blogdoeloiltoncajuhy.com.br\/site\/wp-content\/uploads\/2015\/09\/Frank.jpg?resize=300%2C150&amp;ssl=1 300w, https:\/\/i0.wp.com\/blogdoeloiltoncajuhy.com.br\/site\/wp-content\/uploads\/2015\/09\/Frank.jpg?resize=250%2C125&amp;ssl=1 250w\" sizes=\"(max-width: 600px) 100vw, 600px\" \/><\/a>Em 1992 gravou seu primeiro disco. At\u00e9 2001, sua banda de apoio contava com o pr\u00f3prio nos teclados e voz, as irm\u00e3s Sim\u00e1ria e Simone nos vocais, o saxofonista Baixinho do Sax e o acordeonista Pom-Pom. Depois disso, Frank Aguiar ampliou sua banda e trocou os teclados pelo viol\u00e3o.<\/p>\n<p>Embora piauiense, foi eleito deputado federal em 2006 pelo Estado de S\u00e3o Paulo para a legislatura 2007-2011, curiosamente logo ap\u00f3s ser enredo de carnaval da Escola de Samba paulistana Tom Maior.<\/p>\n<p>Em 8 de dezembro de 2013 estreou seu pr\u00f3prio programa na RedeTV!, o &#8220;Frank Aguiar e Amigos&#8221;, aos domingos a partir das 14h30.<\/p>\n<p>Em 2008 lan\u00e7ou sua candidatura a vice-prefeito de S\u00e3o Bernardo do Campo na chapa de Luiz Marinho, se elegendo no segundo turno.<\/p>\n<p>Em 2014, concorreu nas elei\u00e7\u00f5es ao cargo de deputado federal no estado de S\u00e3o Paulo, pelo PMDM. Na ocasi\u00e3o, obteve 26.013 votos, o que n\u00e3o foi suficiente para se reeleger.<\/p>\n<p><em>*Wikip\u00e9dia<\/em><\/p>\n","protected":false},"excerpt":{"rendered":"<p>Mafalda Theotto nasceu em Jundia\u00ed, SP, no dia 18 de setembro de 1924. Atriz. Neta de italianos, Elo\u00edsa Mafalda j\u00e1 nasceu alegre. Diz brincando: \u201cEu era infeliz e n\u00e3o sabia\u201d. Em 1940, os pais se separaram e o irm\u00e3o Oliveira Neto foi ser locutor nas R\u00e1dios Tupi e Difusora de S\u00e3o Paulo. Mafalda foi ser [&hellip;]<\/p>\n","protected":false},"author":2,"featured_media":4104,"comment_status":"open","ping_status":"open","sticky":false,"template":"","format":"standard","meta":{"_acf_changed":false,"_monsterinsights_skip_tracking":false,"_monsterinsights_sitenote_active":false,"_monsterinsights_sitenote_note":"","_monsterinsights_sitenote_category":0,"_jetpack_memberships_contains_paid_content":false,"footnotes":"","jetpack_publicize_message":"","jetpack_publicize_feature_enabled":true,"jetpack_social_post_already_shared":true,"jetpack_social_options":{"image_generator_settings":{"template":"highway","default_image_id":0,"font":"","enabled":false},"version":2}},"categories":[12,1],"tags":[],"class_list":["post-4102","post","type-post","status-publish","format-standard","has-post-thumbnail","hentry","category-gente-que-faz-a-nossa-historia","category-noticias"],"acf":[],"jetpack_publicize_connections":[],"jetpack_featured_media_url":"https:\/\/i0.wp.com\/blogdoeloiltoncajuhy.com.br\/site\/wp-content\/uploads\/2015\/09\/Frank.jpg?fit=600%2C300&ssl=1","jetpack_sharing_enabled":true,"publishpress_future_workflow_manual_trigger":{"enabledWorkflows":[]},"_links":{"self":[{"href":"https:\/\/blogdoeloiltoncajuhy.com.br\/site\/wp-json\/wp\/v2\/posts\/4102","targetHints":{"allow":["GET"]}}],"collection":[{"href":"https:\/\/blogdoeloiltoncajuhy.com.br\/site\/wp-json\/wp\/v2\/posts"}],"about":[{"href":"https:\/\/blogdoeloiltoncajuhy.com.br\/site\/wp-json\/wp\/v2\/types\/post"}],"author":[{"embeddable":true,"href":"https:\/\/blogdoeloiltoncajuhy.com.br\/site\/wp-json\/wp\/v2\/users\/2"}],"replies":[{"embeddable":true,"href":"https:\/\/blogdoeloiltoncajuhy.com.br\/site\/wp-json\/wp\/v2\/comments?post=4102"}],"version-history":[{"count":1,"href":"https:\/\/blogdoeloiltoncajuhy.com.br\/site\/wp-json\/wp\/v2\/posts\/4102\/revisions"}],"predecessor-version":[{"id":4105,"href":"https:\/\/blogdoeloiltoncajuhy.com.br\/site\/wp-json\/wp\/v2\/posts\/4102\/revisions\/4105"}],"wp:featuredmedia":[{"embeddable":true,"href":"https:\/\/blogdoeloiltoncajuhy.com.br\/site\/wp-json\/wp\/v2\/media\/4104"}],"wp:attachment":[{"href":"https:\/\/blogdoeloiltoncajuhy.com.br\/site\/wp-json\/wp\/v2\/media?parent=4102"}],"wp:term":[{"taxonomy":"category","embeddable":true,"href":"https:\/\/blogdoeloiltoncajuhy.com.br\/site\/wp-json\/wp\/v2\/categories?post=4102"},{"taxonomy":"post_tag","embeddable":true,"href":"https:\/\/blogdoeloiltoncajuhy.com.br\/site\/wp-json\/wp\/v2\/tags?post=4102"}],"curies":[{"name":"wp","href":"https:\/\/api.w.org\/{rel}","templated":true}]}}