{"id":40645,"date":"2020-01-24T15:13:02","date_gmt":"2020-01-24T18:13:02","guid":{"rendered":"http:\/\/blogdoeloiltoncajuhy.com.br\/site\/?p=40645"},"modified":"2020-01-24T15:13:08","modified_gmt":"2020-01-24T18:13:08","slug":"onibus-com-a-banda-do-cantor-acacio-se-envolve-em-grave-acidente-em-sao-paulo","status":"publish","type":"post","link":"https:\/\/blogdoeloiltoncajuhy.com.br\/site\/onibus-com-a-banda-do-cantor-acacio-se-envolve-em-grave-acidente-em-sao-paulo\/","title":{"rendered":"\u00d4nibus com a banda do cantor Ac\u00e1cio se envolve em grave acidente em S\u00e3o Paulo"},"content":{"rendered":"\n<p><strong>BLOG DO ELOILTON CAJUHY<\/strong><br>Com informa\u00e7\u00f5es de Euclidesdacunha.com<\/p>\n\n\n\n<div class=\"wp-block-image\"><figure class=\"aligncenter size-large is-resized\"><img data-recalc-dims=\"1\" fetchpriority=\"high\" decoding=\"async\" src=\"https:\/\/i0.wp.com\/blogdoeloiltoncajuhy.com.br\/site\/wp-content\/uploads\/2020\/01\/Acacio-acidente-01.jpg?resize=298%2C371\" alt=\"\" class=\"wp-image-40646\" width=\"298\" height=\"371\" srcset=\"https:\/\/i0.wp.com\/blogdoeloiltoncajuhy.com.br\/site\/wp-content\/uploads\/2020\/01\/Acacio-acidente-01.jpg?w=770&amp;ssl=1 770w, https:\/\/i0.wp.com\/blogdoeloiltoncajuhy.com.br\/site\/wp-content\/uploads\/2020\/01\/Acacio-acidente-01.jpg?resize=241%2C300&amp;ssl=1 241w, https:\/\/i0.wp.com\/blogdoeloiltoncajuhy.com.br\/site\/wp-content\/uploads\/2020\/01\/Acacio-acidente-01.jpg?resize=768%2C958&amp;ssl=1 768w, https:\/\/i0.wp.com\/blogdoeloiltoncajuhy.com.br\/site\/wp-content\/uploads\/2020\/01\/Acacio-acidente-01.jpg?resize=201%2C250&amp;ssl=1 201w\" sizes=\"(max-width: 298px) 100vw, 298px\" \/><\/figure><\/div>\n\n\n\n<p>Acidente envolvendo o \u00f4nibus com os integrantes da banda e toda a equipe do cantor Ac\u00e1cio, ocorreu na manh\u00e3 desta sexta-feira (24), na Grande S\u00e3o Paulo a cerca de 70km da capital paulista.<\/p>\n\n\n\n<p>A banda estava em viagem para realiza\u00e7\u00e3o de shows. Apesar da grave circunst\u00e2ncia do acidente, que envolveu duas carretas, nenhum dos integrantes sofreu ferimentos.<\/p>\n\n\n\n<p>Independente do perigo que passaram no momento do acidente, todos seguem bem.<\/p>\n\n\n\n<div class=\"wp-block-image\"><figure class=\"aligncenter size-large is-resized\"><img data-recalc-dims=\"1\" decoding=\"async\" src=\"https:\/\/i0.wp.com\/blogdoeloiltoncajuhy.com.br\/site\/wp-content\/uploads\/2020\/01\/Acacio-acidente-02.jpg?resize=293%2C364\" alt=\"\" class=\"wp-image-40647\" width=\"293\" height=\"364\" srcset=\"https:\/\/i0.wp.com\/blogdoeloiltoncajuhy.com.br\/site\/wp-content\/uploads\/2020\/01\/Acacio-acidente-02.jpg?w=770&amp;ssl=1 770w, https:\/\/i0.wp.com\/blogdoeloiltoncajuhy.com.br\/site\/wp-content\/uploads\/2020\/01\/Acacio-acidente-02.jpg?resize=241%2C300&amp;ssl=1 241w, https:\/\/i0.wp.com\/blogdoeloiltoncajuhy.com.br\/site\/wp-content\/uploads\/2020\/01\/Acacio-acidente-02.jpg?resize=768%2C958&amp;ssl=1 768w, https:\/\/i0.wp.com\/blogdoeloiltoncajuhy.com.br\/site\/wp-content\/uploads\/2020\/01\/Acacio-acidente-02.jpg?resize=201%2C250&amp;ssl=1 201w\" sizes=\"(max-width: 293px) 100vw, 293px\" \/><\/figure><\/div>\n\n\n\n<div class=\"wp-block-image\"><figure class=\"aligncenter size-large is-resized\"><img data-recalc-dims=\"1\" decoding=\"async\" src=\"https:\/\/i0.wp.com\/blogdoeloiltoncajuhy.com.br\/site\/wp-content\/uploads\/2020\/01\/Acacio-acidente-03.jpg?resize=293%2C365\" alt=\"\" class=\"wp-image-40648\" width=\"293\" height=\"365\" srcset=\"https:\/\/i0.wp.com\/blogdoeloiltoncajuhy.com.br\/site\/wp-content\/uploads\/2020\/01\/Acacio-acidente-03.jpg?w=768&amp;ssl=1 768w, https:\/\/i0.wp.com\/blogdoeloiltoncajuhy.com.br\/site\/wp-content\/uploads\/2020\/01\/Acacio-acidente-03.jpg?resize=240%2C300&amp;ssl=1 240w, https:\/\/i0.wp.com\/blogdoeloiltoncajuhy.com.br\/site\/wp-content\/uploads\/2020\/01\/Acacio-acidente-03.jpg?resize=200%2C250&amp;ssl=1 200w\" sizes=\"(max-width: 293px) 100vw, 293px\" \/><\/figure><\/div>\n\n\n\n<div class=\"wp-block-image\"><figure class=\"aligncenter size-large is-resized\"><img data-recalc-dims=\"1\" loading=\"lazy\" decoding=\"async\" src=\"https:\/\/i0.wp.com\/blogdoeloiltoncajuhy.com.br\/site\/wp-content\/uploads\/2020\/01\/AC%C3%81CIO-O-FERINHA-DA-BAHIA.jpg?resize=201%2C406\" alt=\"\" class=\"wp-image-40649\" width=\"201\" height=\"406\" srcset=\"https:\/\/i0.wp.com\/blogdoeloiltoncajuhy.com.br\/site\/wp-content\/uploads\/2020\/01\/AC%C3%81CIO-O-FERINHA-DA-BAHIA.jpg?w=475&amp;ssl=1 475w, https:\/\/i0.wp.com\/blogdoeloiltoncajuhy.com.br\/site\/wp-content\/uploads\/2020\/01\/AC%C3%81CIO-O-FERINHA-DA-BAHIA.jpg?resize=148%2C300&amp;ssl=1 148w, https:\/\/i0.wp.com\/blogdoeloiltoncajuhy.com.br\/site\/wp-content\/uploads\/2020\/01\/AC%C3%81CIO-O-FERINHA-DA-BAHIA.jpg?resize=124%2C250&amp;ssl=1 124w\" sizes=\"(max-width: 201px) 100vw, 201px\" \/><\/figure><\/div>\n","protected":false},"excerpt":{"rendered":"<p>BLOG DO ELOILTON CAJUHYCom informa\u00e7\u00f5es de Euclidesdacunha.com Acidente envolvendo o \u00f4nibus com os integrantes da banda e toda a equipe do cantor Ac\u00e1cio, ocorreu na manh\u00e3 desta sexta-feira (24), na Grande S\u00e3o Paulo a cerca de 70km da capital paulista. A banda estava em viagem para realiza\u00e7\u00e3o de shows. Apesar da grave circunst\u00e2ncia do acidente, [&hellip;]<\/p>\n","protected":false},"author":2,"featured_media":40649,"comment_status":"open","ping_status":"open","sticky":false,"template":"","format":"standard","meta":{"_acf_changed":false,"_monsterinsights_skip_tracking":false,"_monsterinsights_sitenote_active":false,"_monsterinsights_sitenote_note":"","_monsterinsights_sitenote_category":0,"_jetpack_memberships_contains_paid_content":false,"footnotes":"","jetpack_publicize_message":"","jetpack_publicize_feature_enabled":true,"jetpack_social_post_already_shared":true,"jetpack_social_options":{"image_generator_settings":{"template":"highway","default_image_id":0,"font":"","enabled":false},"version":2}},"categories":[5,8,1],"tags":[],"class_list":["post-40645","post","type-post","status-publish","format-standard","has-post-thumbnail","hentry","category-cotidiano","category-cultura","category-noticias"],"acf":[],"jetpack_publicize_connections":[],"jetpack_featured_media_url":"https:\/\/i0.wp.com\/blogdoeloiltoncajuhy.com.br\/site\/wp-content\/uploads\/2020\/01\/AC%C3%81CIO-O-FERINHA-DA-BAHIA.jpg?fit=475%2C960&ssl=1","jetpack_sharing_enabled":true,"publishpress_future_workflow_manual_trigger":{"enabledWorkflows":[]},"_links":{"self":[{"href":"https:\/\/blogdoeloiltoncajuhy.com.br\/site\/wp-json\/wp\/v2\/posts\/40645","targetHints":{"allow":["GET"]}}],"collection":[{"href":"https:\/\/blogdoeloiltoncajuhy.com.br\/site\/wp-json\/wp\/v2\/posts"}],"about":[{"href":"https:\/\/blogdoeloiltoncajuhy.com.br\/site\/wp-json\/wp\/v2\/types\/post"}],"author":[{"embeddable":true,"href":"https:\/\/blogdoeloiltoncajuhy.com.br\/site\/wp-json\/wp\/v2\/users\/2"}],"replies":[{"embeddable":true,"href":"https:\/\/blogdoeloiltoncajuhy.com.br\/site\/wp-json\/wp\/v2\/comments?post=40645"}],"version-history":[{"count":1,"href":"https:\/\/blogdoeloiltoncajuhy.com.br\/site\/wp-json\/wp\/v2\/posts\/40645\/revisions"}],"predecessor-version":[{"id":40650,"href":"https:\/\/blogdoeloiltoncajuhy.com.br\/site\/wp-json\/wp\/v2\/posts\/40645\/revisions\/40650"}],"wp:featuredmedia":[{"embeddable":true,"href":"https:\/\/blogdoeloiltoncajuhy.com.br\/site\/wp-json\/wp\/v2\/media\/40649"}],"wp:attachment":[{"href":"https:\/\/blogdoeloiltoncajuhy.com.br\/site\/wp-json\/wp\/v2\/media?parent=40645"}],"wp:term":[{"taxonomy":"category","embeddable":true,"href":"https:\/\/blogdoeloiltoncajuhy.com.br\/site\/wp-json\/wp\/v2\/categories?post=40645"},{"taxonomy":"post_tag","embeddable":true,"href":"https:\/\/blogdoeloiltoncajuhy.com.br\/site\/wp-json\/wp\/v2\/tags?post=40645"}],"curies":[{"name":"wp","href":"https:\/\/api.w.org\/{rel}","templated":true}]}}