{"id":40642,"date":"2020-01-24T11:54:51","date_gmt":"2020-01-24T14:54:51","guid":{"rendered":"http:\/\/blogdoeloiltoncajuhy.com.br\/site\/?p=40642"},"modified":"2020-01-24T11:54:57","modified_gmt":"2020-01-24T14:54:57","slug":"mp-que-cria-modalidade-diferente-de-contratacao-para-jovens-gera-polemica-entre-deputados","status":"publish","type":"post","link":"https:\/\/blogdoeloiltoncajuhy.com.br\/site\/mp-que-cria-modalidade-diferente-de-contratacao-para-jovens-gera-polemica-entre-deputados\/","title":{"rendered":"MP que cria modalidade diferente de contrata\u00e7\u00e3o para jovens gera pol\u00eamica entre deputados"},"content":{"rendered":"\n<p><strong>Karla Alessandra\/R\u00e1dio C\u00e2mara<\/strong><\/p>\n\n\n\n<div class=\"wp-block-image\"><figure class=\"aligncenter size-large\"><img data-recalc-dims=\"1\" fetchpriority=\"high\" decoding=\"async\" width=\"696\" height=\"392\" src=\"https:\/\/i0.wp.com\/blogdoeloiltoncajuhy.com.br\/site\/wp-content\/uploads\/2020\/01\/Jovem-aprendiz-696x392-1.jpg?resize=696%2C392\" alt=\"\" class=\"wp-image-40643\" srcset=\"https:\/\/i0.wp.com\/blogdoeloiltoncajuhy.com.br\/site\/wp-content\/uploads\/2020\/01\/Jovem-aprendiz-696x392-1.jpg?w=696&amp;ssl=1 696w, https:\/\/i0.wp.com\/blogdoeloiltoncajuhy.com.br\/site\/wp-content\/uploads\/2020\/01\/Jovem-aprendiz-696x392-1.jpg?resize=300%2C169&amp;ssl=1 300w, https:\/\/i0.wp.com\/blogdoeloiltoncajuhy.com.br\/site\/wp-content\/uploads\/2020\/01\/Jovem-aprendiz-696x392-1.jpg?resize=250%2C141&amp;ssl=1 250w\" sizes=\"(max-width: 696px) 100vw, 696px\" \/><\/figure><\/div>\n\n\n\n<p>A Medida Provis\u00f3ria 905 (2019), que institui o Contrato de Trabalho Verde e Amarelo para incentivar a contrata\u00e7\u00e3o de jovens de 18 a 29 anos, est\u00e1 gerando pol\u00eamica entre os deputados.<\/p>\n\n\n\n<p>Pela proposta, os contratos para essa parcela da popula\u00e7\u00e3o ter\u00e3o dura\u00e7\u00e3o de dois anos e remunera\u00e7\u00e3o de at\u00e9 um sal\u00e1rio m\u00ednimo e meio por m\u00eas.<\/p>\n\n\n\n<p>Pelo texto encaminhado pelo governo federal, as empresas poder\u00e3o ter at\u00e9 20% dos seus empregados contratados nessas condi\u00e7\u00f5es. As que contratarem trabalhadores sob o novo regime ser\u00e3o beneficiadas com isen\u00e7\u00e3o da contribui\u00e7\u00e3o previdenci\u00e1ria patronal e do sal\u00e1rio-educa\u00e7\u00e3o, tributos que incidem sobre a folha de pagamento, e sobre as contribui\u00e7\u00f5es ao Sistema S.<\/p>\n\n\n\n<p>Tamb\u00e9m ter\u00e3o redu\u00e7\u00e3o da al\u00edquota de contribui\u00e7\u00e3o do Fundo de Garantia do Tempo de Servi\u00e7o (FGTS), de 8% para 2%, e redu\u00e7\u00e3o da multa do FGTS em caso demiss\u00e3o sem justa causa, de 40% para 20%, desde que haja acordo entre as partes.<\/p>\n\n\n\n<p>Outra altera\u00e7\u00e3o proposta na MP prev\u00ea cobran\u00e7a de INSS com a al\u00edquota de 7,5 %  para os trabalhadores que est\u00e3o recebendo seguro desemprego, e com isso esse tempo tamb\u00e9m passaria a contar para a aposentadoria.<\/p>\n\n\n\n<p>Para o deputado Pompeo de Mattos, do PDT do Rio Grande do Sul, a medida vai reduzir ainda mais a renda do trabalhador num momento dif\u00edcil que \u00e9 o desemprego.<\/p>\n\n\n\n<p><em>\u201cE agora esse governo ao inv\u00e9s de combater o desemprego ele vai e pega o desempregado e taxa. Para que esse desempregado pague a conta, sem emprego, sem poder produzir, recebe o benef\u00edcio social miser\u00e1vel que \u00e9 dele, cujo valor que ele recebe \u00e9 resultado da contribui\u00e7\u00e3o que ele fez quando estava empregado\u201d<\/em>.<\/p>\n\n\n\n<p>O relator da proposta na comiss\u00e3o especial, deputado Christino \u00c1ureo, do PP do Rio de Janeiro, afirmou que as mudan\u00e7as s\u00e3o necess\u00e1rias para tirar a economia da estagna\u00e7\u00e3o e ajudar os jovens a entrarem no mercado de trabalho.<\/p>\n\n\n\n<p><em>\u201cEu acredito que nessa formata\u00e7\u00e3o n\u00f3s vamos ter a chance de olharmos para esse segmento, avaliarmos como essa desonera\u00e7\u00e3o da contribui\u00e7\u00e3o previdenci\u00e1ria, do sistema S e de outros tipos de incid\u00eancia na folha v\u00e3o poder mostrar seu resultado.  E se isso fizer sentido, que possa ser estendido no prazo ou para outras faixas et\u00e1rias\u201d<\/em>.<\/p>\n\n\n\n<p>A MP estabelece que os trabalhadores ter\u00e3o todos os direitos previstos na Constitui\u00e7\u00e3o, como f\u00e9rias e 13\u00ba sal\u00e1rio que poder\u00e3o ser pagos parceladamente ao longo da vig\u00eancia do contrato.<\/p>\n\n\n\n<p>A proposta est\u00e1 sendo analisada por uma comiss\u00e3o mista formada por senadores e deputados, depois segue para aprecia\u00e7\u00e3o dos plen\u00e1rios da C\u00e2mara e do Senado.<\/p>\n","protected":false},"excerpt":{"rendered":"<p>Karla Alessandra\/R\u00e1dio C\u00e2mara A Medida Provis\u00f3ria 905 (2019), que institui o Contrato de Trabalho Verde e Amarelo para incentivar a contrata\u00e7\u00e3o de jovens de 18 a 29 anos, est\u00e1 gerando pol\u00eamica entre os deputados. Pela proposta, os contratos para essa parcela da popula\u00e7\u00e3o ter\u00e3o dura\u00e7\u00e3o de dois anos e remunera\u00e7\u00e3o de at\u00e9 um sal\u00e1rio m\u00ednimo [&hellip;]<\/p>\n","protected":false},"author":2,"featured_media":40643,"comment_status":"open","ping_status":"open","sticky":false,"template":"","format":"standard","meta":{"_acf_changed":false,"_monsterinsights_skip_tracking":false,"_monsterinsights_sitenote_active":false,"_monsterinsights_sitenote_note":"","_monsterinsights_sitenote_category":0,"_jetpack_memberships_contains_paid_content":false,"footnotes":"","jetpack_publicize_message":"","jetpack_publicize_feature_enabled":true,"jetpack_social_post_already_shared":true,"jetpack_social_options":{"image_generator_settings":{"template":"highway","default_image_id":0,"font":"","enabled":false},"version":2}},"categories":[1,3],"tags":[],"class_list":["post-40642","post","type-post","status-publish","format-standard","has-post-thumbnail","hentry","category-noticias","category-politica"],"acf":[],"jetpack_publicize_connections":[],"jetpack_featured_media_url":"https:\/\/i0.wp.com\/blogdoeloiltoncajuhy.com.br\/site\/wp-content\/uploads\/2020\/01\/Jovem-aprendiz-696x392-1.jpg?fit=696%2C392&ssl=1","jetpack_sharing_enabled":true,"publishpress_future_workflow_manual_trigger":{"enabledWorkflows":[]},"_links":{"self":[{"href":"https:\/\/blogdoeloiltoncajuhy.com.br\/site\/wp-json\/wp\/v2\/posts\/40642","targetHints":{"allow":["GET"]}}],"collection":[{"href":"https:\/\/blogdoeloiltoncajuhy.com.br\/site\/wp-json\/wp\/v2\/posts"}],"about":[{"href":"https:\/\/blogdoeloiltoncajuhy.com.br\/site\/wp-json\/wp\/v2\/types\/post"}],"author":[{"embeddable":true,"href":"https:\/\/blogdoeloiltoncajuhy.com.br\/site\/wp-json\/wp\/v2\/users\/2"}],"replies":[{"embeddable":true,"href":"https:\/\/blogdoeloiltoncajuhy.com.br\/site\/wp-json\/wp\/v2\/comments?post=40642"}],"version-history":[{"count":1,"href":"https:\/\/blogdoeloiltoncajuhy.com.br\/site\/wp-json\/wp\/v2\/posts\/40642\/revisions"}],"predecessor-version":[{"id":40644,"href":"https:\/\/blogdoeloiltoncajuhy.com.br\/site\/wp-json\/wp\/v2\/posts\/40642\/revisions\/40644"}],"wp:featuredmedia":[{"embeddable":true,"href":"https:\/\/blogdoeloiltoncajuhy.com.br\/site\/wp-json\/wp\/v2\/media\/40643"}],"wp:attachment":[{"href":"https:\/\/blogdoeloiltoncajuhy.com.br\/site\/wp-json\/wp\/v2\/media?parent=40642"}],"wp:term":[{"taxonomy":"category","embeddable":true,"href":"https:\/\/blogdoeloiltoncajuhy.com.br\/site\/wp-json\/wp\/v2\/categories?post=40642"},{"taxonomy":"post_tag","embeddable":true,"href":"https:\/\/blogdoeloiltoncajuhy.com.br\/site\/wp-json\/wp\/v2\/tags?post=40642"}],"curies":[{"name":"wp","href":"https:\/\/api.w.org\/{rel}","templated":true}]}}