{"id":40639,"date":"2020-01-24T11:40:19","date_gmt":"2020-01-24T14:40:19","guid":{"rendered":"http:\/\/blogdoeloiltoncajuhy.com.br\/site\/?p=40639"},"modified":"2020-01-24T11:40:26","modified_gmt":"2020-01-24T14:40:26","slug":"governo-do-estado-publica-decreto-sobre-compensacao-de-feriados","status":"publish","type":"post","link":"https:\/\/blogdoeloiltoncajuhy.com.br\/site\/governo-do-estado-publica-decreto-sobre-compensacao-de-feriados\/","title":{"rendered":"Governo do Estado publica decreto sobre compensa\u00e7\u00e3o de feriados"},"content":{"rendered":"\n<p><strong>Fonte: Ascom\/Saeb<\/strong><\/p>\n\n\n\n<div class=\"wp-block-image\"><figure class=\"aligncenter size-large\"><img data-recalc-dims=\"1\" fetchpriority=\"high\" decoding=\"async\" width=\"488\" height=\"325\" src=\"https:\/\/i0.wp.com\/blogdoeloiltoncajuhy.com.br\/site\/wp-content\/uploads\/2020\/01\/DOE-BA.jpg?resize=488%2C325\" alt=\"\" class=\"wp-image-40640\" srcset=\"https:\/\/i0.wp.com\/blogdoeloiltoncajuhy.com.br\/site\/wp-content\/uploads\/2020\/01\/DOE-BA.jpg?w=488&amp;ssl=1 488w, https:\/\/i0.wp.com\/blogdoeloiltoncajuhy.com.br\/site\/wp-content\/uploads\/2020\/01\/DOE-BA.jpg?resize=300%2C200&amp;ssl=1 300w, https:\/\/i0.wp.com\/blogdoeloiltoncajuhy.com.br\/site\/wp-content\/uploads\/2020\/01\/DOE-BA.jpg?resize=250%2C166&amp;ssl=1 250w\" sizes=\"(max-width: 488px) 100vw, 488px\" \/><\/figure><\/div>\n\n\n\n<p>Foi publicado no Di\u00e1rio Oficial do Estado (DOE) desta quinta-feira (23) o Decreto n\u00b0 19.408, que trata de datas que ter\u00e3o seu expediente compensado pelos servidores do Poder Executivo Estadual em 2020. De acordo com a publica\u00e7\u00e3o, ser\u00e1 suspenso o expediente nas reparti\u00e7\u00f5es p\u00fablicas estaduais nos dias 26 de fevereiro, 20 de abril, 12 e 23 de junho, 03 de julho, 24 e 31 de dezembro.<\/p>\n\n\n\n<p>O decreto ainda transfere, apenas para o ano 2020, o feriado comemorativo ao Dia do Servidor P\u00fablico Estadual. Desta forma, a data ser\u00e1 celebrada no dia 30 de outubro, uma sexta-feira \u2013 pela legisla\u00e7\u00e3o, o feriado \u00e9 celebrado no dia 28 do mesmo m\u00eas.<\/p>\n\n\n\n<p>A determina\u00e7\u00e3o considera o alto custo para o funcionamento das reparti\u00e7\u00f5es p\u00fablicas em dias de trabalho facultativo e orienta que as datas sejam compensadas com o acr\u00e9scimo de uma hora na jornada de trabalho em dias \u00fateis, anteriores ou posteriores, de acordo com instru\u00e7\u00f5es normativas a serem publicadas pela Secretaria da Administra\u00e7\u00e3o (Saeb).<\/p>\n\n\n\n<p>Vale lembrar que os servi\u00e7os essenciais, que n\u00e3o admitem interrup\u00e7\u00e3o, n\u00e3o ter\u00e3o o expediente compensados nas datas citadas. Cabe aos dirigentes de \u00f3rg\u00e3os e entidades, juntamente com as chefias imediatas dos servidores, a responsabilidade pelo cumprimento da compensa\u00e7\u00e3o. O sistema de transporte que atende ao Centro Administrativo da Bahia (CAB) tamb\u00e9m ter\u00e1 seu hor\u00e1rio adequado para atender ao funcionalismo estadual.<\/p>\n","protected":false},"excerpt":{"rendered":"<p>Fonte: Ascom\/Saeb Foi publicado no Di\u00e1rio Oficial do Estado (DOE) desta quinta-feira (23) o Decreto n\u00b0 19.408, que trata de datas que ter\u00e3o seu expediente compensado pelos servidores do Poder Executivo Estadual em 2020. De acordo com a publica\u00e7\u00e3o, ser\u00e1 suspenso o expediente nas reparti\u00e7\u00f5es p\u00fablicas estaduais nos dias 26 de fevereiro, 20 de abril, [&hellip;]<\/p>\n","protected":false},"author":2,"featured_media":40640,"comment_status":"open","ping_status":"open","sticky":false,"template":"","format":"standard","meta":{"_acf_changed":false,"_monsterinsights_skip_tracking":false,"_monsterinsights_sitenote_active":false,"_monsterinsights_sitenote_note":"","_monsterinsights_sitenote_category":0,"_jetpack_memberships_contains_paid_content":false,"footnotes":"","jetpack_publicize_message":"","jetpack_publicize_feature_enabled":true,"jetpack_social_post_already_shared":true,"jetpack_social_options":{"image_generator_settings":{"template":"highway","default_image_id":0,"font":"","enabled":false},"version":2}},"categories":[1,3],"tags":[],"class_list":["post-40639","post","type-post","status-publish","format-standard","has-post-thumbnail","hentry","category-noticias","category-politica"],"acf":[],"jetpack_publicize_connections":[],"jetpack_featured_media_url":"https:\/\/i0.wp.com\/blogdoeloiltoncajuhy.com.br\/site\/wp-content\/uploads\/2020\/01\/DOE-BA.jpg?fit=488%2C325&ssl=1","jetpack_sharing_enabled":true,"publishpress_future_workflow_manual_trigger":{"enabledWorkflows":[]},"_links":{"self":[{"href":"https:\/\/blogdoeloiltoncajuhy.com.br\/site\/wp-json\/wp\/v2\/posts\/40639","targetHints":{"allow":["GET"]}}],"collection":[{"href":"https:\/\/blogdoeloiltoncajuhy.com.br\/site\/wp-json\/wp\/v2\/posts"}],"about":[{"href":"https:\/\/blogdoeloiltoncajuhy.com.br\/site\/wp-json\/wp\/v2\/types\/post"}],"author":[{"embeddable":true,"href":"https:\/\/blogdoeloiltoncajuhy.com.br\/site\/wp-json\/wp\/v2\/users\/2"}],"replies":[{"embeddable":true,"href":"https:\/\/blogdoeloiltoncajuhy.com.br\/site\/wp-json\/wp\/v2\/comments?post=40639"}],"version-history":[{"count":1,"href":"https:\/\/blogdoeloiltoncajuhy.com.br\/site\/wp-json\/wp\/v2\/posts\/40639\/revisions"}],"predecessor-version":[{"id":40641,"href":"https:\/\/blogdoeloiltoncajuhy.com.br\/site\/wp-json\/wp\/v2\/posts\/40639\/revisions\/40641"}],"wp:featuredmedia":[{"embeddable":true,"href":"https:\/\/blogdoeloiltoncajuhy.com.br\/site\/wp-json\/wp\/v2\/media\/40640"}],"wp:attachment":[{"href":"https:\/\/blogdoeloiltoncajuhy.com.br\/site\/wp-json\/wp\/v2\/media?parent=40639"}],"wp:term":[{"taxonomy":"category","embeddable":true,"href":"https:\/\/blogdoeloiltoncajuhy.com.br\/site\/wp-json\/wp\/v2\/categories?post=40639"},{"taxonomy":"post_tag","embeddable":true,"href":"https:\/\/blogdoeloiltoncajuhy.com.br\/site\/wp-json\/wp\/v2\/tags?post=40639"}],"curies":[{"name":"wp","href":"https:\/\/api.w.org\/{rel}","templated":true}]}}