{"id":40636,"date":"2020-01-24T11:17:00","date_gmt":"2020-01-24T14:17:00","guid":{"rendered":"http:\/\/blogdoeloiltoncajuhy.com.br\/site\/?p=40636"},"modified":"2020-01-24T11:17:06","modified_gmt":"2020-01-24T14:17:06","slug":"ecad-divulga-resultados-de-2019-e-ve-crescimento-no-segmento-musical","status":"publish","type":"post","link":"https:\/\/blogdoeloiltoncajuhy.com.br\/site\/ecad-divulga-resultados-de-2019-e-ve-crescimento-no-segmento-musical\/","title":{"rendered":"Ecad divulga resultados de 2019 e v\u00ea crescimento no segmento musical"},"content":{"rendered":"\n<h5 class=\"has-text-align-center wp-block-heading\"><em>O ranking de m\u00fasicas mais tocadas em shows teve o sertanejo, mais uma vez, como o grande destaque<\/em><\/h5>\n\n\n\n<p><strong>Imprensa Ecad<\/strong><\/p>\n\n\n\n<div class=\"wp-block-image\"><figure class=\"aligncenter size-large is-resized\"><img data-recalc-dims=\"1\" fetchpriority=\"high\" decoding=\"async\" src=\"https:\/\/i0.wp.com\/blogdoeloiltoncajuhy.com.br\/site\/wp-content\/uploads\/2015\/11\/m%C3%BAsica.jpg?resize=489%2C351\" alt=\"\" class=\"wp-image-5870\" width=\"489\" height=\"351\" srcset=\"https:\/\/i0.wp.com\/blogdoeloiltoncajuhy.com.br\/site\/wp-content\/uploads\/2015\/11\/m%C3%BAsica.jpg?w=450&amp;ssl=1 450w, https:\/\/i0.wp.com\/blogdoeloiltoncajuhy.com.br\/site\/wp-content\/uploads\/2015\/11\/m%C3%BAsica.jpg?resize=300%2C215&amp;ssl=1 300w, https:\/\/i0.wp.com\/blogdoeloiltoncajuhy.com.br\/site\/wp-content\/uploads\/2015\/11\/m%C3%BAsica.jpg?resize=250%2C179&amp;ssl=1 250w\" sizes=\"(max-width: 489px) 100vw, 489px\" \/><\/figure><\/div>\n\n\n\n<p>O mercado de direitos autorais da m\u00fasica continuou em crescimento no ano passado. Os resultados do Ecad (Escrit\u00f3rio Central de Arrecada\u00e7\u00e3o e Distribui\u00e7\u00e3o) mostram que houve um aumento de 17% no n\u00famero de beneficiados em compara\u00e7\u00e3o ao ano anterior. Em 2019, mais de 383 mil compositores, m\u00fasicos, int\u00e9rpretes, editoras, gravadoras e associa\u00e7\u00f5es de m\u00fasica receberam R$ 986,5 milh\u00f5es pela execu\u00e7\u00e3o p\u00fablica de suas m\u00fasicas.<\/p>\n\n\n\n<p>Do valor total distribu\u00eddo, 65% foram destinados ao repert\u00f3rio nacional, contribuindo para impulsionar a economia do pa\u00eds e movimentar a cadeia produtiva da m\u00fasica. O Ecad apurou ainda que o rendimento m\u00e9dio do artista nacional foi 13 vezes maior que o rendimento m\u00e9dio do artista estrangeiro no Brasil. Para a categoria autoral (autores e editoras), foram destinados 75% do total distribu\u00eddo; e os outros 25% foram repassados para as categorias de direitos conexos (int\u00e9rpretes, m\u00fasicos e produtores fonogr\u00e1ficos).<\/p>\n\n\n\n<p><em>\u201cCheguei ao Ecad no fim de 2019 e j\u00e1 pude perceber que os resultados dos \u00faltimos anos mostram que a empresa tem uma atua\u00e7\u00e3o cada vez mais ativa no Brasil e muito potencial para crescer, juntamente com o mercado musical. O Ecad \u00e9 o elo entre a m\u00fasica que toca e todos os que recebem o direito autoral\u201d<\/em>, disse a superintendente executiva da entidade, Isabel Amorim.<\/p>\n\n\n\n<p class=\"has-medium-font-size\"><strong>Segmentos em destaque<\/strong><\/p>\n\n\n\n<p>Os segmentos que mais cresceram no ano passado foram streaming de v\u00eddeo, com 48%; festa junina, com 24%; sonoriza\u00e7\u00e3o ambiental, com 15%; r\u00e1dios, com 9%; e TV por Assinatura, que cresceu 7% em compara\u00e7\u00e3o a 2018.<\/p>\n\n\n\n<p>Considerando toda a distribui\u00e7\u00e3o dos valores de 2019, o segmento de audiovisual (TV aberta, TV fechada, cinema e streaming de v\u00eddeo) se destacou, correspondendo a 48,5% do que foi repassado para os artistas e demais titulares.<\/p>\n\n\n\n<p class=\"has-medium-font-size\"><strong>Ranking das m\u00fasicas mais tocadas em shows em 2019<\/strong><\/p>\n\n\n\n<div class=\"wp-block-image\"><figure class=\"aligncenter size-large\"><img data-recalc-dims=\"1\" decoding=\"async\" width=\"800\" height=\"444\" src=\"https:\/\/i0.wp.com\/blogdoeloiltoncajuhy.com.br\/site\/wp-content\/uploads\/2020\/01\/felipe-araujo-1024x568-1.jpg?resize=800%2C444\" alt=\"\" class=\"wp-image-40637\" srcset=\"https:\/\/i0.wp.com\/blogdoeloiltoncajuhy.com.br\/site\/wp-content\/uploads\/2020\/01\/felipe-araujo-1024x568-1.jpg?w=1024&amp;ssl=1 1024w, https:\/\/i0.wp.com\/blogdoeloiltoncajuhy.com.br\/site\/wp-content\/uploads\/2020\/01\/felipe-araujo-1024x568-1.jpg?resize=300%2C166&amp;ssl=1 300w, https:\/\/i0.wp.com\/blogdoeloiltoncajuhy.com.br\/site\/wp-content\/uploads\/2020\/01\/felipe-araujo-1024x568-1.jpg?resize=768%2C426&amp;ssl=1 768w, https:\/\/i0.wp.com\/blogdoeloiltoncajuhy.com.br\/site\/wp-content\/uploads\/2020\/01\/felipe-araujo-1024x568-1.jpg?resize=250%2C139&amp;ssl=1 250w\" sizes=\"(max-width: 800px) 100vw, 800px\" \/><figcaption>Felipe Ara\u00fajo tamb\u00e9m foi campe\u00e3o do ECAD com a m\u00fasica &#8220;Atrasadinha&#8221; &#8211; Foto: Divulga\u00e7\u00e3o<\/figcaption><\/figure><\/div>\n\n\n\n<p>O Ecad tamb\u00e9m fechou o ranking das 10 m\u00fasicas mais tocadas em shows no ano passado. Em primeiro lugar, ficou o pagode &#8220;Atrasadinha&#8221;, can\u00e7\u00e3o gravada por Felipe Ara\u00fajo em parceria com Ferrugem. O estilo sertanejo foi, no entanto, o grande destaque de 2019, assim como no ano passado. Seis m\u00fasicas desse g\u00eanero ficaram entre as mais tocadas. Al\u00e9m disso, duas outras can\u00e7\u00f5es s\u00e3o uma mistura de sertanejo com outros ritmos, casos de \u201cJenifer\u201d e \u201cAmor Falso\u201d.<\/p>\n\n\n\n<figure class=\"wp-block-table\"><table class=\"\"><tbody><tr><td><strong>Posi\u00e7\u00e3o<\/strong><\/td><td><strong>M\u00fasicas<\/strong><\/td><td><strong>Autores<\/strong><\/td><\/tr><tr><td>1<\/td><td>Atrasadinha<\/td><td>Diego Bar\u00e3o\/Leo Brand\u00e3o\/Wynie Nogueira<\/td><\/tr><tr><td>2<\/td><td>Notifica\u00e7\u00e3o preferida<\/td><td>Vine Show\/Junior Gomes\/Os Parazim<\/td><\/tr><tr><td>3<\/td><td>Jenifer<\/td><td>Abel Junior\/Thawan Alves\/Junior Avelar\/Fred Willian\/Allef Alcino\/Thales Gui\/Joao Pala\/Leo Sousa<\/td><\/tr><tr><td>4<\/td><td>Cem mil<\/td><td>Tierry Coringa\/Gusttavo Lima<\/td><\/tr><tr><td>5<\/td><td>Propaganda<\/td><td>Marcia Ara\u00fajo\/Henrique Casttro\/Diego Silveira\/Os Parazim<\/td><\/tr><tr><td>6<\/td><td>Largado \u00e0s tra\u00e7as<\/td><td>Andr\u00e9 Vox\/Victor Hugo\/Philipe Pancadinha<\/td><\/tr><tr><td>7<\/td><td>Amor falso<\/td><td>Walber Cassio\/Felipe Ennzo\/Mc Rogerinho<\/td><\/tr><tr><td>8<\/td><td>Parado no bail\u00e3o<\/td><td>Cp\/Mc Gury\/Mc L Da Vinte<\/td><\/tr><tr><td>9<\/td><td>Evid\u00eancias<\/td><td>Jos\u00e9 Augusto\/Paulo Sergio Valle<\/td><\/tr><tr><td>10<\/td><td>Apelido carinhoso<\/td><td>Junior Angelim<\/td><\/tr><\/tbody><\/table><\/figure>\n","protected":false},"excerpt":{"rendered":"<p>O ranking de m\u00fasicas mais tocadas em shows teve o sertanejo, mais uma vez, como o grande destaque Imprensa Ecad O mercado de direitos autorais da m\u00fasica continuou em crescimento no ano passado. Os resultados do Ecad (Escrit\u00f3rio Central de Arrecada\u00e7\u00e3o e Distribui\u00e7\u00e3o) mostram que houve um aumento de 17% no n\u00famero de beneficiados em [&hellip;]<\/p>\n","protected":false},"author":2,"featured_media":40637,"comment_status":"open","ping_status":"open","sticky":false,"template":"","format":"standard","meta":{"_acf_changed":false,"_monsterinsights_skip_tracking":false,"_monsterinsights_sitenote_active":false,"_monsterinsights_sitenote_note":"","_monsterinsights_sitenote_category":0,"_jetpack_memberships_contains_paid_content":false,"footnotes":"","jetpack_publicize_message":"","jetpack_publicize_feature_enabled":true,"jetpack_social_post_already_shared":true,"jetpack_social_options":{"image_generator_settings":{"template":"highway","default_image_id":0,"font":"","enabled":false},"version":2}},"categories":[8,1],"tags":[],"class_list":["post-40636","post","type-post","status-publish","format-standard","has-post-thumbnail","hentry","category-cultura","category-noticias"],"acf":[],"jetpack_publicize_connections":[],"jetpack_featured_media_url":"https:\/\/i0.wp.com\/blogdoeloiltoncajuhy.com.br\/site\/wp-content\/uploads\/2020\/01\/felipe-araujo-1024x568-1.jpg?fit=1024%2C568&ssl=1","jetpack_sharing_enabled":true,"publishpress_future_workflow_manual_trigger":{"enabledWorkflows":[]},"_links":{"self":[{"href":"https:\/\/blogdoeloiltoncajuhy.com.br\/site\/wp-json\/wp\/v2\/posts\/40636","targetHints":{"allow":["GET"]}}],"collection":[{"href":"https:\/\/blogdoeloiltoncajuhy.com.br\/site\/wp-json\/wp\/v2\/posts"}],"about":[{"href":"https:\/\/blogdoeloiltoncajuhy.com.br\/site\/wp-json\/wp\/v2\/types\/post"}],"author":[{"embeddable":true,"href":"https:\/\/blogdoeloiltoncajuhy.com.br\/site\/wp-json\/wp\/v2\/users\/2"}],"replies":[{"embeddable":true,"href":"https:\/\/blogdoeloiltoncajuhy.com.br\/site\/wp-json\/wp\/v2\/comments?post=40636"}],"version-history":[{"count":1,"href":"https:\/\/blogdoeloiltoncajuhy.com.br\/site\/wp-json\/wp\/v2\/posts\/40636\/revisions"}],"predecessor-version":[{"id":40638,"href":"https:\/\/blogdoeloiltoncajuhy.com.br\/site\/wp-json\/wp\/v2\/posts\/40636\/revisions\/40638"}],"wp:featuredmedia":[{"embeddable":true,"href":"https:\/\/blogdoeloiltoncajuhy.com.br\/site\/wp-json\/wp\/v2\/media\/40637"}],"wp:attachment":[{"href":"https:\/\/blogdoeloiltoncajuhy.com.br\/site\/wp-json\/wp\/v2\/media?parent=40636"}],"wp:term":[{"taxonomy":"category","embeddable":true,"href":"https:\/\/blogdoeloiltoncajuhy.com.br\/site\/wp-json\/wp\/v2\/categories?post=40636"},{"taxonomy":"post_tag","embeddable":true,"href":"https:\/\/blogdoeloiltoncajuhy.com.br\/site\/wp-json\/wp\/v2\/tags?post=40636"}],"curies":[{"name":"wp","href":"https:\/\/api.w.org\/{rel}","templated":true}]}}