{"id":40633,"date":"2020-01-24T09:19:38","date_gmt":"2020-01-24T12:19:38","guid":{"rendered":"http:\/\/blogdoeloiltoncajuhy.com.br\/site\/?p=40633"},"modified":"2020-01-24T09:19:43","modified_gmt":"2020-01-24T12:19:43","slug":"revelado-pelo-internacional-de-tijuacu-atleta-esteve-na-copa-sao-paulo-de-futebol-jr","status":"publish","type":"post","link":"https:\/\/blogdoeloiltoncajuhy.com.br\/site\/revelado-pelo-internacional-de-tijuacu-atleta-esteve-na-copa-sao-paulo-de-futebol-jr\/","title":{"rendered":"Revelado pelo Internacional de Tijua\u00e7u, atleta esteve na Copa S\u00e3o Paulo de Futebol Jr."},"content":{"rendered":"\n<p><strong>BLOG DO ELOILTON CAJUHY<\/strong><\/p>\n\n\n\n<div class=\"wp-block-image\"><figure class=\"aligncenter size-large is-resized\"><img fetchpriority=\"high\" decoding=\"async\" src=\"https:\/\/i1.wp.com\/blogdoeloiltoncajuhy.com.br\/site\/wp-content\/uploads\/2020\/01\/MatheusNegueba.jpg?fit=576%2C1024\" alt=\"\" class=\"wp-image-40634\" width=\"288\" height=\"512\" srcset=\"https:\/\/i0.wp.com\/blogdoeloiltoncajuhy.com.br\/site\/wp-content\/uploads\/2020\/01\/MatheusNegueba.jpg?w=720&amp;ssl=1 720w, https:\/\/i0.wp.com\/blogdoeloiltoncajuhy.com.br\/site\/wp-content\/uploads\/2020\/01\/MatheusNegueba.jpg?resize=169%2C300&amp;ssl=1 169w, https:\/\/i0.wp.com\/blogdoeloiltoncajuhy.com.br\/site\/wp-content\/uploads\/2020\/01\/MatheusNegueba.jpg?resize=576%2C1024&amp;ssl=1 576w, https:\/\/i0.wp.com\/blogdoeloiltoncajuhy.com.br\/site\/wp-content\/uploads\/2020\/01\/MatheusNegueba.jpg?resize=141%2C250&amp;ssl=1 141w\" sizes=\"(max-width: 288px) 100vw, 288px\" \/><\/figure><\/div>\n\n\n\n<p>O jovem atleta Matheus Negueba de Tijua\u00e7u, interior de Senhor do Bonfim, participou da Copa S\u00e3o Paulo de Futebol Jr., atuando pela equipe do Cana\u00e3 da cidade de Irec\u00ea. Segundo informa\u00e7\u00f5es do vereador Carlos de Tijua\u00e7u, Matheus foi revelado pelo Internacional no Campeonato Bonfinense do ano passado.<\/p>\n\n\n\n<p>Depois de se destacar na Sele\u00e7\u00e3o Bonfinense no \u00faltimo Intermunicipal, o jogador foi para o Cana\u00e3 de Irec\u00ea que disputou a copinha. Apesar de ter sido eliminado na primeira fase da competi\u00e7\u00e3o, o Cana\u00e3 deixou uma boa impress\u00e3o.<\/p>\n\n\n\n<p>O time de Irec\u00ea ficou no Grupo 31 e jogou contra Cear\u00e1, S\u00e3o Caetano e Nacional de S\u00e3o Paulo. A equipe marcou 3 gols na competi\u00e7\u00e3o.<\/p>\n","protected":false},"excerpt":{"rendered":"<p>BLOG DO ELOILTON CAJUHY O jovem atleta Matheus Negueba de Tijua\u00e7u, interior de Senhor do Bonfim, participou da Copa S\u00e3o Paulo de Futebol Jr., atuando pela equipe do Cana\u00e3 da cidade de Irec\u00ea. Segundo informa\u00e7\u00f5es do vereador Carlos de Tijua\u00e7u, Matheus foi revelado pelo Internacional no Campeonato Bonfinense do ano passado. Depois de se destacar [&hellip;]<\/p>\n","protected":false},"author":2,"featured_media":40634,"comment_status":"open","ping_status":"open","sticky":false,"template":"","format":"standard","meta":{"_acf_changed":false,"_monsterinsights_skip_tracking":false,"_monsterinsights_sitenote_active":false,"_monsterinsights_sitenote_note":"","_monsterinsights_sitenote_category":0,"_jetpack_memberships_contains_paid_content":false,"footnotes":"","jetpack_publicize_message":"","jetpack_publicize_feature_enabled":true,"jetpack_social_post_already_shared":true,"jetpack_social_options":{"image_generator_settings":{"template":"highway","default_image_id":0,"font":"","enabled":false},"version":2}},"categories":[6,1,4],"tags":[],"class_list":["post-40633","post","type-post","status-publish","format-standard","has-post-thumbnail","hentry","category-esportes","category-noticias","category-local"],"acf":[],"jetpack_publicize_connections":[],"jetpack_featured_media_url":"https:\/\/i0.wp.com\/blogdoeloiltoncajuhy.com.br\/site\/wp-content\/uploads\/2020\/01\/MatheusNegueba.jpg?fit=720%2C1280&ssl=1","jetpack_sharing_enabled":true,"publishpress_future_workflow_manual_trigger":{"enabledWorkflows":[]},"_links":{"self":[{"href":"https:\/\/blogdoeloiltoncajuhy.com.br\/site\/wp-json\/wp\/v2\/posts\/40633","targetHints":{"allow":["GET"]}}],"collection":[{"href":"https:\/\/blogdoeloiltoncajuhy.com.br\/site\/wp-json\/wp\/v2\/posts"}],"about":[{"href":"https:\/\/blogdoeloiltoncajuhy.com.br\/site\/wp-json\/wp\/v2\/types\/post"}],"author":[{"embeddable":true,"href":"https:\/\/blogdoeloiltoncajuhy.com.br\/site\/wp-json\/wp\/v2\/users\/2"}],"replies":[{"embeddable":true,"href":"https:\/\/blogdoeloiltoncajuhy.com.br\/site\/wp-json\/wp\/v2\/comments?post=40633"}],"version-history":[{"count":1,"href":"https:\/\/blogdoeloiltoncajuhy.com.br\/site\/wp-json\/wp\/v2\/posts\/40633\/revisions"}],"predecessor-version":[{"id":40635,"href":"https:\/\/blogdoeloiltoncajuhy.com.br\/site\/wp-json\/wp\/v2\/posts\/40633\/revisions\/40635"}],"wp:featuredmedia":[{"embeddable":true,"href":"https:\/\/blogdoeloiltoncajuhy.com.br\/site\/wp-json\/wp\/v2\/media\/40634"}],"wp:attachment":[{"href":"https:\/\/blogdoeloiltoncajuhy.com.br\/site\/wp-json\/wp\/v2\/media?parent=40633"}],"wp:term":[{"taxonomy":"category","embeddable":true,"href":"https:\/\/blogdoeloiltoncajuhy.com.br\/site\/wp-json\/wp\/v2\/categories?post=40633"},{"taxonomy":"post_tag","embeddable":true,"href":"https:\/\/blogdoeloiltoncajuhy.com.br\/site\/wp-json\/wp\/v2\/tags?post=40633"}],"curies":[{"name":"wp","href":"https:\/\/api.w.org\/{rel}","templated":true}]}}