{"id":40628,"date":"2020-01-23T21:35:09","date_gmt":"2020-01-24T00:35:09","guid":{"rendered":"http:\/\/blogdoeloiltoncajuhy.com.br\/site\/?p=40628"},"modified":"2020-01-23T21:35:15","modified_gmt":"2020-01-24T00:35:15","slug":"prefeitura-de-jaguarari-adia-entrega-de-psf-devido-a-previsao-de-chuva","status":"publish","type":"post","link":"https:\/\/blogdoeloiltoncajuhy.com.br\/site\/prefeitura-de-jaguarari-adia-entrega-de-psf-devido-a-previsao-de-chuva\/","title":{"rendered":"Prefeitura de Jaguarari adia entrega de PSF devido \u00e0 previs\u00e3o de chuva"},"content":{"rendered":"\n<p><strong>ASCOM \u2013 Prefeitura de Jaguarari-BA<\/strong><\/p>\n\n\n\n<div class=\"wp-block-image\"><figure class=\"aligncenter size-large is-resized\"><img data-recalc-dims=\"1\" fetchpriority=\"high\" decoding=\"async\" src=\"https:\/\/i0.wp.com\/blogdoeloiltoncajuhy.com.br\/site\/wp-content\/uploads\/2020\/01\/PMJ_InaugPSF-SerraMorgadosAdiada.jpg?resize=417%2C456\" alt=\"\" class=\"wp-image-40629\" width=\"417\" height=\"456\" srcset=\"https:\/\/i0.wp.com\/blogdoeloiltoncajuhy.com.br\/site\/wp-content\/uploads\/2020\/01\/PMJ_InaugPSF-SerraMorgadosAdiada.jpg?w=834&amp;ssl=1 834w, https:\/\/i0.wp.com\/blogdoeloiltoncajuhy.com.br\/site\/wp-content\/uploads\/2020\/01\/PMJ_InaugPSF-SerraMorgadosAdiada.jpg?resize=275%2C300&amp;ssl=1 275w, https:\/\/i0.wp.com\/blogdoeloiltoncajuhy.com.br\/site\/wp-content\/uploads\/2020\/01\/PMJ_InaugPSF-SerraMorgadosAdiada.jpg?resize=768%2C839&amp;ssl=1 768w, https:\/\/i0.wp.com\/blogdoeloiltoncajuhy.com.br\/site\/wp-content\/uploads\/2020\/01\/PMJ_InaugPSF-SerraMorgadosAdiada.jpg?resize=229%2C250&amp;ssl=1 229w\" sizes=\"(max-width: 417px) 100vw, 417px\" \/><\/figure><\/div>\n\n\n\n<p>A prefeitura de Jaguarari, atrav\u00e9s da Secretaria de Sa\u00fade, informa a toda popula\u00e7\u00e3o que a entrega do Posto de Sa\u00fade de Serra dos Morgados, que aconteceria nesta sexta-feira (24), foi adiada devido \u00e0 previs\u00e3o de chuva. A entrega deste equipamento de sa\u00fade acontecer\u00e1 na pr\u00f3xima quinta-feira 30. Contamos com a compreens\u00e3o de todo!<\/p>\n\n\n\n<p><strong><em>Prefeitura de Jaguarari \u2013 Uma Cidade Para Todos<\/em>!<\/strong><\/p>\n","protected":false},"excerpt":{"rendered":"<p>ASCOM \u2013 Prefeitura de Jaguarari-BA A prefeitura de Jaguarari, atrav\u00e9s da Secretaria de Sa\u00fade, informa a toda popula\u00e7\u00e3o que a entrega do Posto de Sa\u00fade de Serra dos Morgados, que aconteceria nesta sexta-feira (24), foi adiada devido \u00e0 previs\u00e3o de chuva. A entrega deste equipamento de sa\u00fade acontecer\u00e1 na pr\u00f3xima quinta-feira 30. Contamos com a [&hellip;]<\/p>\n","protected":false},"author":2,"featured_media":40629,"comment_status":"open","ping_status":"open","sticky":false,"template":"","format":"standard","meta":{"_acf_changed":false,"_monsterinsights_skip_tracking":false,"_monsterinsights_sitenote_active":false,"_monsterinsights_sitenote_note":"","_monsterinsights_sitenote_category":0,"_jetpack_memberships_contains_paid_content":false,"footnotes":"","jetpack_publicize_message":"","jetpack_publicize_feature_enabled":true,"jetpack_social_post_already_shared":true,"jetpack_social_options":{"image_generator_settings":{"template":"highway","default_image_id":0,"font":"","enabled":false},"version":2}},"categories":[1,11,7],"tags":[],"class_list":["post-40628","post","type-post","status-publish","format-standard","has-post-thumbnail","hentry","category-noticias","category-regional","category-saude"],"acf":[],"jetpack_publicize_connections":[],"jetpack_featured_media_url":"https:\/\/i0.wp.com\/blogdoeloiltoncajuhy.com.br\/site\/wp-content\/uploads\/2020\/01\/PMJ_InaugPSF-SerraMorgadosAdiada.jpg?fit=834%2C911&ssl=1","jetpack_sharing_enabled":true,"publishpress_future_workflow_manual_trigger":{"enabledWorkflows":[]},"_links":{"self":[{"href":"https:\/\/blogdoeloiltoncajuhy.com.br\/site\/wp-json\/wp\/v2\/posts\/40628","targetHints":{"allow":["GET"]}}],"collection":[{"href":"https:\/\/blogdoeloiltoncajuhy.com.br\/site\/wp-json\/wp\/v2\/posts"}],"about":[{"href":"https:\/\/blogdoeloiltoncajuhy.com.br\/site\/wp-json\/wp\/v2\/types\/post"}],"author":[{"embeddable":true,"href":"https:\/\/blogdoeloiltoncajuhy.com.br\/site\/wp-json\/wp\/v2\/users\/2"}],"replies":[{"embeddable":true,"href":"https:\/\/blogdoeloiltoncajuhy.com.br\/site\/wp-json\/wp\/v2\/comments?post=40628"}],"version-history":[{"count":1,"href":"https:\/\/blogdoeloiltoncajuhy.com.br\/site\/wp-json\/wp\/v2\/posts\/40628\/revisions"}],"predecessor-version":[{"id":40630,"href":"https:\/\/blogdoeloiltoncajuhy.com.br\/site\/wp-json\/wp\/v2\/posts\/40628\/revisions\/40630"}],"wp:featuredmedia":[{"embeddable":true,"href":"https:\/\/blogdoeloiltoncajuhy.com.br\/site\/wp-json\/wp\/v2\/media\/40629"}],"wp:attachment":[{"href":"https:\/\/blogdoeloiltoncajuhy.com.br\/site\/wp-json\/wp\/v2\/media?parent=40628"}],"wp:term":[{"taxonomy":"category","embeddable":true,"href":"https:\/\/blogdoeloiltoncajuhy.com.br\/site\/wp-json\/wp\/v2\/categories?post=40628"},{"taxonomy":"post_tag","embeddable":true,"href":"https:\/\/blogdoeloiltoncajuhy.com.br\/site\/wp-json\/wp\/v2\/tags?post=40628"}],"curies":[{"name":"wp","href":"https:\/\/api.w.org\/{rel}","templated":true}]}}