{"id":40621,"date":"2020-01-23T21:10:13","date_gmt":"2020-01-24T00:10:13","guid":{"rendered":"http:\/\/blogdoeloiltoncajuhy.com.br\/site\/?p=40621"},"modified":"2020-01-23T21:10:19","modified_gmt":"2020-01-24T00:10:19","slug":"integrante-de-faccao-criminosa-da-bahia-investigado-por-23-assassinatos-e-preso-em-jundiai","status":"publish","type":"post","link":"https:\/\/blogdoeloiltoncajuhy.com.br\/site\/integrante-de-faccao-criminosa-da-bahia-investigado-por-23-assassinatos-e-preso-em-jundiai\/","title":{"rendered":"Integrante de fac\u00e7\u00e3o criminosa da Bahia investigado por 23 assassinatos \u00e9 preso em Jundia\u00ed"},"content":{"rendered":"\n<h5 class=\"has-text-align-center wp-block-heading\"><em>De acordo com a Pol\u00edcia Civil, suspeito era foragido da Justi\u00e7a por assassinato; alguns dos crimes investigados tinham sinais de crueldade, como mutila\u00e7\u00f5es e decapita\u00e7\u00f5es<\/em><\/h5>\n\n\n\n<p><strong>Por G1 Sorocaba e Jundia\u00ed<\/strong><\/p>\n\n\n\n<div class=\"wp-block-image\"><figure class=\"aligncenter size-large is-resized\"><img data-recalc-dims=\"1\" fetchpriority=\"high\" decoding=\"async\" src=\"https:\/\/i0.wp.com\/blogdoeloiltoncajuhy.com.br\/site\/wp-content\/uploads\/2020\/01\/HomemAlgemado.jpg?resize=415%2C374\" alt=\"\" class=\"wp-image-40622\" width=\"415\" height=\"374\" srcset=\"https:\/\/i0.wp.com\/blogdoeloiltoncajuhy.com.br\/site\/wp-content\/uploads\/2020\/01\/HomemAlgemado.jpg?w=665&amp;ssl=1 665w, https:\/\/i0.wp.com\/blogdoeloiltoncajuhy.com.br\/site\/wp-content\/uploads\/2020\/01\/HomemAlgemado.jpg?resize=300%2C271&amp;ssl=1 300w, https:\/\/i0.wp.com\/blogdoeloiltoncajuhy.com.br\/site\/wp-content\/uploads\/2020\/01\/HomemAlgemado.jpg?resize=250%2C226&amp;ssl=1 250w\" sizes=\"(max-width: 415px) 100vw, 415px\" \/><figcaption>Imagem ilustrativa<\/figcaption><\/figure><\/div>\n\n\n\n<p>Um dos integrantes de uma fac\u00e7\u00e3o criminosa que atua na regi\u00e3o nordeste do Brasil foi preso em Jundia\u00ed (SP) na quarta-feira (22). Segundo a Pol\u00edcia Civil, suspeito \u00e9 foragido da Justi\u00e7a e investigado em mais de 20 homic\u00eddios, alguns deles com sinais de crueldade.<\/p>\n\n\n\n<p>De acordo com a Pol\u00edcia Militar, uma equipe que fazia patrulhamento no bairro \u00c1gua Doce encontrou algumas pessoas em atitude suspeita. Durante a abordagem, um homem afirmou que estava procurando trabalho na cidade, mas que n\u00e3o havia trazido a carteira de trabalho da Bahia.<\/p>\n\n\n\n<p>Em seguida, os policiais fizeram pesquisas sobre o suspeito e constataram que ele era um dos criminosos mais procurados do estado baiano.<\/p>\n\n\n\n<p>Ainda conforme a pol\u00edcia, a equipe fez contato com a Pol\u00edcia Civil da Bahia, que informou que o homem, de 26 anos, \u00e9 um dos chefes de uma fac\u00e7\u00e3o criminosa.<\/p>\n\n\n\n<p>A pol\u00edcia tamb\u00e9m afirmou que ele possu\u00eda um pedido de pris\u00e3o em aberto por homic\u00eddio e que era investigado por 23 assassinatos, sendo alguns com mutila\u00e7\u00f5es e decapita\u00e7\u00f5es.<\/p>\n\n\n\n<p>O homem foi encaminhado \u00e0 delegacia de Jundia\u00ed, onde foram confirmadas as informa\u00e7\u00f5es, e permaneceu \u00e0 disposi\u00e7\u00e3o da Justi\u00e7a.<\/p>\n","protected":false},"excerpt":{"rendered":"<p>De acordo com a Pol\u00edcia Civil, suspeito era foragido da Justi\u00e7a por assassinato; alguns dos crimes investigados tinham sinais de crueldade, como mutila\u00e7\u00f5es e decapita\u00e7\u00f5es Por G1 Sorocaba e Jundia\u00ed Um dos integrantes de uma fac\u00e7\u00e3o criminosa que atua na regi\u00e3o nordeste do Brasil foi preso em Jundia\u00ed (SP) na quarta-feira (22). Segundo a Pol\u00edcia [&hellip;]<\/p>\n","protected":false},"author":2,"featured_media":40622,"comment_status":"open","ping_status":"open","sticky":false,"template":"","format":"standard","meta":{"_acf_changed":false,"_monsterinsights_skip_tracking":false,"_monsterinsights_sitenote_active":false,"_monsterinsights_sitenote_note":"","_monsterinsights_sitenote_category":0,"_jetpack_memberships_contains_paid_content":false,"footnotes":"","jetpack_publicize_message":"","jetpack_publicize_feature_enabled":true,"jetpack_social_post_already_shared":true,"jetpack_social_options":{"image_generator_settings":{"template":"highway","default_image_id":0,"font":"","enabled":false},"version":2}},"categories":[5,1],"tags":[],"class_list":["post-40621","post","type-post","status-publish","format-standard","has-post-thumbnail","hentry","category-cotidiano","category-noticias"],"acf":[],"jetpack_publicize_connections":[],"jetpack_featured_media_url":"https:\/\/i0.wp.com\/blogdoeloiltoncajuhy.com.br\/site\/wp-content\/uploads\/2020\/01\/HomemAlgemado.jpg?fit=665%2C600&ssl=1","jetpack_sharing_enabled":true,"publishpress_future_workflow_manual_trigger":{"enabledWorkflows":[]},"_links":{"self":[{"href":"https:\/\/blogdoeloiltoncajuhy.com.br\/site\/wp-json\/wp\/v2\/posts\/40621","targetHints":{"allow":["GET"]}}],"collection":[{"href":"https:\/\/blogdoeloiltoncajuhy.com.br\/site\/wp-json\/wp\/v2\/posts"}],"about":[{"href":"https:\/\/blogdoeloiltoncajuhy.com.br\/site\/wp-json\/wp\/v2\/types\/post"}],"author":[{"embeddable":true,"href":"https:\/\/blogdoeloiltoncajuhy.com.br\/site\/wp-json\/wp\/v2\/users\/2"}],"replies":[{"embeddable":true,"href":"https:\/\/blogdoeloiltoncajuhy.com.br\/site\/wp-json\/wp\/v2\/comments?post=40621"}],"version-history":[{"count":1,"href":"https:\/\/blogdoeloiltoncajuhy.com.br\/site\/wp-json\/wp\/v2\/posts\/40621\/revisions"}],"predecessor-version":[{"id":40623,"href":"https:\/\/blogdoeloiltoncajuhy.com.br\/site\/wp-json\/wp\/v2\/posts\/40621\/revisions\/40623"}],"wp:featuredmedia":[{"embeddable":true,"href":"https:\/\/blogdoeloiltoncajuhy.com.br\/site\/wp-json\/wp\/v2\/media\/40622"}],"wp:attachment":[{"href":"https:\/\/blogdoeloiltoncajuhy.com.br\/site\/wp-json\/wp\/v2\/media?parent=40621"}],"wp:term":[{"taxonomy":"category","embeddable":true,"href":"https:\/\/blogdoeloiltoncajuhy.com.br\/site\/wp-json\/wp\/v2\/categories?post=40621"},{"taxonomy":"post_tag","embeddable":true,"href":"https:\/\/blogdoeloiltoncajuhy.com.br\/site\/wp-json\/wp\/v2\/tags?post=40621"}],"curies":[{"name":"wp","href":"https:\/\/api.w.org\/{rel}","templated":true}]}}