{"id":40616,"date":"2020-01-23T20:55:18","date_gmt":"2020-01-23T23:55:18","guid":{"rendered":"http:\/\/blogdoeloiltoncajuhy.com.br\/site\/?p=40616"},"modified":"2020-01-23T21:00:59","modified_gmt":"2020-01-24T00:00:59","slug":"prefeito-em-exercicio-visita-turma-do-curso-de-formacao-da-guarda-municipal-de-senhor-do-bonfim","status":"publish","type":"post","link":"https:\/\/blogdoeloiltoncajuhy.com.br\/site\/prefeito-em-exercicio-visita-turma-do-curso-de-formacao-da-guarda-municipal-de-senhor-do-bonfim\/","title":{"rendered":"Prefeito em exerc\u00edcio visita turma do curso de forma\u00e7\u00e3o da Guarda Municipal de Senhor do Bonfim"},"content":{"rendered":"\n<p><strong>ASCOM &#8211; Prefeitura de Senhor do Bonfim-BA<\/strong><\/p>\n\n\n\n<div class=\"wp-block-image\"><figure class=\"aligncenter size-large\"><img fetchpriority=\"high\" decoding=\"async\" width=\"1163\" height=\"654\" src=\"https:\/\/i0.wp.com\/blogdoeloiltoncajuhy.com.br\/site\/wp-content\/uploads\/2020\/01\/PMSB_VisitaCursoGM_01.jpg?fit=590%2C332\" alt=\"\" class=\"wp-image-40617\" srcset=\"https:\/\/i0.wp.com\/blogdoeloiltoncajuhy.com.br\/site\/wp-content\/uploads\/2020\/01\/PMSB_VisitaCursoGM_01.jpg?w=1163&amp;ssl=1 1163w, https:\/\/i0.wp.com\/blogdoeloiltoncajuhy.com.br\/site\/wp-content\/uploads\/2020\/01\/PMSB_VisitaCursoGM_01.jpg?resize=300%2C169&amp;ssl=1 300w, https:\/\/i0.wp.com\/blogdoeloiltoncajuhy.com.br\/site\/wp-content\/uploads\/2020\/01\/PMSB_VisitaCursoGM_01.jpg?resize=1024%2C576&amp;ssl=1 1024w, https:\/\/i0.wp.com\/blogdoeloiltoncajuhy.com.br\/site\/wp-content\/uploads\/2020\/01\/PMSB_VisitaCursoGM_01.jpg?resize=768%2C432&amp;ssl=1 768w, https:\/\/i0.wp.com\/blogdoeloiltoncajuhy.com.br\/site\/wp-content\/uploads\/2020\/01\/PMSB_VisitaCursoGM_01.jpg?resize=250%2C141&amp;ssl=1 250w\" sizes=\"(max-width: 800px) 100vw, 800px\" \/><\/figure><\/div>\n\n\n\n<p>O prefeito em exerc\u00edcio de Senhor do Bonfim, Jos\u00e9 Ant\u00f4nio, visitou na manh\u00e3 da \u00faltima ter\u00e7a-feira (21), os alunos do curso de forma\u00e7\u00e3o para novos integrantes da Guarda Civil Municipal (GCM), que est\u00e1 acontecendo nas depend\u00eancias da Faculdade Anhanguera.<\/p>\n\n\n\n<p>A capacita\u00e7\u00e3o tem dura\u00e7\u00e3o de 12 semanas e \u00e9 obrigat\u00f3ria para que os novos profissionais possam atuar pela Guarda Municipal. Durante visita, Z\u00e9 Ant\u00f4nio destacou a import\u00e2ncia do trabalho dos guardas municipais.<\/p>\n\n\n\n<p><em>\u201cEsse aperfei\u00e7oamento \u00e9 mais um passo desta miss\u00e3o que voc\u00eas escolheram seguir: a de servir a sociedade. Desejo que se sintam estimulados, perguntem, busquem informa\u00e7\u00f5es e se qualifiquem porque isso vai fazer toda a diferen\u00e7a para o futuro de voc\u00eas. Tenho certeza que teremos a melhor Guarda Municipal da Bahia\u201d<\/em>, parabenizou Z\u00e9 Ant\u00f4nio.<\/p>\n\n\n\n<div class=\"wp-block-image\"><figure class=\"aligncenter size-large is-resized\"><img data-recalc-dims=\"1\" decoding=\"async\" src=\"https:\/\/i0.wp.com\/blogdoeloiltoncajuhy.com.br\/site\/wp-content\/uploads\/2020\/01\/PMSB_VisitaCursoGM_02.jpg?resize=565%2C318\" alt=\"\" class=\"wp-image-40619\" width=\"565\" height=\"318\" srcset=\"https:\/\/i0.wp.com\/blogdoeloiltoncajuhy.com.br\/site\/wp-content\/uploads\/2020\/01\/PMSB_VisitaCursoGM_02.jpg?w=460&amp;ssl=1 460w, https:\/\/i0.wp.com\/blogdoeloiltoncajuhy.com.br\/site\/wp-content\/uploads\/2020\/01\/PMSB_VisitaCursoGM_02.jpg?resize=300%2C169&amp;ssl=1 300w, https:\/\/i0.wp.com\/blogdoeloiltoncajuhy.com.br\/site\/wp-content\/uploads\/2020\/01\/PMSB_VisitaCursoGM_02.jpg?resize=250%2C141&amp;ssl=1 250w\" sizes=\"(max-width: 565px) 100vw, 565px\" \/><\/figure><\/div>\n\n\n\n<p>Ao todo, 43 alunos est\u00e3o em forma\u00e7\u00e3o. Com esses novos formandos a corpora\u00e7\u00e3o passa a ter um efetivo de 85 servidores, e desses, cinco s\u00e3o mulheres. <em>\u201cA nossa expectativa \u00e9 que em breve a Guarda Municipal alcance um efetivo de 185 profissionais formados e capacitados para atuar\u201d<\/em>, afirmou o comandante da guarda, Cristiano Ramos.<\/p>\n\n\n\n<p>Esta \u00e9 a segunda turma de novos guardas municipais. O treinamento conta com atividades f\u00edsicas, aulas te\u00f3ricas e de atividades espec\u00edficas da corpora\u00e7\u00e3o.<\/p>\n\n\n\n<p>A capacita\u00e7\u00e3o est\u00e1 no terceiro modulo da grade curricular do curso, a previs\u00e3o \u00e9 de que seu t\u00e9rmino ocorra no dia 31 de janeiro.<\/p>\n\n\n\n<p><em>\u201cEsta forma\u00e7\u00e3o come\u00e7ou em 2015, mas decorrente do questionamento do Minist\u00e9rio P\u00fablico sobre a interpreta\u00e7\u00e3o da fun\u00e7\u00e3o de Vigia e Guarda municipal, somente agora estamos finalizando o curso\u201d<\/em>, ressaltou Cristiano.<\/p>\n","protected":false},"excerpt":{"rendered":"<p>ASCOM &#8211; Prefeitura de Senhor do Bonfim-BA O prefeito em exerc\u00edcio de Senhor do Bonfim, Jos\u00e9 Ant\u00f4nio, visitou na manh\u00e3 da \u00faltima ter\u00e7a-feira (21), os alunos do curso de forma\u00e7\u00e3o para novos integrantes da Guarda Civil Municipal (GCM), que est\u00e1 acontecendo nas depend\u00eancias da Faculdade Anhanguera. A capacita\u00e7\u00e3o tem dura\u00e7\u00e3o de 12 semanas e \u00e9 [&hellip;]<\/p>\n","protected":false},"author":2,"featured_media":40619,"comment_status":"open","ping_status":"open","sticky":false,"template":"","format":"standard","meta":{"_acf_changed":false,"_monsterinsights_skip_tracking":false,"_monsterinsights_sitenote_active":false,"_monsterinsights_sitenote_note":"","_monsterinsights_sitenote_category":0,"_jetpack_memberships_contains_paid_content":false,"footnotes":"","jetpack_publicize_message":"","jetpack_publicize_feature_enabled":true,"jetpack_social_post_already_shared":true,"jetpack_social_options":{"image_generator_settings":{"template":"highway","default_image_id":0,"font":"","enabled":false},"version":2}},"categories":[1,3,4],"tags":[],"class_list":["post-40616","post","type-post","status-publish","format-standard","has-post-thumbnail","hentry","category-noticias","category-politica","category-local"],"acf":[],"jetpack_publicize_connections":[],"jetpack_featured_media_url":"https:\/\/i0.wp.com\/blogdoeloiltoncajuhy.com.br\/site\/wp-content\/uploads\/2020\/01\/PMSB_VisitaCursoGM_02.jpg?fit=460%2C259&ssl=1","jetpack_sharing_enabled":true,"publishpress_future_workflow_manual_trigger":{"enabledWorkflows":[]},"_links":{"self":[{"href":"https:\/\/blogdoeloiltoncajuhy.com.br\/site\/wp-json\/wp\/v2\/posts\/40616","targetHints":{"allow":["GET"]}}],"collection":[{"href":"https:\/\/blogdoeloiltoncajuhy.com.br\/site\/wp-json\/wp\/v2\/posts"}],"about":[{"href":"https:\/\/blogdoeloiltoncajuhy.com.br\/site\/wp-json\/wp\/v2\/types\/post"}],"author":[{"embeddable":true,"href":"https:\/\/blogdoeloiltoncajuhy.com.br\/site\/wp-json\/wp\/v2\/users\/2"}],"replies":[{"embeddable":true,"href":"https:\/\/blogdoeloiltoncajuhy.com.br\/site\/wp-json\/wp\/v2\/comments?post=40616"}],"version-history":[{"count":2,"href":"https:\/\/blogdoeloiltoncajuhy.com.br\/site\/wp-json\/wp\/v2\/posts\/40616\/revisions"}],"predecessor-version":[{"id":40620,"href":"https:\/\/blogdoeloiltoncajuhy.com.br\/site\/wp-json\/wp\/v2\/posts\/40616\/revisions\/40620"}],"wp:featuredmedia":[{"embeddable":true,"href":"https:\/\/blogdoeloiltoncajuhy.com.br\/site\/wp-json\/wp\/v2\/media\/40619"}],"wp:attachment":[{"href":"https:\/\/blogdoeloiltoncajuhy.com.br\/site\/wp-json\/wp\/v2\/media?parent=40616"}],"wp:term":[{"taxonomy":"category","embeddable":true,"href":"https:\/\/blogdoeloiltoncajuhy.com.br\/site\/wp-json\/wp\/v2\/categories?post=40616"},{"taxonomy":"post_tag","embeddable":true,"href":"https:\/\/blogdoeloiltoncajuhy.com.br\/site\/wp-json\/wp\/v2\/tags?post=40616"}],"curies":[{"name":"wp","href":"https:\/\/api.w.org\/{rel}","templated":true}]}}