{"id":40614,"date":"2020-01-23T16:14:45","date_gmt":"2020-01-23T19:14:45","guid":{"rendered":"http:\/\/blogdoeloiltoncajuhy.com.br\/site\/?p=40614"},"modified":"2020-01-23T16:14:52","modified_gmt":"2020-01-23T19:14:52","slug":"sisu-e-prouni-conheca-os-pre-requisitos-e-documentos-necessarios-para-preparar-sua-candidatura","status":"publish","type":"post","link":"https:\/\/blogdoeloiltoncajuhy.com.br\/site\/sisu-e-prouni-conheca-os-pre-requisitos-e-documentos-necessarios-para-preparar-sua-candidatura\/","title":{"rendered":"SISU e PROUNI: Conhe\u00e7a os pr\u00e9-requisitos e documentos necess\u00e1rios para preparar sua candidatura"},"content":{"rendered":"\n<h5 class=\"has-text-align-center wp-block-heading\"><em>Nota no ENEM e renda mensal familiar s\u00e3o os principais pontos de aten\u00e7\u00e3o; Inscri\u00e7\u00f5es come\u00e7aram nesta ter\u00e7a, dia 21<\/em><\/h5>\n\n\n\n<p><strong>Deborah Macedo<\/strong><\/p>\n\n\n\n<figure class=\"wp-block-gallery aligncenter columns-2 is-cropped wp-block-gallery-1 is-layout-flex wp-block-gallery-is-layout-flex\"><ul class=\"blocks-gallery-grid\"><li class=\"blocks-gallery-item\"><figure><img data-recalc-dims=\"1\" fetchpriority=\"high\" decoding=\"async\" width=\"524\" height=\"338\" src=\"https:\/\/i0.wp.com\/blogdoeloiltoncajuhy.com.br\/site\/wp-content\/uploads\/2015\/12\/sisu.jpg?resize=524%2C338\" alt=\"\" data-id=\"6748\" data-full-url=\"http:\/\/blogdoeloiltoncajuhy.com.br\/site\/wp-content\/uploads\/2015\/12\/sisu.jpg\" data-link=\"http:\/\/blogdoeloiltoncajuhy.com.br\/site\/educacao-inscricoes-no-sisu-comecam-no-dia-11-de-janeiro\/sisu-2\/\" class=\"wp-image-6748\" srcset=\"https:\/\/i0.wp.com\/blogdoeloiltoncajuhy.com.br\/site\/wp-content\/uploads\/2015\/12\/sisu.jpg?w=524&amp;ssl=1 524w, https:\/\/i0.wp.com\/blogdoeloiltoncajuhy.com.br\/site\/wp-content\/uploads\/2015\/12\/sisu.jpg?resize=300%2C194&amp;ssl=1 300w, https:\/\/i0.wp.com\/blogdoeloiltoncajuhy.com.br\/site\/wp-content\/uploads\/2015\/12\/sisu.jpg?resize=250%2C161&amp;ssl=1 250w\" sizes=\"(max-width: 524px) 100vw, 524px\" \/><\/figure><\/li><li class=\"blocks-gallery-item\"><figure><img data-recalc-dims=\"1\" decoding=\"async\" width=\"480\" height=\"360\" src=\"https:\/\/i0.wp.com\/blogdoeloiltoncajuhy.com.br\/site\/wp-content\/uploads\/2017\/02\/prouni-2017-e1485962683990.jpg?resize=480%2C360\" alt=\"\" data-id=\"15139\" data-full-url=\"http:\/\/blogdoeloiltoncajuhy.com.br\/site\/wp-content\/uploads\/2017\/02\/prouni-2017-e1485962683990.jpg\" data-link=\"http:\/\/blogdoeloiltoncajuhy.com.br\/site\/educacao-prouni-oferece-13-mil-vagas-na-bahia-e-inscricoes-vao-ate-sexta-feira-veja\/prouni-2017\/\" class=\"wp-image-15139\"\/><\/figure><\/li><\/ul><\/figure>\n\n\n\n<p>A nota do ENEM foi divulgada e, com ela, \u00e9 dada a largada para a fase de inscri\u00e7\u00f5es em programas do governo federal para ingressar no ensino superior. Com o resultado da prova como principal integrante das inscri\u00e7\u00f5es, alguns estudantes deixam passar outros requisitos importantes para cada tipo de programa e n\u00e3o preparam os documentos necess\u00e1rios para a candidatura.<\/p>\n\n\n\n<p>Primeiros na agenda da educa\u00e7\u00e3o, o Sisu e o ProUni s\u00e3o dois dos mais concorridos e t\u00eam inscri\u00e7\u00f5es ainda neste m\u00eas de janeiro. O primeiro vai de 21 a 26, com resultado anunciado em 28; e o segundo, de 28 a 31, com resultados no dia 4 de fevereiro.<\/p>\n\n\n\n<p><em>\u201cTodo ano recebemos pedidos de cr\u00e9ditos de estudantes que confundiram os dias de inscri\u00e7\u00e3o\u201d<\/em>, pontua Rafael Baddini, s\u00f3cio-diretor do PRAVALER, maior fintech de solu\u00e7\u00f5es financeiras para educa\u00e7\u00e3o no Brasil. <em>\u201c\u00c9 importante ter certeza de que cumpre todos os requisitos e ter todos os documentos em m\u00e3os antes de iniciar a inscri\u00e7\u00e3o. O per\u00edodo para se candidatar \u00e9 curto e a competi\u00e7\u00e3o \u00e9 alta\u201d<\/em>, refor\u00e7a.<\/p>\n\n\n\n<p>Para quem deseja tentar uma vaga em algum desses programas, vale verificar a seguir todos os pr\u00e9-requisitos e documentos necess\u00e1rios de cada regulamento.<\/p>\n\n\n\n<p><strong>Sisu &#8211; Sistema de Sele\u00e7\u00e3o Unificada<\/strong><br>Inscri\u00e7\u00f5es: 21 a 26 de janeiro<\/p>\n\n\n\n<p>O candidato precisa ter feito o Enem 2019, sem ser na modalidade treineiro, e n\u00e3o ter obtido nota zero na reda\u00e7\u00e3o. Ap\u00f3s a inscri\u00e7\u00e3o, o sistema define a nota de corte de cada curso a partir da rela\u00e7\u00e3o nota\/candidatos.<\/p>\n\n\n\n<p>Al\u00e9m disso, todo ano o Sisu tem as \u201ca\u00e7\u00f5es afirmativas\u201d, que \u00e9 a reserva de uma parte de suas vagas para o sistema de cotas para alunos de escolas p\u00fablicas, pessoas de baixa renda, estudantes autodeclarados negros, pardos ou ind\u00edgenas, pessoas com defici\u00eancia, entre outros. Se voc\u00ea se candidatar a essas vagas, ser\u00e1 necess\u00e1rio levar documento de identidade comprovante no momento da matr\u00edcula.<\/p>\n\n\n\n<p>Para realizar a inscri\u00e7\u00e3o, o aluno deve ir diretamente no site oficial do Sisu, tendo em m\u00e3os CPF, n\u00famero de inscri\u00e7\u00e3o e a senha do ENEM do ano anterior (2019), al\u00e9m de comprovantes e documentos que podem variar de acordo com o curso escolhido. Certifique-se dos documentos de cada curso.<\/p>\n\n\n\n<p><strong>ProUni &#8211; Programa Universidade para Todos<\/strong><br>Inscri\u00e7\u00f5es: 28 a 31 de janeiro<\/p>\n\n\n\n<p>Os alunos que desejam tentar uma bolsa do ProUni em institui\u00e7\u00f5es privadas do ensino superior devem se atentar aos documentos necess\u00e1rios. Com mais requisitos do que o Sisu, a prepara\u00e7\u00e3o \u00e9 fundamental para fazer a inscri\u00e7\u00e3o com calma e tranquilidade.<\/p>\n\n\n\n<p>Al\u00e9m de ter realizado o ENEM com nota m\u00ednima de 450 pontos e n\u00e3o ter zerado a reda\u00e7\u00e3o, o aluno deve ter estudado em escola p\u00fablica, ou em privada na condi\u00e7\u00e3o de bolsista integral durante o Ensino M\u00e9dio, e n\u00e3o possuir diploma de n\u00edvel superior. Para concorrer \u00e0 bolsa integral (100%), \u00e9 preciso ter renda fam\u00edlia de at\u00e9 um sal\u00e1rio m\u00ednimo e meio por pessoa. J\u00e1 aos concorrentes de bolsa parcial (50%), a renda por pessoa pode ir at\u00e9 tr\u00eas sal\u00e1rios m\u00ednimos.<\/p>\n\n\n\n<p>No momento da inscri\u00e7\u00e3o, ser\u00e1 necess\u00e1rio ter em m\u00e3os apenas o CPF, n\u00famero de inscri\u00e7\u00e3o e senha cadastrado no site do ENEM. As comprova\u00e7\u00f5es de ensino m\u00e9dio e renda ser\u00e3o solicitadas no momento da matr\u00edcula, se o candidato for aprovado. Nesse momento, \u00e9 necess\u00e1rio levar o hist\u00f3rico escolar e demonstrativo de renda. Caso o aluno possua alguma defici\u00eancia, ser\u00e1 necess\u00e1rio apresentar comprova\u00e7\u00e3o no ato da matr\u00edcula.<\/p>\n\n\n\n<p>H\u00e1 uma segunda chance para os estudantes que n\u00e3o forem aprovados na primeira chamada do Sisu ou ProUni. As janelas de segunda chamada dos programas acontecem logo ap\u00f3s o resultado da primeira fase: no caso do Sisu, ela come\u00e7a no dia 29 e vai at\u00e9 04 de fevereiro; enquanto a do ProUni no 18 de fevereiro de 2020.<\/p>\n","protected":false},"excerpt":{"rendered":"<p>Nota no ENEM e renda mensal familiar s\u00e3o os principais pontos de aten\u00e7\u00e3o; Inscri\u00e7\u00f5es come\u00e7aram nesta ter\u00e7a, dia 21 Deborah Macedo A nota do ENEM foi divulgada e, com ela, \u00e9 dada a largada para a fase de inscri\u00e7\u00f5es em programas do governo federal para ingressar no ensino superior. Com o resultado da prova como [&hellip;]<\/p>\n","protected":false},"author":2,"featured_media":0,"comment_status":"open","ping_status":"open","sticky":false,"template":"","format":"standard","meta":{"_acf_changed":false,"_monsterinsights_skip_tracking":false,"_monsterinsights_sitenote_active":false,"_monsterinsights_sitenote_note":"","_monsterinsights_sitenote_category":0,"_jetpack_memberships_contains_paid_content":false,"footnotes":"","jetpack_publicize_message":"","jetpack_publicize_feature_enabled":true,"jetpack_social_post_already_shared":true,"jetpack_social_options":{"image_generator_settings":{"template":"highway","default_image_id":0,"font":"","enabled":false},"version":2}},"categories":[14,1],"tags":[],"class_list":["post-40614","post","type-post","status-publish","format-standard","hentry","category-educacao","category-noticias"],"acf":[],"jetpack_publicize_connections":[],"jetpack_featured_media_url":"","jetpack_sharing_enabled":true,"publishpress_future_workflow_manual_trigger":{"enabledWorkflows":[]},"_links":{"self":[{"href":"https:\/\/blogdoeloiltoncajuhy.com.br\/site\/wp-json\/wp\/v2\/posts\/40614","targetHints":{"allow":["GET"]}}],"collection":[{"href":"https:\/\/blogdoeloiltoncajuhy.com.br\/site\/wp-json\/wp\/v2\/posts"}],"about":[{"href":"https:\/\/blogdoeloiltoncajuhy.com.br\/site\/wp-json\/wp\/v2\/types\/post"}],"author":[{"embeddable":true,"href":"https:\/\/blogdoeloiltoncajuhy.com.br\/site\/wp-json\/wp\/v2\/users\/2"}],"replies":[{"embeddable":true,"href":"https:\/\/blogdoeloiltoncajuhy.com.br\/site\/wp-json\/wp\/v2\/comments?post=40614"}],"version-history":[{"count":1,"href":"https:\/\/blogdoeloiltoncajuhy.com.br\/site\/wp-json\/wp\/v2\/posts\/40614\/revisions"}],"predecessor-version":[{"id":40615,"href":"https:\/\/blogdoeloiltoncajuhy.com.br\/site\/wp-json\/wp\/v2\/posts\/40614\/revisions\/40615"}],"wp:attachment":[{"href":"https:\/\/blogdoeloiltoncajuhy.com.br\/site\/wp-json\/wp\/v2\/media?parent=40614"}],"wp:term":[{"taxonomy":"category","embeddable":true,"href":"https:\/\/blogdoeloiltoncajuhy.com.br\/site\/wp-json\/wp\/v2\/categories?post=40614"},{"taxonomy":"post_tag","embeddable":true,"href":"https:\/\/blogdoeloiltoncajuhy.com.br\/site\/wp-json\/wp\/v2\/tags?post=40614"}],"curies":[{"name":"wp","href":"https:\/\/api.w.org\/{rel}","templated":true}]}}