{"id":40611,"date":"2020-01-23T14:57:56","date_gmt":"2020-01-23T17:57:56","guid":{"rendered":"http:\/\/blogdoeloiltoncajuhy.com.br\/site\/?p=40611"},"modified":"2020-01-23T14:58:02","modified_gmt":"2020-01-23T17:58:02","slug":"nota-oficial","status":"publish","type":"post","link":"https:\/\/blogdoeloiltoncajuhy.com.br\/site\/nota-oficial\/","title":{"rendered":"NOTA OFICIAL"},"content":{"rendered":"\n<div class=\"wp-block-image\"><figure class=\"aligncenter size-large is-resized\"><img data-recalc-dims=\"1\" fetchpriority=\"high\" decoding=\"async\" src=\"https:\/\/i0.wp.com\/blogdoeloiltoncajuhy.com.br\/site\/wp-content\/uploads\/2020\/01\/PMJ_NotaOficial-02.jpg?resize=332%2C332\" alt=\"\" class=\"wp-image-40612\" width=\"332\" height=\"332\" srcset=\"https:\/\/i0.wp.com\/blogdoeloiltoncajuhy.com.br\/site\/wp-content\/uploads\/2020\/01\/PMJ_NotaOficial-02.jpg?w=960&amp;ssl=1 960w, https:\/\/i0.wp.com\/blogdoeloiltoncajuhy.com.br\/site\/wp-content\/uploads\/2020\/01\/PMJ_NotaOficial-02.jpg?resize=300%2C300&amp;ssl=1 300w, https:\/\/i0.wp.com\/blogdoeloiltoncajuhy.com.br\/site\/wp-content\/uploads\/2020\/01\/PMJ_NotaOficial-02.jpg?resize=150%2C150&amp;ssl=1 150w, https:\/\/i0.wp.com\/blogdoeloiltoncajuhy.com.br\/site\/wp-content\/uploads\/2020\/01\/PMJ_NotaOficial-02.jpg?resize=768%2C768&amp;ssl=1 768w, https:\/\/i0.wp.com\/blogdoeloiltoncajuhy.com.br\/site\/wp-content\/uploads\/2020\/01\/PMJ_NotaOficial-02.jpg?resize=250%2C250&amp;ssl=1 250w, https:\/\/i0.wp.com\/blogdoeloiltoncajuhy.com.br\/site\/wp-content\/uploads\/2020\/01\/PMJ_NotaOficial-02.jpg?resize=48%2C48&amp;ssl=1 48w\" sizes=\"(max-width: 332px) 100vw, 332px\" \/><\/figure><\/div>\n\n\n\n<p><em>Sobre as informa\u00e7\u00f5es fantasiosas e com conota\u00e7\u00e3o pol\u00edtica eleitoral propagadas por um blogueiro local que, inclusive, comete crimes previstos no C\u00f3digo Penal e Eleitoral, crimes estes que ser\u00e3o devidamente encaminhados \u00e0s autoridades competentes, onde se deve litigar tais atos, a Procuradoria Geral do Munic\u00edpio de Jaguarari, atrav\u00e9s deste Procurador Geral, passa a esclarecer os seguintes pontos:<\/em><\/p>\n\n\n\n<p><em>1) A licita\u00e7\u00e3o, ocorrida em junho de 2019, que tem como objeto aquisi\u00e7\u00e3o de pontos de \u00f4nibus pr\u00e9-moldados, na modalidade PREG\u00c3O PRESENCIAL, respeitou todo o regramento legal, da Lei Federal 10.520\/02 e legisla\u00e7\u00f5es complementares.<\/em><\/p>\n\n\n\n<p><em>2) A licita\u00e7\u00e3o teve ampla divulga\u00e7\u00e3o nacional, sendo publicada no Di\u00e1rio Oficial da Uni\u00e3o; Di\u00e1rio Oficial do Munic\u00edpio; e Jornal de Circula\u00e7\u00e3o Nacional &#8211; Correio.<\/em><\/p>\n\n\n\n<p><em>3) Diferentemente do que foi alegado, h\u00e1 no processo licitat\u00f3rio, que encontra-se na \u00edntegra no Tribunal de Contas dos Munic\u00edpios, TERMO DE REFER\u00caNCIA, minuta de edital, contrato e aprova\u00e7\u00e3o deste Procurador, com parecer jur\u00eddico para a publica\u00e7\u00e3o do certame (licita\u00e7\u00e3o);<\/em><\/p>\n\n\n\n<p><em>4) O edital ficou dispon\u00edvel por mais de 08 dias \u00fateis &#8211; respeitando-se um prazo mais do que a lei exige.<\/em><\/p>\n\n\n\n<p><em>5) No dia e hor\u00e1rio previstos em edital, a sess\u00e3o ocorreu sem altera\u00e7\u00f5es e a empresa vencedora cumpriu todo regramento edital\u00edcio e de Lei.<\/em><\/p>\n\n\n\n<p><em>6) H\u00e1, por parte de pessoas inescrupulosas, utiliza\u00e7\u00e3o de ano eleitoral para tentar tumultuar e gerar caos com fins escusos.<\/em><\/p>\n\n\n\n<p><em>7) A Prefeitura Municipal de Jaguarari respeita e acredita que os \u00f3rg\u00e3os fiscais e de controle n\u00e3o politizam e n\u00e3o aceitam serem usados para tais meios. Inclusive, a Justi\u00e7a e o Tribunal de Contas, recentemente, decidiram sobre atos nebulosos que tiraram a vontade e escolha do povo de Jaguarari.<\/em><\/p>\n\n\n\n<p><em>8) A empresa vencedora, tem at\u00e9 o dia 03\/07\/2020 para finalizar os pontos de \u00f4nibus e tudo est\u00e1 sendo monitorado e acompanhado por fiscais da Prefeitura Municipal.<\/em><\/p>\n\n\n\n<p><em>Por fim, a Prefeitura encontra-se \u00e0 disposi\u00e7\u00e3o e aberta a todos. As sess\u00f5es de licita\u00e7\u00f5es s\u00e3o p\u00fablicas e podem ser acompanhadas pelos vereadores, fiscais naturais, e\/ou qualquer cidad\u00e3o que assim desejar.<\/em><\/p>\n\n\n\n<p><em>Atenciosamente,<\/em><\/p>\n\n\n\n<p><em>Allan Abbehusen de Santana<br> Procurador Geral<br> Procuradoria Geral do Munic\u00edpio<\/em><\/p>\n","protected":false},"excerpt":{"rendered":"<p>Sobre as informa\u00e7\u00f5es fantasiosas e com conota\u00e7\u00e3o pol\u00edtica eleitoral propagadas por um blogueiro local que, inclusive, comete crimes previstos no C\u00f3digo Penal e Eleitoral, crimes estes que ser\u00e3o devidamente encaminhados \u00e0s autoridades competentes, onde se deve litigar tais atos, a Procuradoria Geral do Munic\u00edpio de Jaguarari, atrav\u00e9s deste Procurador Geral, passa a esclarecer os seguintes [&hellip;]<\/p>\n","protected":false},"author":2,"featured_media":40612,"comment_status":"open","ping_status":"open","sticky":false,"template":"","format":"standard","meta":{"_acf_changed":false,"_monsterinsights_skip_tracking":false,"_monsterinsights_sitenote_active":false,"_monsterinsights_sitenote_note":"","_monsterinsights_sitenote_category":0,"_jetpack_memberships_contains_paid_content":false,"footnotes":"","jetpack_publicize_message":"","jetpack_publicize_feature_enabled":true,"jetpack_social_post_already_shared":true,"jetpack_social_options":{"image_generator_settings":{"template":"highway","default_image_id":0,"font":"","enabled":false},"version":2}},"categories":[1,3,11],"tags":[],"class_list":["post-40611","post","type-post","status-publish","format-standard","has-post-thumbnail","hentry","category-noticias","category-politica","category-regional"],"acf":[],"jetpack_publicize_connections":[],"jetpack_featured_media_url":"https:\/\/i0.wp.com\/blogdoeloiltoncajuhy.com.br\/site\/wp-content\/uploads\/2020\/01\/PMJ_NotaOficial-02.jpg?fit=960%2C960&ssl=1","jetpack_sharing_enabled":true,"publishpress_future_workflow_manual_trigger":{"enabledWorkflows":[]},"_links":{"self":[{"href":"https:\/\/blogdoeloiltoncajuhy.com.br\/site\/wp-json\/wp\/v2\/posts\/40611","targetHints":{"allow":["GET"]}}],"collection":[{"href":"https:\/\/blogdoeloiltoncajuhy.com.br\/site\/wp-json\/wp\/v2\/posts"}],"about":[{"href":"https:\/\/blogdoeloiltoncajuhy.com.br\/site\/wp-json\/wp\/v2\/types\/post"}],"author":[{"embeddable":true,"href":"https:\/\/blogdoeloiltoncajuhy.com.br\/site\/wp-json\/wp\/v2\/users\/2"}],"replies":[{"embeddable":true,"href":"https:\/\/blogdoeloiltoncajuhy.com.br\/site\/wp-json\/wp\/v2\/comments?post=40611"}],"version-history":[{"count":1,"href":"https:\/\/blogdoeloiltoncajuhy.com.br\/site\/wp-json\/wp\/v2\/posts\/40611\/revisions"}],"predecessor-version":[{"id":40613,"href":"https:\/\/blogdoeloiltoncajuhy.com.br\/site\/wp-json\/wp\/v2\/posts\/40611\/revisions\/40613"}],"wp:featuredmedia":[{"embeddable":true,"href":"https:\/\/blogdoeloiltoncajuhy.com.br\/site\/wp-json\/wp\/v2\/media\/40612"}],"wp:attachment":[{"href":"https:\/\/blogdoeloiltoncajuhy.com.br\/site\/wp-json\/wp\/v2\/media?parent=40611"}],"wp:term":[{"taxonomy":"category","embeddable":true,"href":"https:\/\/blogdoeloiltoncajuhy.com.br\/site\/wp-json\/wp\/v2\/categories?post=40611"},{"taxonomy":"post_tag","embeddable":true,"href":"https:\/\/blogdoeloiltoncajuhy.com.br\/site\/wp-json\/wp\/v2\/tags?post=40611"}],"curies":[{"name":"wp","href":"https:\/\/api.w.org\/{rel}","templated":true}]}}