{"id":40601,"date":"2020-01-23T06:45:51","date_gmt":"2020-01-23T09:45:51","guid":{"rendered":"http:\/\/blogdoeloiltoncajuhy.com.br\/site\/?p=40601"},"modified":"2020-01-23T06:45:57","modified_gmt":"2020-01-23T09:45:57","slug":"secretaria-da-educacao-promove-encontro-formativo-para-a-realizacao-da-jornada-pedagogica","status":"publish","type":"post","link":"https:\/\/blogdoeloiltoncajuhy.com.br\/site\/secretaria-da-educacao-promove-encontro-formativo-para-a-realizacao-da-jornada-pedagogica\/","title":{"rendered":"Secretaria da Educa\u00e7\u00e3o promove encontro formativo para a realiza\u00e7\u00e3o da Jornada Pedag\u00f3gica"},"content":{"rendered":"\n<p><strong>Secom-BA<\/strong><\/p>\n\n\n\n<div class=\"wp-block-image\"><figure class=\"aligncenter size-large\"><img data-recalc-dims=\"1\" fetchpriority=\"high\" decoding=\"async\" width=\"800\" height=\"532\" src=\"https:\/\/i0.wp.com\/blogdoeloiltoncajuhy.com.br\/site\/wp-content\/uploads\/2020\/01\/PreparacaoJornadaPedagogica2020.jpg?resize=800%2C532\" alt=\"\" class=\"wp-image-40602\" srcset=\"https:\/\/i0.wp.com\/blogdoeloiltoncajuhy.com.br\/site\/wp-content\/uploads\/2020\/01\/PreparacaoJornadaPedagogica2020.jpg?w=800&amp;ssl=1 800w, https:\/\/i0.wp.com\/blogdoeloiltoncajuhy.com.br\/site\/wp-content\/uploads\/2020\/01\/PreparacaoJornadaPedagogica2020.jpg?resize=300%2C200&amp;ssl=1 300w, https:\/\/i0.wp.com\/blogdoeloiltoncajuhy.com.br\/site\/wp-content\/uploads\/2020\/01\/PreparacaoJornadaPedagogica2020.jpg?resize=768%2C511&amp;ssl=1 768w, https:\/\/i0.wp.com\/blogdoeloiltoncajuhy.com.br\/site\/wp-content\/uploads\/2020\/01\/PreparacaoJornadaPedagogica2020.jpg?resize=250%2C166&amp;ssl=1 250w\" sizes=\"(max-width: 800px) 100vw, 800px\" \/><figcaption>Foto: Josenildo Almeida<\/figcaption><\/figure><\/div>\n\n\n\n<p>T\u00e9cnicos e dirigentes da Secretaria da Educa\u00e7\u00e3o do Estado reuniram-se, nesta quarta-feira (22), no audit\u00f3rio da institui\u00e7\u00e3o, em Salvador, para discutir os \u00faltimos preparativos para a Jornada Pedag\u00f3gica 2020, que ser\u00e1 realizada de 3 a 7 de fevereiro, em todas as escolas da rede estadual de ensino, sob o tema <strong><em>&#8216;Ano An\u00edsio Teixeira: pela uni\u00e3o entre a educa\u00e7\u00e3o e a vida&#8217;<\/em><\/strong>. O encontro formativo teve o objetivo de planejar, \u00e0 luz dos diagn\u00f3sticos de 2019 e dos resultados alcan\u00e7ados, uma proposta coletiva e colaborativa da Jornada Pedag\u00f3gica, tendo como refer\u00eancia os princ\u00edpios anisianos.<\/p>\n\n\n\n<p>Os eixos e temas a serem trabalhados s\u00e3o: Curr\u00edculo, com abordagens sobre a Base Nacional Comum Curricular (BNCC); Documento Curricular Referencial da Bahia (DCRB); Novo Ensino M\u00e9dio e Forma\u00e7\u00e3o Humana Integral; Forma\u00e7\u00e3o, com discuss\u00f5es sobre Projetos Formativos e Metodologias Ativas; Acompanhamento, que trata da Gest\u00e3o Democr\u00e1tica; e Gest\u00e3o da Aprendizagem e Juventudes na Escola; al\u00e9m da Avalia\u00e7\u00e3o, com discuss\u00f5es sobre o Sistema de Avalia\u00e7\u00e3o Baiano de Educa\u00e7\u00e3o (Sabe), diretrizes da Secretaria da Educa\u00e7\u00e3o do Estado e desempenho acad\u00eamico.<\/p>\n\n\n\n<p>A atividade teve a presen\u00e7a do secret\u00e1rio da Educa\u00e7\u00e3o do Estado, Jer\u00f4nimo Rodrigues, que ressaltou a expectativa da rede estadual para a Jornada Pedag\u00f3gica. <em>\u201cIniciaremos, no dia 3, a Jornada Pedag\u00f3gica e a equipe j\u00e1 vem trabalhando neste desenho para que, em 2020, a gente possa ter o suporte necess\u00e1rio para toda a rede estadual no que diz respeito a praticar aquilo que entendemos como sendo o nosso plano executivo da aprendizagem na Bahia. Iremos organizar a funcionalidade e a pr\u00e1tica do Sabe, organizar nossos projetos culturais e envolver a nossa rela\u00e7\u00e3o em regime de colabora\u00e7\u00e3o com os munic\u00edpios, pois este tamb\u00e9m \u00e9 um momento de forma\u00e7\u00e3o para que a equipe saia daqui pronta para poder assessorar toda a rede na Bahia\u201d<\/em>. <\/p>\n\n\n\n<p>A superintendente de Pol\u00edticas para a Educa\u00e7\u00e3o B\u00e1sica da secretaria, Manuelita Falc\u00e3o Brito, destacou a finalidade da jornada. <em>\u201c\u00c9 uma a\u00e7\u00e3o muito estrat\u00e9gica e importante para a Educa\u00e7\u00e3o da Bahia, pois \u00e9 um momento em que a escola se re\u00fane antecipadamente para se planejar, debater e fazer uma an\u00e1lise cr\u00edtica do que deu certo no ano anterior, mas, sobretudo, olhar para frente e tentar fazer sempre o melhor. Esse ano, a gente trouxe algumas sugest\u00f5es de inova\u00e7\u00e3o, que \u00e9 a ideia de trabalharmos em cima dos quatro eixos pedag\u00f3gicos com o apoio do que a gente chama de caixas de ferramentas, que s\u00e3o materiais de apoios disponibilizados pela secretaria e que permitem ajudar as escolas no debate produtivo, em um processo de constru\u00e7\u00e3o coletiva que persiga o que \u00e9 mais importante, que \u00e9 o direito de aprender de cada estudante\u201d<\/em>, afirmou.<\/p>\n","protected":false},"excerpt":{"rendered":"<p>Secom-BA T\u00e9cnicos e dirigentes da Secretaria da Educa\u00e7\u00e3o do Estado reuniram-se, nesta quarta-feira (22), no audit\u00f3rio da institui\u00e7\u00e3o, em Salvador, para discutir os \u00faltimos preparativos para a Jornada Pedag\u00f3gica 2020, que ser\u00e1 realizada de 3 a 7 de fevereiro, em todas as escolas da rede estadual de ensino, sob o tema &#8216;Ano An\u00edsio Teixeira: pela [&hellip;]<\/p>\n","protected":false},"author":2,"featured_media":40602,"comment_status":"open","ping_status":"open","sticky":false,"template":"","format":"standard","meta":{"_acf_changed":false,"_monsterinsights_skip_tracking":false,"_monsterinsights_sitenote_active":false,"_monsterinsights_sitenote_note":"","_monsterinsights_sitenote_category":0,"_jetpack_memberships_contains_paid_content":false,"footnotes":"","jetpack_publicize_message":"","jetpack_publicize_feature_enabled":true,"jetpack_social_post_already_shared":true,"jetpack_social_options":{"image_generator_settings":{"template":"highway","default_image_id":0,"font":"","enabled":false},"version":2}},"categories":[14,1],"tags":[],"class_list":["post-40601","post","type-post","status-publish","format-standard","has-post-thumbnail","hentry","category-educacao","category-noticias"],"acf":[],"jetpack_publicize_connections":[],"jetpack_featured_media_url":"https:\/\/i0.wp.com\/blogdoeloiltoncajuhy.com.br\/site\/wp-content\/uploads\/2020\/01\/PreparacaoJornadaPedagogica2020.jpg?fit=800%2C532&ssl=1","jetpack_sharing_enabled":true,"publishpress_future_workflow_manual_trigger":{"enabledWorkflows":[]},"_links":{"self":[{"href":"https:\/\/blogdoeloiltoncajuhy.com.br\/site\/wp-json\/wp\/v2\/posts\/40601","targetHints":{"allow":["GET"]}}],"collection":[{"href":"https:\/\/blogdoeloiltoncajuhy.com.br\/site\/wp-json\/wp\/v2\/posts"}],"about":[{"href":"https:\/\/blogdoeloiltoncajuhy.com.br\/site\/wp-json\/wp\/v2\/types\/post"}],"author":[{"embeddable":true,"href":"https:\/\/blogdoeloiltoncajuhy.com.br\/site\/wp-json\/wp\/v2\/users\/2"}],"replies":[{"embeddable":true,"href":"https:\/\/blogdoeloiltoncajuhy.com.br\/site\/wp-json\/wp\/v2\/comments?post=40601"}],"version-history":[{"count":1,"href":"https:\/\/blogdoeloiltoncajuhy.com.br\/site\/wp-json\/wp\/v2\/posts\/40601\/revisions"}],"predecessor-version":[{"id":40603,"href":"https:\/\/blogdoeloiltoncajuhy.com.br\/site\/wp-json\/wp\/v2\/posts\/40601\/revisions\/40603"}],"wp:featuredmedia":[{"embeddable":true,"href":"https:\/\/blogdoeloiltoncajuhy.com.br\/site\/wp-json\/wp\/v2\/media\/40602"}],"wp:attachment":[{"href":"https:\/\/blogdoeloiltoncajuhy.com.br\/site\/wp-json\/wp\/v2\/media?parent=40601"}],"wp:term":[{"taxonomy":"category","embeddable":true,"href":"https:\/\/blogdoeloiltoncajuhy.com.br\/site\/wp-json\/wp\/v2\/categories?post=40601"},{"taxonomy":"post_tag","embeddable":true,"href":"https:\/\/blogdoeloiltoncajuhy.com.br\/site\/wp-json\/wp\/v2\/tags?post=40601"}],"curies":[{"name":"wp","href":"https:\/\/api.w.org\/{rel}","templated":true}]}}