{"id":40598,"date":"2020-01-23T06:29:24","date_gmt":"2020-01-23T09:29:24","guid":{"rendered":"http:\/\/blogdoeloiltoncajuhy.com.br\/site\/?p=40598"},"modified":"2020-01-23T06:29:31","modified_gmt":"2020-01-23T09:29:31","slug":"comunidade-de-serra-dos-morgados-recebe-nesta-sexta-feira-24-psf-totalmente-reformado","status":"publish","type":"post","link":"https:\/\/blogdoeloiltoncajuhy.com.br\/site\/comunidade-de-serra-dos-morgados-recebe-nesta-sexta-feira-24-psf-totalmente-reformado\/","title":{"rendered":"Comunidade de Serra dos Morgados recebe nesta sexta-feira 24, PSF totalmente reformado"},"content":{"rendered":"\n<p><strong>ASCOM \u2013 Prefeitura de Jaguarari-BA<\/strong><\/p>\n\n\n\n<div class=\"wp-block-image\"><figure class=\"aligncenter size-large is-resized\"><img fetchpriority=\"high\" decoding=\"async\" src=\"https:\/\/i1.wp.com\/blogdoeloiltoncajuhy.com.br\/site\/wp-content\/uploads\/2020\/01\/PMJ_InaugPSF-SerraMorgados.jpg?fit=590%2C645\" alt=\"\" class=\"wp-image-40599\" width=\"443\" height=\"484\" srcset=\"https:\/\/i0.wp.com\/blogdoeloiltoncajuhy.com.br\/site\/wp-content\/uploads\/2020\/01\/PMJ_InaugPSF-SerraMorgados.jpg?w=1027&amp;ssl=1 1027w, https:\/\/i0.wp.com\/blogdoeloiltoncajuhy.com.br\/site\/wp-content\/uploads\/2020\/01\/PMJ_InaugPSF-SerraMorgados.jpg?resize=275%2C300&amp;ssl=1 275w, https:\/\/i0.wp.com\/blogdoeloiltoncajuhy.com.br\/site\/wp-content\/uploads\/2020\/01\/PMJ_InaugPSF-SerraMorgados.jpg?resize=937%2C1024&amp;ssl=1 937w, https:\/\/i0.wp.com\/blogdoeloiltoncajuhy.com.br\/site\/wp-content\/uploads\/2020\/01\/PMJ_InaugPSF-SerraMorgados.jpg?resize=768%2C839&amp;ssl=1 768w, https:\/\/i0.wp.com\/blogdoeloiltoncajuhy.com.br\/site\/wp-content\/uploads\/2020\/01\/PMJ_InaugPSF-SerraMorgados.jpg?resize=229%2C250&amp;ssl=1 229w\" sizes=\"(max-width: 443px) 100vw, 443px\" \/><\/figure><\/div>\n\n\n\n<p>Tendo como uma de suas prioridades de governo a \u00e1rea da sa\u00fade e visando oferecer mais conforto, comodidade e melhores condi\u00e7\u00f5es aos moradores da localidade de Serra dos Morgados e adjac\u00eancias, a Prefeitura de Jaguarari, atrav\u00e9s da Secretaria de Sa\u00fade, reinaugura nesta sexta-feira (24) a Posto de Sa\u00fade da Fam\u00edlia &#8211; PSF na localidade.<\/p>\n\n\n\n<p>Durante a solenidade de entrega do equipamento de sa\u00fade a comunidade, ser\u00e3o ofertados diversos servi\u00e7os aos moradores, como:<br>\u2022 Aferi\u00e7\u00e3o de Press\u00e3o Arterial e Glicemia Capilar<br>\u2022 Atendimento com cl\u00ednico geral<br>\u2022 Exames laboratoriais de rotina<br>\u2022 Atendimento com fisioterapeuta (Ventosaterapia)<br>\u2022 Avalia\u00e7\u00e3o nutricional com c\u00e1lculo de IMC<br>\u2022 Atividade com Educador F\u00edsico<br>\u2022 Vacina\u00e7\u00e3o (\u00c9 necess\u00e1rio levar o cart\u00e3o do usu\u00e1rio)<\/p>\n","protected":false},"excerpt":{"rendered":"<p>ASCOM \u2013 Prefeitura de Jaguarari-BA Tendo como uma de suas prioridades de governo a \u00e1rea da sa\u00fade e visando oferecer mais conforto, comodidade e melhores condi\u00e7\u00f5es aos moradores da localidade de Serra dos Morgados e adjac\u00eancias, a Prefeitura de Jaguarari, atrav\u00e9s da Secretaria de Sa\u00fade, reinaugura nesta sexta-feira (24) a Posto de Sa\u00fade da Fam\u00edlia [&hellip;]<\/p>\n","protected":false},"author":2,"featured_media":40599,"comment_status":"open","ping_status":"open","sticky":false,"template":"","format":"standard","meta":{"_acf_changed":false,"_monsterinsights_skip_tracking":false,"_monsterinsights_sitenote_active":false,"_monsterinsights_sitenote_note":"","_monsterinsights_sitenote_category":0,"_jetpack_memberships_contains_paid_content":false,"footnotes":"","jetpack_publicize_message":"","jetpack_publicize_feature_enabled":true,"jetpack_social_post_already_shared":true,"jetpack_social_options":{"image_generator_settings":{"template":"highway","default_image_id":0,"font":"","enabled":false},"version":2}},"categories":[1,3,11],"tags":[],"class_list":["post-40598","post","type-post","status-publish","format-standard","has-post-thumbnail","hentry","category-noticias","category-politica","category-regional"],"acf":[],"jetpack_publicize_connections":[],"jetpack_featured_media_url":"https:\/\/i0.wp.com\/blogdoeloiltoncajuhy.com.br\/site\/wp-content\/uploads\/2020\/01\/PMJ_InaugPSF-SerraMorgados.jpg?fit=1027%2C1122&ssl=1","jetpack_sharing_enabled":true,"publishpress_future_workflow_manual_trigger":{"enabledWorkflows":[]},"_links":{"self":[{"href":"https:\/\/blogdoeloiltoncajuhy.com.br\/site\/wp-json\/wp\/v2\/posts\/40598","targetHints":{"allow":["GET"]}}],"collection":[{"href":"https:\/\/blogdoeloiltoncajuhy.com.br\/site\/wp-json\/wp\/v2\/posts"}],"about":[{"href":"https:\/\/blogdoeloiltoncajuhy.com.br\/site\/wp-json\/wp\/v2\/types\/post"}],"author":[{"embeddable":true,"href":"https:\/\/blogdoeloiltoncajuhy.com.br\/site\/wp-json\/wp\/v2\/users\/2"}],"replies":[{"embeddable":true,"href":"https:\/\/blogdoeloiltoncajuhy.com.br\/site\/wp-json\/wp\/v2\/comments?post=40598"}],"version-history":[{"count":1,"href":"https:\/\/blogdoeloiltoncajuhy.com.br\/site\/wp-json\/wp\/v2\/posts\/40598\/revisions"}],"predecessor-version":[{"id":40600,"href":"https:\/\/blogdoeloiltoncajuhy.com.br\/site\/wp-json\/wp\/v2\/posts\/40598\/revisions\/40600"}],"wp:featuredmedia":[{"embeddable":true,"href":"https:\/\/blogdoeloiltoncajuhy.com.br\/site\/wp-json\/wp\/v2\/media\/40599"}],"wp:attachment":[{"href":"https:\/\/blogdoeloiltoncajuhy.com.br\/site\/wp-json\/wp\/v2\/media?parent=40598"}],"wp:term":[{"taxonomy":"category","embeddable":true,"href":"https:\/\/blogdoeloiltoncajuhy.com.br\/site\/wp-json\/wp\/v2\/categories?post=40598"},{"taxonomy":"post_tag","embeddable":true,"href":"https:\/\/blogdoeloiltoncajuhy.com.br\/site\/wp-json\/wp\/v2\/tags?post=40598"}],"curies":[{"name":"wp","href":"https:\/\/api.w.org\/{rel}","templated":true}]}}