{"id":40548,"date":"2020-01-21T14:47:59","date_gmt":"2020-01-21T17:47:59","guid":{"rendered":"http:\/\/blogdoeloiltoncajuhy.com.br\/site\/?p=40548"},"modified":"2020-01-21T14:48:06","modified_gmt":"2020-01-21T17:48:06","slug":"eleicao-na-aba-nilson-pereira-e-reeleito-para-mais-um-mandato-na-associacao","status":"publish","type":"post","link":"https:\/\/blogdoeloiltoncajuhy.com.br\/site\/eleicao-na-aba-nilson-pereira-e-reeleito-para-mais-um-mandato-na-associacao\/","title":{"rendered":"Elei\u00e7\u00e3o na ABA: Nilson Pereira \u00e9 reeleito para mais um mandato na Associa\u00e7\u00e3o"},"content":{"rendered":"\n<p><strong>BLOG DO ELOILTON CAJUHY<\/strong><\/p>\n\n\n\n<div class=\"wp-block-image\"><figure class=\"aligncenter size-large is-resized\"><img fetchpriority=\"high\" decoding=\"async\" src=\"https:\/\/i0.wp.com\/blogdoeloiltoncajuhy.com.br\/site\/wp-content\/uploads\/2020\/01\/Elei\u00e7\u00e3oABA_Jan-2020.jpg?fit=590%2C443\" alt=\"\" class=\"wp-image-40549\" width=\"380\" height=\"285\" srcset=\"https:\/\/i0.wp.com\/blogdoeloiltoncajuhy.com.br\/site\/wp-content\/uploads\/2020\/01\/Elei%C3%A7%C3%A3oABA_Jan-2020.jpg?w=1280&amp;ssl=1 1280w, https:\/\/i0.wp.com\/blogdoeloiltoncajuhy.com.br\/site\/wp-content\/uploads\/2020\/01\/Elei%C3%A7%C3%A3oABA_Jan-2020.jpg?resize=300%2C225&amp;ssl=1 300w, https:\/\/i0.wp.com\/blogdoeloiltoncajuhy.com.br\/site\/wp-content\/uploads\/2020\/01\/Elei%C3%A7%C3%A3oABA_Jan-2020.jpg?resize=1024%2C768&amp;ssl=1 1024w, https:\/\/i0.wp.com\/blogdoeloiltoncajuhy.com.br\/site\/wp-content\/uploads\/2020\/01\/Elei%C3%A7%C3%A3oABA_Jan-2020.jpg?resize=768%2C576&amp;ssl=1 768w, https:\/\/i0.wp.com\/blogdoeloiltoncajuhy.com.br\/site\/wp-content\/uploads\/2020\/01\/Elei%C3%A7%C3%A3oABA_Jan-2020.jpg?resize=250%2C188&amp;ssl=1 250w\" sizes=\"(max-width: 380px) 100vw, 380px\" \/><\/figure><\/div>\n\n\n\n<p>Em pleito realizado no \u00faltimo dia 16 de janeiro, o atual presidente da Associa\u00e7\u00e3o Bonfinense de \u00c1rbitros (ABA), Nilson Pereira, foi reeleito para o bi\u00eanio 2020-2022, com uma vota\u00e7\u00e3o expressiva de aproximadamente 70% dos votos v\u00e1lidos.<\/p>\n\n\n\n<p>Nilson afirmou ap\u00f3s ser reeleito que <em>\u201cs\u00f3 nos resta agradecer a todos os membros da associa\u00e7\u00e3o que acreditam em nosso trabalho e continuaremos com a gest\u00e3o s\u00f3lida, democr\u00e1tica e transparente, buscando contribuir para o desenvolvimento do desporto de nossa cidade e regi\u00e3o. Agradecemos ainda a Secretaria de Desenvolvimento Econ\u00f4mico, Turismo e Esporte, atrav\u00e9s do secret\u00e1rio Carlos Carneiro, ao Comandante do 6\u00ba Batalh\u00e3o da Pol\u00edcia Militar e a Guarda Municipal&#8221;<\/em>.<\/p>\n\n\n\n<p class=\"has-medium-font-size\"><strong>Veja como ficou a forma\u00e7\u00e3o da diretoria da ABA:<\/strong><\/p>\n\n\n\n<p><strong>Presidente:<\/strong> Nilson Pereira<br><strong>Vice-presidente:<\/strong> Jackson Santana<br><strong>Primeiro Secret\u00e1rio:<\/strong> Johnson Oliveira<br><strong>Segunda secret\u00e1ria:<\/strong> Ma\u00edse Christina Moura<br><strong>Tesoureiro:<\/strong> Edson Cardoso<br><strong>Diretora financeira:<\/strong> Maria das Dores Sant&#8217;Ana<br><strong>Diretor de \u00e1rbitros:<\/strong> Javan Pereira<br><strong>Diretor de Marketing:<\/strong> Ney Wilson<\/p>\n","protected":false},"excerpt":{"rendered":"<p>BLOG DO ELOILTON CAJUHY Em pleito realizado no \u00faltimo dia 16 de janeiro, o atual presidente da Associa\u00e7\u00e3o Bonfinense de \u00c1rbitros (ABA), Nilson Pereira, foi reeleito para o bi\u00eanio 2020-2022, com uma vota\u00e7\u00e3o expressiva de aproximadamente 70% dos votos v\u00e1lidos. Nilson afirmou ap\u00f3s ser reeleito que \u201cs\u00f3 nos resta agradecer a todos os membros da [&hellip;]<\/p>\n","protected":false},"author":2,"featured_media":40549,"comment_status":"open","ping_status":"open","sticky":false,"template":"","format":"standard","meta":{"_acf_changed":false,"_monsterinsights_skip_tracking":false,"_monsterinsights_sitenote_active":false,"_monsterinsights_sitenote_note":"","_monsterinsights_sitenote_category":0,"_jetpack_memberships_contains_paid_content":false,"footnotes":"","jetpack_publicize_message":"","jetpack_publicize_feature_enabled":true,"jetpack_social_post_already_shared":true,"jetpack_social_options":{"image_generator_settings":{"template":"highway","default_image_id":0,"font":"","enabled":false},"version":2}},"categories":[6,1,4],"tags":[],"class_list":["post-40548","post","type-post","status-publish","format-standard","has-post-thumbnail","hentry","category-esportes","category-noticias","category-local"],"acf":[],"jetpack_publicize_connections":[],"jetpack_featured_media_url":"https:\/\/i0.wp.com\/blogdoeloiltoncajuhy.com.br\/site\/wp-content\/uploads\/2020\/01\/Elei%C3%A7%C3%A3oABA_Jan-2020.jpg?fit=1280%2C960&ssl=1","jetpack_sharing_enabled":true,"publishpress_future_workflow_manual_trigger":{"enabledWorkflows":[]},"_links":{"self":[{"href":"https:\/\/blogdoeloiltoncajuhy.com.br\/site\/wp-json\/wp\/v2\/posts\/40548","targetHints":{"allow":["GET"]}}],"collection":[{"href":"https:\/\/blogdoeloiltoncajuhy.com.br\/site\/wp-json\/wp\/v2\/posts"}],"about":[{"href":"https:\/\/blogdoeloiltoncajuhy.com.br\/site\/wp-json\/wp\/v2\/types\/post"}],"author":[{"embeddable":true,"href":"https:\/\/blogdoeloiltoncajuhy.com.br\/site\/wp-json\/wp\/v2\/users\/2"}],"replies":[{"embeddable":true,"href":"https:\/\/blogdoeloiltoncajuhy.com.br\/site\/wp-json\/wp\/v2\/comments?post=40548"}],"version-history":[{"count":1,"href":"https:\/\/blogdoeloiltoncajuhy.com.br\/site\/wp-json\/wp\/v2\/posts\/40548\/revisions"}],"predecessor-version":[{"id":40550,"href":"https:\/\/blogdoeloiltoncajuhy.com.br\/site\/wp-json\/wp\/v2\/posts\/40548\/revisions\/40550"}],"wp:featuredmedia":[{"embeddable":true,"href":"https:\/\/blogdoeloiltoncajuhy.com.br\/site\/wp-json\/wp\/v2\/media\/40549"}],"wp:attachment":[{"href":"https:\/\/blogdoeloiltoncajuhy.com.br\/site\/wp-json\/wp\/v2\/media?parent=40548"}],"wp:term":[{"taxonomy":"category","embeddable":true,"href":"https:\/\/blogdoeloiltoncajuhy.com.br\/site\/wp-json\/wp\/v2\/categories?post=40548"},{"taxonomy":"post_tag","embeddable":true,"href":"https:\/\/blogdoeloiltoncajuhy.com.br\/site\/wp-json\/wp\/v2\/tags?post=40548"}],"curies":[{"name":"wp","href":"https:\/\/api.w.org\/{rel}","templated":true}]}}