{"id":40545,"date":"2020-01-21T08:27:21","date_gmt":"2020-01-21T11:27:21","guid":{"rendered":"http:\/\/blogdoeloiltoncajuhy.com.br\/site\/?p=40545"},"modified":"2020-01-21T08:27:29","modified_gmt":"2020-01-21T11:27:29","slug":"apresentacao-artistica-em-meios-de-transporte-podera-ser-regulamentada","status":"publish","type":"post","link":"https:\/\/blogdoeloiltoncajuhy.com.br\/site\/apresentacao-artistica-em-meios-de-transporte-podera-ser-regulamentada\/","title":{"rendered":"Apresenta\u00e7\u00e3o art\u00edstica em meios de transporte poder\u00e1 ser regulamentada"},"content":{"rendered":"\n<h5 class=\"has-text-align-center wp-block-heading\"><em>A inciativa pretende dar visibilidade \u00e0 cultura local<\/em><\/h5>\n\n\n\n<p><strong>Pedro Pincer\/R\u00e1dio Senado<\/strong><\/p>\n\n\n\n<div class=\"wp-block-image\"><figure class=\"aligncenter size-large\"><img data-recalc-dims=\"1\" fetchpriority=\"high\" decoding=\"async\" width=\"677\" height=\"450\" src=\"https:\/\/i0.wp.com\/blogdoeloiltoncajuhy.com.br\/site\/wp-content\/uploads\/2020\/01\/Apresenta%C3%A7%C3%B5esArt%C3%ADsticasP%C3%BAblicas.jpeg?resize=677%2C450\" alt=\"\" class=\"wp-image-40546\" srcset=\"https:\/\/i0.wp.com\/blogdoeloiltoncajuhy.com.br\/site\/wp-content\/uploads\/2020\/01\/Apresenta%C3%A7%C3%B5esArt%C3%ADsticasP%C3%BAblicas.jpeg?w=677&amp;ssl=1 677w, https:\/\/i0.wp.com\/blogdoeloiltoncajuhy.com.br\/site\/wp-content\/uploads\/2020\/01\/Apresenta%C3%A7%C3%B5esArt%C3%ADsticasP%C3%BAblicas.jpeg?resize=300%2C199&amp;ssl=1 300w, https:\/\/i0.wp.com\/blogdoeloiltoncajuhy.com.br\/site\/wp-content\/uploads\/2020\/01\/Apresenta%C3%A7%C3%B5esArt%C3%ADsticasP%C3%BAblicas.jpeg?resize=250%2C166&amp;ssl=1 250w\" sizes=\"(max-width: 677px) 100vw, 677px\" \/><figcaption>Foto: Andre Borges\/Ag\u00eancia Bras\u00edlia<\/figcaption><\/figure><\/div>\n\n\n\n<p>Aguarda relator na Comiss\u00e3o de Constitui\u00e7\u00e3o e Justi\u00e7a, a qual caber\u00e1 decis\u00e3o terminativa, proposta do senador Veneziano Vital do R\u00eago, do PSB da Para\u00edba, que pretende regulamentar a pr\u00e1tica de apresenta\u00e7\u00f5es art\u00edsticas em transportes p\u00fablicos, terminais e esta\u00e7\u00f5es de \u00f4nibus e metr\u00f4.<\/p>\n\n\n\n<p>Pelo projeto de lei, a autoriza\u00e7\u00e3o expressa desses eventos n\u00e3o permite a cobran\u00e7a de cach\u00ea. A contribui\u00e7\u00e3o ser\u00e1 volunt\u00e1ria daqueles que quiserem incentivar os artistas. Veneziano disse que o projeto n\u00e3o dever\u00e1 criar regras r\u00edgidas, mas apenas garantir a legalidade da pr\u00e1tica para dar uma maior visibilidade e valoriza\u00e7\u00e3o da arte.<\/p>\n\n\n\n<p><em>&#8220;Regulamentar \u00e9 voc\u00ea estabelecer crit\u00e9rios, estabelecer normas para que uma express\u00e3o art\u00edstica, como essa, n\u00e3o se d\u00ea de uma forma sem os devidos e necess\u00e1rios cuidados. Agora a minha preocupa\u00e7\u00e3o maior, era exatamente n\u00e3o criar impedimentos e n\u00e3o criar limita\u00e7\u00f5es a esses verdadeiros artistas que tem nesses ambientes, que s\u00e3o p\u00fablicos, a oportunidade de expressar em as suas voca\u00e7\u00f5es art\u00edsticas&#8221;<\/em>.<\/p>\n\n\n\n<p>O senador disse que esses artistas poder\u00e3o ter gratuidade da passagem em transportes p\u00fablicos. Segundo ele, no entanto, o benef\u00edcio depender\u00e1 de uma lei aprovada pelos estados e munic\u00edpios. O projeto j\u00e1 foi aprovado na Comiss\u00e3o de Educa\u00e7\u00e3o e Cultura.<\/p>\n","protected":false},"excerpt":{"rendered":"<p>A inciativa pretende dar visibilidade \u00e0 cultura local Pedro Pincer\/R\u00e1dio Senado Aguarda relator na Comiss\u00e3o de Constitui\u00e7\u00e3o e Justi\u00e7a, a qual caber\u00e1 decis\u00e3o terminativa, proposta do senador Veneziano Vital do R\u00eago, do PSB da Para\u00edba, que pretende regulamentar a pr\u00e1tica de apresenta\u00e7\u00f5es art\u00edsticas em transportes p\u00fablicos, terminais e esta\u00e7\u00f5es de \u00f4nibus e metr\u00f4. Pelo projeto [&hellip;]<\/p>\n","protected":false},"author":2,"featured_media":40546,"comment_status":"open","ping_status":"open","sticky":false,"template":"","format":"standard","meta":{"_acf_changed":false,"_monsterinsights_skip_tracking":false,"_monsterinsights_sitenote_active":false,"_monsterinsights_sitenote_note":"","_monsterinsights_sitenote_category":0,"_jetpack_memberships_contains_paid_content":false,"footnotes":"","jetpack_publicize_message":"","jetpack_publicize_feature_enabled":true,"jetpack_social_post_already_shared":true,"jetpack_social_options":{"image_generator_settings":{"template":"highway","default_image_id":0,"font":"","enabled":false},"version":2}},"categories":[8,1,3],"tags":[],"class_list":["post-40545","post","type-post","status-publish","format-standard","has-post-thumbnail","hentry","category-cultura","category-noticias","category-politica"],"acf":[],"jetpack_publicize_connections":[],"jetpack_featured_media_url":"https:\/\/i0.wp.com\/blogdoeloiltoncajuhy.com.br\/site\/wp-content\/uploads\/2020\/01\/Apresenta%C3%A7%C3%B5esArt%C3%ADsticasP%C3%BAblicas.jpeg?fit=677%2C450&ssl=1","jetpack_sharing_enabled":true,"publishpress_future_workflow_manual_trigger":{"enabledWorkflows":[]},"_links":{"self":[{"href":"https:\/\/blogdoeloiltoncajuhy.com.br\/site\/wp-json\/wp\/v2\/posts\/40545","targetHints":{"allow":["GET"]}}],"collection":[{"href":"https:\/\/blogdoeloiltoncajuhy.com.br\/site\/wp-json\/wp\/v2\/posts"}],"about":[{"href":"https:\/\/blogdoeloiltoncajuhy.com.br\/site\/wp-json\/wp\/v2\/types\/post"}],"author":[{"embeddable":true,"href":"https:\/\/blogdoeloiltoncajuhy.com.br\/site\/wp-json\/wp\/v2\/users\/2"}],"replies":[{"embeddable":true,"href":"https:\/\/blogdoeloiltoncajuhy.com.br\/site\/wp-json\/wp\/v2\/comments?post=40545"}],"version-history":[{"count":1,"href":"https:\/\/blogdoeloiltoncajuhy.com.br\/site\/wp-json\/wp\/v2\/posts\/40545\/revisions"}],"predecessor-version":[{"id":40547,"href":"https:\/\/blogdoeloiltoncajuhy.com.br\/site\/wp-json\/wp\/v2\/posts\/40545\/revisions\/40547"}],"wp:featuredmedia":[{"embeddable":true,"href":"https:\/\/blogdoeloiltoncajuhy.com.br\/site\/wp-json\/wp\/v2\/media\/40546"}],"wp:attachment":[{"href":"https:\/\/blogdoeloiltoncajuhy.com.br\/site\/wp-json\/wp\/v2\/media?parent=40545"}],"wp:term":[{"taxonomy":"category","embeddable":true,"href":"https:\/\/blogdoeloiltoncajuhy.com.br\/site\/wp-json\/wp\/v2\/categories?post=40545"},{"taxonomy":"post_tag","embeddable":true,"href":"https:\/\/blogdoeloiltoncajuhy.com.br\/site\/wp-json\/wp\/v2\/tags?post=40545"}],"curies":[{"name":"wp","href":"https:\/\/api.w.org\/{rel}","templated":true}]}}