{"id":40510,"date":"2020-01-20T08:09:01","date_gmt":"2020-01-20T11:09:01","guid":{"rendered":"http:\/\/blogdoeloiltoncajuhy.com.br\/site\/?p=40510"},"modified":"2020-02-04T15:04:55","modified_gmt":"2020-02-04T18:04:55","slug":"filosofo-aponta-que-o-medo-da-mudanca-e-um-dos-principais-empecilhos-para-criar-novas-oportunidades","status":"publish","type":"post","link":"https:\/\/blogdoeloiltoncajuhy.com.br\/site\/filosofo-aponta-que-o-medo-da-mudanca-e-um-dos-principais-empecilhos-para-criar-novas-oportunidades\/","title":{"rendered":"Fil\u00f3sofo aponta que o medo da mudan\u00e7a \u00e9 um dos principais empecilhos para criar novas oportunidades"},"content":{"rendered":"\n<p><strong>MF Press Global<\/strong><\/p>\n\n\n\n<div class=\"wp-block-image\"><figure class=\"aligncenter size-large\"><img fetchpriority=\"high\" decoding=\"async\" width=\"1220\" height=\"686\" src=\"https:\/\/i1.wp.com\/blogdoeloiltoncajuhy.com.br\/site\/wp-content\/uploads\/2020\/01\/FabianoAbreu41.jpeg?fit=590%2C332\" alt=\"\" class=\"wp-image-40511\" srcset=\"https:\/\/i0.wp.com\/blogdoeloiltoncajuhy.com.br\/site\/wp-content\/uploads\/2020\/01\/FabianoAbreu41.jpeg?w=1220&amp;ssl=1 1220w, https:\/\/i0.wp.com\/blogdoeloiltoncajuhy.com.br\/site\/wp-content\/uploads\/2020\/01\/FabianoAbreu41.jpeg?resize=300%2C169&amp;ssl=1 300w, https:\/\/i0.wp.com\/blogdoeloiltoncajuhy.com.br\/site\/wp-content\/uploads\/2020\/01\/FabianoAbreu41.jpeg?resize=1024%2C576&amp;ssl=1 1024w, https:\/\/i0.wp.com\/blogdoeloiltoncajuhy.com.br\/site\/wp-content\/uploads\/2020\/01\/FabianoAbreu41.jpeg?resize=768%2C432&amp;ssl=1 768w, https:\/\/i0.wp.com\/blogdoeloiltoncajuhy.com.br\/site\/wp-content\/uploads\/2020\/01\/FabianoAbreu41.jpeg?resize=250%2C141&amp;ssl=1 250w\" sizes=\"(max-width: 800px) 100vw, 800px\" \/><figcaption>Foto: Contam Hist\u00f3rias<\/figcaption><\/figure><\/div>\n\n\n\n<p>A insatisfa\u00e7\u00e3o \u00e9 um dos sentimentos mais comuns desta era. Emprego, rela\u00e7\u00f5es e estilo de vida s\u00e3o exemplos de \u00e1reas onde o sentimento se instala e em muitos casos, pouco se faz para reverter a situa\u00e7\u00e3o.<\/p>\n\n\n\n<p>O escritor e fil\u00f3sofo Fabiano de Abreu aponta que o cultivo deste sentimento, mesmo havendo formas de revert\u00ea-lo, se deve a zona de conforto, que apesar do nome, pode n\u00e3o ter nada de confort\u00e1vel. H\u00e1 segundo ele uma predisposi\u00e7\u00e3o a se condicionar a problemas que poderiam facilmente ser resolvidos caso o indiv\u00edduo tomasse as r\u00e9deas da pr\u00f3pria vida e assumisse os riscos de se aventurar em novos espa\u00e7os.<\/p>\n\n\n\n<p>O grande problema \u00e9 que optar por abster-se da mudan\u00e7a e se render ao lugar de conforto diminui as chances de novas oportunidades aparecerem, pois coisas boas s\u00f3 acontecem quando h\u00e1 espa\u00e7o para elas. <em>\u201cTemos apenas uma vida e se n\u00e3o dedicarmos cada minuto de tempo que temos para viv\u00ea-la da melhor maneira poss\u00edvel, mais a frente sentiremos falta do que n\u00e3o vivemos ou protelamos em viver. Tem gente que n\u00e3o vive, sobrevive\u201d<\/em>, analisa.<\/p>\n\n\n\n<p>Reclamar da vida, cultivar o mau humor e n\u00e3o ter motiva\u00e7\u00e3o s\u00e3o sintomas muito comuns em pessoas que seguem esse modo de pensar e segundo o escritor, estas est\u00e3o fadadas a sobreviver \u00e0 chatice que impuseram a pr\u00f3pria vida. <em>\u201cElas evitam as mudan\u00e7as necess\u00e1rias de aproveitar a exist\u00eancia com plenitude. Parece at\u00e9 que se viciaram na tristeza e na reclama\u00e7\u00e3o e n\u00e3o conseguem se livrar dessas atitudes negativas\u201d<\/em>.<\/p>\n\n\n\n<p>Apesar da relut\u00e2ncia inicial, reverter a situa\u00e7\u00e3o \u00e9 t\u00e3o simples quanto poss\u00edvel e adotar estrat\u00e9gias que ajudem a programar a mente para pensar de maneira mais ambiciosa podem ajudar. <em>\u201cEncare etapas da vida como cap\u00edtulos de livros, que ao virar de uma p\u00e1gina se encerram, mas abrem novos caminhos e possibilidades. Ter no\u00e7\u00e3o que nosso percurso \u00e9 finito nos traz maiores responsabilidades, portanto, viver de forma mais equilibrada e saud\u00e1vel, faz-se necess\u00e1rio\u201d<\/em>, garante.<\/p>\n\n\n\n<p>As mudan\u00e7as n\u00e3o necessariamente precisam ser grandes para que possam ser significativas. Alterar pequenas coisas durante o dia e abandonar h\u00e1bitos \u00ednfimos j\u00e1 podem melhorar e muito a qualidade de vida e as rela\u00e7\u00f5es interpessoais. Pesquisar novos conte\u00fados, enxergar o outro lado de uma quest\u00e3o e mudar o jeito de fazer coisas que j\u00e1 entraram no autom\u00e1tico s\u00e3o alguns exemplos. Aos mais radicais, mudar de emprego, de cidade e at\u00e9 mesmo alterar o padr\u00e3o de relacionamento podem ser os impulsos necess\u00e1rio para construir uma vida diferente.<\/p>\n\n\n\n<p><em>\u201cS\u00f3 voc\u00ea tem o poder de fazer as mudan\u00e7as para que sua vida fique cada vez melhor. Precisamos abrir os olhos e entender que a vida \u00e9 um presente, e que temos que aproveit\u00e1-la da melhor maneira poss\u00edvel. Sabendo fazer as melhores escolhas e mantendo a lucidez para bancar as consequ\u00eancias de cada uma delas\u201d<\/em>, elucida Fabiano de Abreu.<\/p>\n\n\n\n<p>Transformar o campo das rela\u00e7\u00f5es interpessoais tamb\u00e9m deve ser uma possibilidade a se cogitar, j\u00e1 que a forma como se conduzem amizades e relacionamentos amorosos pode influenciar o jeito de pensar e conduzir a vida. <em>\u201cEstamos sempre a interagir com gente. Gente de todos os tipos. Gente que nos inspiram e arrancam de n\u00f3s o melhor. Mas tamb\u00e9m gente que nos contamina e adoece. Saber escolher o melhor pra n\u00f3s, \u00e9 o ponto crucial para a nossa felicidade\u201d<\/em>, garante.<\/p>\n\n\n\n<p>A pondera\u00e7\u00e3o deve ser minuciosa e cautelosa para que haja \u00eaxito. Por isso, o fil\u00f3sofo recomenda refletir bastante sobre as rela\u00e7\u00f5es, mas n\u00e3o exitar em se afastar de quem e do que for preciso quando necess\u00e1rio. O poder de mudan\u00e7a e escolha n\u00e3o depende de ningu\u00e9m e para que finalmente se viva livre de verdade e em estado de plenitude, \u00e9 necess\u00e1rio assumir a responsabilidade de que o indiv\u00edduo \u00e9 o \u00fanico respons\u00e1vel por si mesmo.<\/p>\n","protected":false},"excerpt":{"rendered":"<p>MF Press Global A insatisfa\u00e7\u00e3o \u00e9 um dos sentimentos mais comuns desta era. Emprego, rela\u00e7\u00f5es e estilo de vida s\u00e3o exemplos de \u00e1reas onde o sentimento se instala e em muitos casos, pouco se faz para reverter a situa\u00e7\u00e3o. O escritor e fil\u00f3sofo Fabiano de Abreu aponta que o cultivo deste sentimento, mesmo havendo formas [&hellip;]<\/p>\n","protected":false},"author":2,"featured_media":40511,"comment_status":"open","ping_status":"open","sticky":false,"template":"","format":"standard","meta":{"_acf_changed":false,"_monsterinsights_skip_tracking":false,"_monsterinsights_sitenote_active":false,"_monsterinsights_sitenote_note":"","_monsterinsights_sitenote_category":0,"_jetpack_memberships_contains_paid_content":false,"footnotes":"","jetpack_publicize_message":"","jetpack_publicize_feature_enabled":true,"jetpack_social_post_already_shared":true,"jetpack_social_options":{"image_generator_settings":{"template":"highway","default_image_id":0,"font":"","enabled":false},"version":2}},"categories":[5,1],"tags":[],"class_list":["post-40510","post","type-post","status-publish","format-standard","has-post-thumbnail","hentry","category-cotidiano","category-noticias"],"acf":[],"jetpack_publicize_connections":[],"jetpack_featured_media_url":"https:\/\/i0.wp.com\/blogdoeloiltoncajuhy.com.br\/site\/wp-content\/uploads\/2020\/01\/FabianoAbreu41.jpeg?fit=1220%2C686&ssl=1","jetpack_sharing_enabled":true,"publishpress_future_workflow_manual_trigger":{"enabledWorkflows":[]},"_links":{"self":[{"href":"https:\/\/blogdoeloiltoncajuhy.com.br\/site\/wp-json\/wp\/v2\/posts\/40510","targetHints":{"allow":["GET"]}}],"collection":[{"href":"https:\/\/blogdoeloiltoncajuhy.com.br\/site\/wp-json\/wp\/v2\/posts"}],"about":[{"href":"https:\/\/blogdoeloiltoncajuhy.com.br\/site\/wp-json\/wp\/v2\/types\/post"}],"author":[{"embeddable":true,"href":"https:\/\/blogdoeloiltoncajuhy.com.br\/site\/wp-json\/wp\/v2\/users\/2"}],"replies":[{"embeddable":true,"href":"https:\/\/blogdoeloiltoncajuhy.com.br\/site\/wp-json\/wp\/v2\/comments?post=40510"}],"version-history":[{"count":2,"href":"https:\/\/blogdoeloiltoncajuhy.com.br\/site\/wp-json\/wp\/v2\/posts\/40510\/revisions"}],"predecessor-version":[{"id":40969,"href":"https:\/\/blogdoeloiltoncajuhy.com.br\/site\/wp-json\/wp\/v2\/posts\/40510\/revisions\/40969"}],"wp:featuredmedia":[{"embeddable":true,"href":"https:\/\/blogdoeloiltoncajuhy.com.br\/site\/wp-json\/wp\/v2\/media\/40511"}],"wp:attachment":[{"href":"https:\/\/blogdoeloiltoncajuhy.com.br\/site\/wp-json\/wp\/v2\/media?parent=40510"}],"wp:term":[{"taxonomy":"category","embeddable":true,"href":"https:\/\/blogdoeloiltoncajuhy.com.br\/site\/wp-json\/wp\/v2\/categories?post=40510"},{"taxonomy":"post_tag","embeddable":true,"href":"https:\/\/blogdoeloiltoncajuhy.com.br\/site\/wp-json\/wp\/v2\/tags?post=40510"}],"curies":[{"name":"wp","href":"https:\/\/api.w.org\/{rel}","templated":true}]}}