{"id":40507,"date":"2020-01-20T07:52:38","date_gmt":"2020-01-20T10:52:38","guid":{"rendered":"http:\/\/blogdoeloiltoncajuhy.com.br\/site\/?p=40507"},"modified":"2020-01-20T07:52:44","modified_gmt":"2020-01-20T10:52:44","slug":"zerar-fila-a-qualquer-custo-pode-trazer-judicializacao-para-a-previdencia","status":"publish","type":"post","link":"https:\/\/blogdoeloiltoncajuhy.com.br\/site\/zerar-fila-a-qualquer-custo-pode-trazer-judicializacao-para-a-previdencia\/","title":{"rendered":"Zerar fila a qualquer custo pode trazer judicializa\u00e7\u00e3o para a previd\u00eancia"},"content":{"rendered":"\n<h5 class=\"has-text-align-center wp-block-heading\"><em>Proposta do governo de contratar militares \u00e9 criticada por especialista<\/em><\/h5>\n\n\n\n<div class=\"wp-block-image\"><figure class=\"aligncenter size-large\"><img data-recalc-dims=\"1\" fetchpriority=\"high\" decoding=\"async\" width=\"696\" height=\"367\" src=\"https:\/\/i0.wp.com\/blogdoeloiltoncajuhy.com.br\/site\/wp-content\/uploads\/2020\/01\/INSS-2.jpg?resize=696%2C367\" alt=\"\" class=\"wp-image-40508\" srcset=\"https:\/\/i0.wp.com\/blogdoeloiltoncajuhy.com.br\/site\/wp-content\/uploads\/2020\/01\/INSS-2.jpg?w=696&amp;ssl=1 696w, https:\/\/i0.wp.com\/blogdoeloiltoncajuhy.com.br\/site\/wp-content\/uploads\/2020\/01\/INSS-2.jpg?resize=300%2C158&amp;ssl=1 300w, https:\/\/i0.wp.com\/blogdoeloiltoncajuhy.com.br\/site\/wp-content\/uploads\/2020\/01\/INSS-2.jpg?resize=250%2C132&amp;ssl=1 250w\" sizes=\"(max-width: 696px) 100vw, 696px\" \/><figcaption>Foto: Divulga\u00e7\u00e3o<\/figcaption><\/figure><\/div>\n\n\n\n<p>Com 23 mil servidores na ativa, o Instituto Nacional de Seguridade Social (INSS) registra um d\u00e9ficit de 16 mil profissionais. O problema, segundo o advogado <strong>Andr\u00e9 Luiz Moro Bittencourt<\/strong>, que \u00e9 vice-presidente da Sociedade Brasileira de Previd\u00eancia Social e professor da Escola de Magistratura do Paran\u00e1, n\u00e3o \u00e9 de hoje e agora se agrava com a aprova\u00e7\u00e3o da Reforma de Previd\u00eancia e uma enxurrada de pedidos de aposentadoria vindo a reboque.<\/p>\n\n\n\n<p><em>\u201cO Governo Federal tem mostrado inabilidade para lidar com uma situa\u00e7\u00e3o que j\u00e1 era anunciada, tendo em vista que o problema no andamento dos processos come\u00e7ou em 2018. Em todas as unidades da federa\u00e7\u00e3o, havia situa\u00e7\u00f5es que chegavam a demorar mais de um ano para ter a sua an\u00e1lise conclu\u00edda. Em 2019 a situa\u00e7\u00e3o se agravou e a Reforma da Previd\u00eancia foi a cereja do bolo\u201d<\/em>, destaca Bittencourt.<\/p>\n\n\n\n<p>A solu\u00e7\u00e3o apresentada pelo governo, de contratar sete mil militares da reserva para um mutir\u00e3o e \u201czerar a fila\u201d de 1,9 milh\u00e3o de pedidos de an\u00e1lise \u00e9 paliativa e perigosa, tendo em vista que os militares n\u00e3o est\u00e3o preparados para analisar os documentos. <em>\u201cMesmo que haja treinamento, s\u00e3o pessoas que n\u00e3o possuem experi\u00eancia e que podem atuar com foco somente na resolu\u00e7\u00e3o r\u00e1pida, levando a indeferimentos inconsistentes e pass\u00edveis de contesta\u00e7\u00e3o, por exemplo, o que s\u00f3 aumentaria, do outro lado, a demanda de an\u00e1lises\u201d<\/em>, destaca o advogado.<\/p>\n\n\n\n<p>Segundo ele, faria mais sentido se o governo reconvocasse, por exemplo, servidores do pr\u00f3prio INSS que est\u00e3o alocados em outras autarquias. <em>\u201cH\u00e1 servidores do INSS no Judici\u00e1rio, na AGU, na Junta de Recursos. O governo poderia analisar quem poderia voltar para a sua atividade fim, e ainda chamar as pessoas aposentadas, porque s\u00e3o profissionais que j\u00e1 entendem do assunto\u201d<\/em>.<\/p>\n\n\n\n<p>Para Bittencourt, o governo j\u00e1 sabia que teria d\u00e9ficit de servidores, mas se preparou mal para lidar com o momento atual. <em>\u201cEles j\u00e1 sabiam que um grande n\u00famero de pessoas se aposentaria, por conta de uma situa\u00e7\u00e3o acordada ainda no governo FHC, na qual os servidores cumpririam um prazo determinado para que viesse a incorporar uma gratifica\u00e7\u00e3o na sua aposentadoria. Mesmo assim, n\u00e3o foram abertos novos concursos\u201d<\/em>, resume.<\/p>\n","protected":false},"excerpt":{"rendered":"<p>Proposta do governo de contratar militares \u00e9 criticada por especialista Com 23 mil servidores na ativa, o Instituto Nacional de Seguridade Social (INSS) registra um d\u00e9ficit de 16 mil profissionais. O problema, segundo o advogado Andr\u00e9 Luiz Moro Bittencourt, que \u00e9 vice-presidente da Sociedade Brasileira de Previd\u00eancia Social e professor da Escola de Magistratura do [&hellip;]<\/p>\n","protected":false},"author":2,"featured_media":40508,"comment_status":"open","ping_status":"open","sticky":false,"template":"","format":"standard","meta":{"_acf_changed":false,"_monsterinsights_skip_tracking":false,"_monsterinsights_sitenote_active":false,"_monsterinsights_sitenote_note":"","_monsterinsights_sitenote_category":0,"_jetpack_memberships_contains_paid_content":false,"footnotes":"","jetpack_publicize_message":"","jetpack_publicize_feature_enabled":true,"jetpack_social_post_already_shared":true,"jetpack_social_options":{"image_generator_settings":{"template":"highway","default_image_id":0,"font":"","enabled":false},"version":2}},"categories":[5,1,3],"tags":[],"class_list":["post-40507","post","type-post","status-publish","format-standard","has-post-thumbnail","hentry","category-cotidiano","category-noticias","category-politica"],"acf":[],"jetpack_publicize_connections":[],"jetpack_featured_media_url":"https:\/\/i0.wp.com\/blogdoeloiltoncajuhy.com.br\/site\/wp-content\/uploads\/2020\/01\/INSS-2.jpg?fit=696%2C367&ssl=1","jetpack_sharing_enabled":true,"publishpress_future_workflow_manual_trigger":{"enabledWorkflows":[]},"_links":{"self":[{"href":"https:\/\/blogdoeloiltoncajuhy.com.br\/site\/wp-json\/wp\/v2\/posts\/40507","targetHints":{"allow":["GET"]}}],"collection":[{"href":"https:\/\/blogdoeloiltoncajuhy.com.br\/site\/wp-json\/wp\/v2\/posts"}],"about":[{"href":"https:\/\/blogdoeloiltoncajuhy.com.br\/site\/wp-json\/wp\/v2\/types\/post"}],"author":[{"embeddable":true,"href":"https:\/\/blogdoeloiltoncajuhy.com.br\/site\/wp-json\/wp\/v2\/users\/2"}],"replies":[{"embeddable":true,"href":"https:\/\/blogdoeloiltoncajuhy.com.br\/site\/wp-json\/wp\/v2\/comments?post=40507"}],"version-history":[{"count":1,"href":"https:\/\/blogdoeloiltoncajuhy.com.br\/site\/wp-json\/wp\/v2\/posts\/40507\/revisions"}],"predecessor-version":[{"id":40509,"href":"https:\/\/blogdoeloiltoncajuhy.com.br\/site\/wp-json\/wp\/v2\/posts\/40507\/revisions\/40509"}],"wp:featuredmedia":[{"embeddable":true,"href":"https:\/\/blogdoeloiltoncajuhy.com.br\/site\/wp-json\/wp\/v2\/media\/40508"}],"wp:attachment":[{"href":"https:\/\/blogdoeloiltoncajuhy.com.br\/site\/wp-json\/wp\/v2\/media?parent=40507"}],"wp:term":[{"taxonomy":"category","embeddable":true,"href":"https:\/\/blogdoeloiltoncajuhy.com.br\/site\/wp-json\/wp\/v2\/categories?post=40507"},{"taxonomy":"post_tag","embeddable":true,"href":"https:\/\/blogdoeloiltoncajuhy.com.br\/site\/wp-json\/wp\/v2\/tags?post=40507"}],"curies":[{"name":"wp","href":"https:\/\/api.w.org\/{rel}","templated":true}]}}