{"id":40501,"date":"2020-01-19T18:39:30","date_gmt":"2020-01-19T21:39:30","guid":{"rendered":"http:\/\/blogdoeloiltoncajuhy.com.br\/site\/?p=40501"},"modified":"2020-01-19T18:43:58","modified_gmt":"2020-01-19T21:43:58","slug":"curso-tecnico-em-agronegocio-do-senar-tera-40-vagas-para-senhor-do-bonfim","status":"publish","type":"post","link":"https:\/\/blogdoeloiltoncajuhy.com.br\/site\/curso-tecnico-em-agronegocio-do-senar-tera-40-vagas-para-senhor-do-bonfim\/","title":{"rendered":"Curso T\u00e9cnico em Agroneg\u00f3cio do Senar ter\u00e1 40 vagas para Senhor do Bonfim"},"content":{"rendered":"\n<p><strong>BLOG DO ELOILTON CAJUHY<\/strong><br>Fonte: Senar<\/p>\n\n\n\n<div class=\"wp-block-image\"><figure class=\"aligncenter size-large is-resized\"><img data-recalc-dims=\"1\" fetchpriority=\"high\" decoding=\"async\" src=\"https:\/\/i0.wp.com\/blogdoeloiltoncajuhy.com.br\/site\/wp-content\/uploads\/2020\/01\/CursosSenar.jpg?resize=529%2C431\" alt=\"\" class=\"wp-image-40502\" width=\"529\" height=\"431\" srcset=\"https:\/\/i0.wp.com\/blogdoeloiltoncajuhy.com.br\/site\/wp-content\/uploads\/2020\/01\/CursosSenar.jpg?w=705&amp;ssl=1 705w, https:\/\/i0.wp.com\/blogdoeloiltoncajuhy.com.br\/site\/wp-content\/uploads\/2020\/01\/CursosSenar.jpg?resize=300%2C245&amp;ssl=1 300w, https:\/\/i0.wp.com\/blogdoeloiltoncajuhy.com.br\/site\/wp-content\/uploads\/2020\/01\/CursosSenar.jpg?resize=250%2C204&amp;ssl=1 250w\" sizes=\"(max-width: 529px) 100vw, 529px\" \/><\/figure><\/div>\n\n\n\n<p>O Curso T\u00e9cnico em Agroneg\u00f3cio do SENAR foi destaque no Programa Bahia Rural, exibido neste domingo (19), pela TV Bahia\/Globo. As inscri\u00e7\u00f5es se encerram na pr\u00f3xima quarta-feira (22), e s\u00e3o gratuitas, assim como, o curso.<\/p>\n\n\n\n<p class=\"has-medium-font-size\"><strong>Veja o n\u00famero de vagas por munic\u00edpio:<\/strong><\/p>\n\n\n\n<p>Senhor do Bonfim: 40<\/p>\n\n\n\n<p>Gandu: 40<\/p>\n\n\n\n<p>Itamaraju: 40<\/p>\n\n\n\n<p>Lu\u00eds Eduardo Magalh\u00e3es: 40<\/p>\n\n\n\n<p>Juazeiro: 60<\/p>\n\n\n\n<p>Salvador: 20<\/p>\n\n\n\n<p>Ao todo, s\u00e3o 240 vagas. Podem se candidatar todas as pessoas com n\u00edvel m\u00e9dio completo. 80% do curso \u00e9 na modalidade EaD \u2013 Ensino a Dist\u00e2ncia.<\/p>\n\n\n\n<p>Este \u00e9 o primeiro curso t\u00e9cnico de n\u00edvel m\u00e9dio na modalidade a dist\u00e2ncia oferecido pelo SENAR atrav\u00e9s de polos de apoio presencial, mediante parceria com Administra\u00e7\u00f5es Regionais.<\/p>\n","protected":false},"excerpt":{"rendered":"<p>BLOG DO ELOILTON CAJUHYFonte: Senar O Curso T\u00e9cnico em Agroneg\u00f3cio do SENAR foi destaque no Programa Bahia Rural, exibido neste domingo (19), pela TV Bahia\/Globo. As inscri\u00e7\u00f5es se encerram na pr\u00f3xima quarta-feira (22), e s\u00e3o gratuitas, assim como, o curso. Veja o n\u00famero de vagas por munic\u00edpio: Senhor do Bonfim: 40 Gandu: 40 Itamaraju: 40 [&hellip;]<\/p>\n","protected":false},"author":2,"featured_media":40502,"comment_status":"open","ping_status":"open","sticky":false,"template":"","format":"standard","meta":{"_acf_changed":false,"_monsterinsights_skip_tracking":false,"_monsterinsights_sitenote_active":false,"_monsterinsights_sitenote_note":"","_monsterinsights_sitenote_category":0,"_jetpack_memberships_contains_paid_content":false,"footnotes":"","jetpack_publicize_message":"","jetpack_publicize_feature_enabled":true,"jetpack_social_post_already_shared":true,"jetpack_social_options":{"image_generator_settings":{"template":"highway","default_image_id":0,"font":"","enabled":false},"version":2}},"categories":[5,1,4],"tags":[],"class_list":["post-40501","post","type-post","status-publish","format-standard","has-post-thumbnail","hentry","category-cotidiano","category-noticias","category-local"],"acf":[],"jetpack_publicize_connections":[],"jetpack_featured_media_url":"https:\/\/i0.wp.com\/blogdoeloiltoncajuhy.com.br\/site\/wp-content\/uploads\/2020\/01\/CursosSenar.jpg?fit=705%2C575&ssl=1","jetpack_sharing_enabled":true,"publishpress_future_workflow_manual_trigger":{"enabledWorkflows":[]},"_links":{"self":[{"href":"https:\/\/blogdoeloiltoncajuhy.com.br\/site\/wp-json\/wp\/v2\/posts\/40501","targetHints":{"allow":["GET"]}}],"collection":[{"href":"https:\/\/blogdoeloiltoncajuhy.com.br\/site\/wp-json\/wp\/v2\/posts"}],"about":[{"href":"https:\/\/blogdoeloiltoncajuhy.com.br\/site\/wp-json\/wp\/v2\/types\/post"}],"author":[{"embeddable":true,"href":"https:\/\/blogdoeloiltoncajuhy.com.br\/site\/wp-json\/wp\/v2\/users\/2"}],"replies":[{"embeddable":true,"href":"https:\/\/blogdoeloiltoncajuhy.com.br\/site\/wp-json\/wp\/v2\/comments?post=40501"}],"version-history":[{"count":2,"href":"https:\/\/blogdoeloiltoncajuhy.com.br\/site\/wp-json\/wp\/v2\/posts\/40501\/revisions"}],"predecessor-version":[{"id":40504,"href":"https:\/\/blogdoeloiltoncajuhy.com.br\/site\/wp-json\/wp\/v2\/posts\/40501\/revisions\/40504"}],"wp:featuredmedia":[{"embeddable":true,"href":"https:\/\/blogdoeloiltoncajuhy.com.br\/site\/wp-json\/wp\/v2\/media\/40502"}],"wp:attachment":[{"href":"https:\/\/blogdoeloiltoncajuhy.com.br\/site\/wp-json\/wp\/v2\/media?parent=40501"}],"wp:term":[{"taxonomy":"category","embeddable":true,"href":"https:\/\/blogdoeloiltoncajuhy.com.br\/site\/wp-json\/wp\/v2\/categories?post=40501"},{"taxonomy":"post_tag","embeddable":true,"href":"https:\/\/blogdoeloiltoncajuhy.com.br\/site\/wp-json\/wp\/v2\/tags?post=40501"}],"curies":[{"name":"wp","href":"https:\/\/api.w.org\/{rel}","templated":true}]}}