{"id":40495,"date":"2020-01-19T18:24:08","date_gmt":"2020-01-19T21:24:08","guid":{"rendered":"http:\/\/blogdoeloiltoncajuhy.com.br\/site\/?p=40495"},"modified":"2020-01-19T18:25:38","modified_gmt":"2020-01-19T21:25:38","slug":"jaguarari-assinada-ordem-de-servico-para-terraplanagem-dos-42-km-da-estrada-que-liga-a-sede-a-gameleira-e-santa-rosa","status":"publish","type":"post","link":"https:\/\/blogdoeloiltoncajuhy.com.br\/site\/jaguarari-assinada-ordem-de-servico-para-terraplanagem-dos-42-km-da-estrada-que-liga-a-sede-a-gameleira-e-santa-rosa\/","title":{"rendered":"Jaguarari: Assinada ordem de servi\u00e7o para terraplanagem dos 42 km da estrada que liga a sede a Gameleira e Santa Rosa"},"content":{"rendered":"\n<p><strong>ASCOM \u2013 Prefeitura de Jaguarari-BA<\/strong><\/p>\n\n\n\n<div class=\"wp-block-image\"><figure class=\"aligncenter size-large\"><img fetchpriority=\"high\" decoding=\"async\" width=\"1280\" height=\"853\" src=\"https:\/\/i1.wp.com\/blogdoeloiltoncajuhy.com.br\/site\/wp-content\/uploads\/2020\/01\/PMJ_Recura\u00e7\u00e3oEstradaGameleiraSantaRosa-0023_01.jpg?fit=590%2C393\" alt=\"\" class=\"wp-image-40496\" srcset=\"https:\/\/i0.wp.com\/blogdoeloiltoncajuhy.com.br\/site\/wp-content\/uploads\/2020\/01\/PMJ_Recura%C3%A7%C3%A3oEstradaGameleiraSantaRosa-0023_01.jpg?w=1280&amp;ssl=1 1280w, https:\/\/i0.wp.com\/blogdoeloiltoncajuhy.com.br\/site\/wp-content\/uploads\/2020\/01\/PMJ_Recura%C3%A7%C3%A3oEstradaGameleiraSantaRosa-0023_01.jpg?resize=300%2C200&amp;ssl=1 300w, https:\/\/i0.wp.com\/blogdoeloiltoncajuhy.com.br\/site\/wp-content\/uploads\/2020\/01\/PMJ_Recura%C3%A7%C3%A3oEstradaGameleiraSantaRosa-0023_01.jpg?resize=1024%2C682&amp;ssl=1 1024w, https:\/\/i0.wp.com\/blogdoeloiltoncajuhy.com.br\/site\/wp-content\/uploads\/2020\/01\/PMJ_Recura%C3%A7%C3%A3oEstradaGameleiraSantaRosa-0023_01.jpg?resize=768%2C512&amp;ssl=1 768w, https:\/\/i0.wp.com\/blogdoeloiltoncajuhy.com.br\/site\/wp-content\/uploads\/2020\/01\/PMJ_Recura%C3%A7%C3%A3oEstradaGameleiraSantaRosa-0023_01.jpg?resize=250%2C167&amp;ssl=1 250w\" sizes=\"(max-width: 800px) 100vw, 800px\" \/><\/figure><\/div>\n\n\n\n<p>Um dia hist\u00f3rico para o munic\u00edpio de Jaguarari. Assim foi classificado por todos os presentes o dia que marcou a assinatura da ordem de servi\u00e7o que ir\u00e1 recuperar por completo os 42 km da estrada que liga a sede aos distritos de Gameleira e Santa Rosa de Lima.<\/p>\n\n\n\n<p>O evento contou com a presen\u00e7a maci\u00e7a da popula\u00e7\u00e3o e autoridades, como o deputado estadual Tiago Correia, o assessor Paulo Roberto e representante do deputado federal Adolfo Viana (autor da emenda que proporcionar\u00e1 a realiza\u00e7\u00e3o da obra), o ex-deputado estadual Raimundo Sobreira, o Superintendente do DNOCS, Lucas Lob\u00e3o, al\u00e9m de secret\u00e1rios de governo e os vereadores Dorival Borges, Franco Melo, Louri da Barrinha, Marcio Gomes, Nen\u00ea do Catuni e Rege do Joel, e lideran\u00e7as pol\u00edticas.<\/p>\n\n\n\n<p>O chefe do executivo agradeceu ainda ao deputado federal Adolfo Viana e ao Superintendente do DNOCS, Lucas Lob\u00e3o, pela recupera\u00e7\u00e3o dos 42 km da estrada de Gameleira e Santa Rosa. <em>\u201cEssa obra \u00e9 de grande import\u00e2ncia para n\u00f3s. Ser\u00e1 recuperada uma das mais importantes estradas de Jaguarari. Estrada que cruza o munic\u00edpio, dando acesso a diversas regi\u00f5es importantes. Tenho o prazer de dizer a todos que precisam trafegar por essa estrada que os dias de sofrimento est\u00e3o acabando\u201d<\/em>, pontuou o gestor.<\/p>\n\n\n\n<div class=\"wp-block-image\"><figure class=\"aligncenter size-large\"><img decoding=\"async\" width=\"1280\" height=\"720\" src=\"https:\/\/i1.wp.com\/blogdoeloiltoncajuhy.com.br\/site\/wp-content\/uploads\/2020\/01\/PMJ_Recura\u00e7\u00e3oEstradaGameleiraSantaRosa-0023_02.jpg?fit=590%2C332\" alt=\"\" class=\"wp-image-40498\" srcset=\"https:\/\/i0.wp.com\/blogdoeloiltoncajuhy.com.br\/site\/wp-content\/uploads\/2020\/01\/PMJ_Recura%C3%A7%C3%A3oEstradaGameleiraSantaRosa-0023_02.jpg?w=1280&amp;ssl=1 1280w, https:\/\/i0.wp.com\/blogdoeloiltoncajuhy.com.br\/site\/wp-content\/uploads\/2020\/01\/PMJ_Recura%C3%A7%C3%A3oEstradaGameleiraSantaRosa-0023_02.jpg?resize=300%2C169&amp;ssl=1 300w, https:\/\/i0.wp.com\/blogdoeloiltoncajuhy.com.br\/site\/wp-content\/uploads\/2020\/01\/PMJ_Recura%C3%A7%C3%A3oEstradaGameleiraSantaRosa-0023_02.jpg?resize=1024%2C576&amp;ssl=1 1024w, https:\/\/i0.wp.com\/blogdoeloiltoncajuhy.com.br\/site\/wp-content\/uploads\/2020\/01\/PMJ_Recura%C3%A7%C3%A3oEstradaGameleiraSantaRosa-0023_02.jpg?resize=768%2C432&amp;ssl=1 768w, https:\/\/i0.wp.com\/blogdoeloiltoncajuhy.com.br\/site\/wp-content\/uploads\/2020\/01\/PMJ_Recura%C3%A7%C3%A3oEstradaGameleiraSantaRosa-0023_02.jpg?resize=250%2C141&amp;ssl=1 250w\" sizes=\"(max-width: 800px) 100vw, 800px\" \/><\/figure><\/div>\n\n\n\n<p>Em seu discurso o prefeito Everton Rocha disse que esse \u00e9 o momento de uni\u00e3o entre os poderes legislativo e executivo, junto com a popula\u00e7\u00e3o, para transformar Jaguarari. Emocionado, relatou as \u00faltimas conquistas para o munic\u00edpio. <em>\u201cContamos com grande apoio no legislativo baiano, atrav\u00e9s do deputado Tiago Correia e do presidente da Assembleia Nelson Leal que nos representam junto ao governo do estado. E \u00e9 gra\u00e7as a essa parceria que hoje entregamos a popula\u00e7\u00e3o um aparelho de Raio-x e uma reveladora que ser\u00e3o instalados no nosso Hospital Municipal ap\u00f3s a reforma\u201d<\/em>, destacou.<\/p>\n\n\n\n<p>Durante o discurso do Superintendente do DNOCS, Lucas Lob\u00e3o, foi anunciado que a estrada que d\u00e1 acesso \u00e0 localidade de Jacun\u00e3 tamb\u00e9m ser\u00e1 recuperada. <em>\u201cN\u00e3o vi o projeto da recupera\u00e7\u00e3o da estrada de Gameleira e Santa Rosa ap\u00f3s a sua elabora\u00e7\u00e3o, mas informo a todos aqui presentes que se a localidade de Jacun\u00e3 n\u00e3o estiver inserida, passar\u00e1 a fazer parte do projeto de recupera\u00e7\u00e3o da estrada. Diferente do que vem sendo divulgado pelas pessoas que n\u00e3o pensam no crescimento de Jaguarari e que disseram que essa obra n\u00e3o iria acontecer, informo que na pr\u00f3xima semana ser\u00e1 iniciada a recupera\u00e7\u00e3o da estrada\u201d<\/em>, anunciou o superintendente.<\/p>\n\n\n\n<div class=\"wp-block-image\"><figure class=\"aligncenter size-large\"><img decoding=\"async\" width=\"1280\" height=\"853\" src=\"https:\/\/i1.wp.com\/blogdoeloiltoncajuhy.com.br\/site\/wp-content\/uploads\/2020\/01\/PMJ_Recura\u00e7\u00e3oEstradaGameleiraSantaRosa-0023_03.jpg?fit=590%2C393\" alt=\"\" class=\"wp-image-40499\" srcset=\"https:\/\/i0.wp.com\/blogdoeloiltoncajuhy.com.br\/site\/wp-content\/uploads\/2020\/01\/PMJ_Recura%C3%A7%C3%A3oEstradaGameleiraSantaRosa-0023_03.jpg?w=1280&amp;ssl=1 1280w, https:\/\/i0.wp.com\/blogdoeloiltoncajuhy.com.br\/site\/wp-content\/uploads\/2020\/01\/PMJ_Recura%C3%A7%C3%A3oEstradaGameleiraSantaRosa-0023_03.jpg?resize=300%2C200&amp;ssl=1 300w, https:\/\/i0.wp.com\/blogdoeloiltoncajuhy.com.br\/site\/wp-content\/uploads\/2020\/01\/PMJ_Recura%C3%A7%C3%A3oEstradaGameleiraSantaRosa-0023_03.jpg?resize=1024%2C682&amp;ssl=1 1024w, https:\/\/i0.wp.com\/blogdoeloiltoncajuhy.com.br\/site\/wp-content\/uploads\/2020\/01\/PMJ_Recura%C3%A7%C3%A3oEstradaGameleiraSantaRosa-0023_03.jpg?resize=768%2C512&amp;ssl=1 768w, https:\/\/i0.wp.com\/blogdoeloiltoncajuhy.com.br\/site\/wp-content\/uploads\/2020\/01\/PMJ_Recura%C3%A7%C3%A3oEstradaGameleiraSantaRosa-0023_03.jpg?resize=250%2C167&amp;ssl=1 250w\" sizes=\"(max-width: 800px) 100vw, 800px\" \/><\/figure><\/div>\n","protected":false},"excerpt":{"rendered":"<p>ASCOM \u2013 Prefeitura de Jaguarari-BA Um dia hist\u00f3rico para o munic\u00edpio de Jaguarari. Assim foi classificado por todos os presentes o dia que marcou a assinatura da ordem de servi\u00e7o que ir\u00e1 recuperar por completo os 42 km da estrada que liga a sede aos distritos de Gameleira e Santa Rosa de Lima. O evento [&hellip;]<\/p>\n","protected":false},"author":2,"featured_media":40499,"comment_status":"open","ping_status":"open","sticky":false,"template":"","format":"standard","meta":{"_acf_changed":false,"_monsterinsights_skip_tracking":false,"_monsterinsights_sitenote_active":false,"_monsterinsights_sitenote_note":"","_monsterinsights_sitenote_category":0,"_jetpack_memberships_contains_paid_content":false,"footnotes":"","jetpack_publicize_message":"","jetpack_publicize_feature_enabled":true,"jetpack_social_post_already_shared":true,"jetpack_social_options":{"image_generator_settings":{"template":"highway","default_image_id":0,"font":"","enabled":false},"version":2}},"categories":[1,3,11],"tags":[],"class_list":["post-40495","post","type-post","status-publish","format-standard","has-post-thumbnail","hentry","category-noticias","category-politica","category-regional"],"acf":[],"jetpack_publicize_connections":[],"jetpack_featured_media_url":"https:\/\/i0.wp.com\/blogdoeloiltoncajuhy.com.br\/site\/wp-content\/uploads\/2020\/01\/PMJ_Recura%C3%A7%C3%A3oEstradaGameleiraSantaRosa-0023_03.jpg?fit=1280%2C853&ssl=1","jetpack_sharing_enabled":true,"publishpress_future_workflow_manual_trigger":{"enabledWorkflows":[]},"_links":{"self":[{"href":"https:\/\/blogdoeloiltoncajuhy.com.br\/site\/wp-json\/wp\/v2\/posts\/40495","targetHints":{"allow":["GET"]}}],"collection":[{"href":"https:\/\/blogdoeloiltoncajuhy.com.br\/site\/wp-json\/wp\/v2\/posts"}],"about":[{"href":"https:\/\/blogdoeloiltoncajuhy.com.br\/site\/wp-json\/wp\/v2\/types\/post"}],"author":[{"embeddable":true,"href":"https:\/\/blogdoeloiltoncajuhy.com.br\/site\/wp-json\/wp\/v2\/users\/2"}],"replies":[{"embeddable":true,"href":"https:\/\/blogdoeloiltoncajuhy.com.br\/site\/wp-json\/wp\/v2\/comments?post=40495"}],"version-history":[{"count":2,"href":"https:\/\/blogdoeloiltoncajuhy.com.br\/site\/wp-json\/wp\/v2\/posts\/40495\/revisions"}],"predecessor-version":[{"id":40500,"href":"https:\/\/blogdoeloiltoncajuhy.com.br\/site\/wp-json\/wp\/v2\/posts\/40495\/revisions\/40500"}],"wp:featuredmedia":[{"embeddable":true,"href":"https:\/\/blogdoeloiltoncajuhy.com.br\/site\/wp-json\/wp\/v2\/media\/40499"}],"wp:attachment":[{"href":"https:\/\/blogdoeloiltoncajuhy.com.br\/site\/wp-json\/wp\/v2\/media?parent=40495"}],"wp:term":[{"taxonomy":"category","embeddable":true,"href":"https:\/\/blogdoeloiltoncajuhy.com.br\/site\/wp-json\/wp\/v2\/categories?post=40495"},{"taxonomy":"post_tag","embeddable":true,"href":"https:\/\/blogdoeloiltoncajuhy.com.br\/site\/wp-json\/wp\/v2\/tags?post=40495"}],"curies":[{"name":"wp","href":"https:\/\/api.w.org\/{rel}","templated":true}]}}