{"id":40493,"date":"2020-01-19T11:20:51","date_gmt":"2020-01-19T14:20:51","guid":{"rendered":"http:\/\/blogdoeloiltoncajuhy.com.br\/site\/?p=40493"},"modified":"2020-01-19T11:20:57","modified_gmt":"2020-01-19T14:20:57","slug":"concursos-15-selecoes-abrem-inscricoes-nesta-segunda-para-mais-de-14-mil-vagas","status":"publish","type":"post","link":"https:\/\/blogdoeloiltoncajuhy.com.br\/site\/concursos-15-selecoes-abrem-inscricoes-nesta-segunda-para-mais-de-14-mil-vagas\/","title":{"rendered":"Concursos: 15 sele\u00e7\u00f5es abrem inscri\u00e7\u00f5es nesta segunda para mais de 1,4 mil vagas"},"content":{"rendered":"\n<h5 class=\"has-text-align-center wp-block-heading\"><em>Oportunidades s\u00e3o para profissionais de todos os n\u00edveis de escolaridade, para 7 estados<\/em><\/h5>\n\n\n\n<p><strong>Por G1<\/strong><\/p>\n\n\n\n<div class=\"wp-block-image\"><figure class=\"aligncenter size-large\"><img data-recalc-dims=\"1\" fetchpriority=\"high\" decoding=\"async\" width=\"550\" height=\"317\" src=\"https:\/\/i0.wp.com\/blogdoeloiltoncajuhy.com.br\/site\/wp-content\/uploads\/2016\/07\/concursos44-e1510709675870.jpg?resize=550%2C317\" alt=\"\" class=\"wp-image-11101\"\/><\/figure><\/div>\n\n\n\n<p>Ao menos 15 \u00f3rg\u00e3os abrem inscri\u00e7\u00f5es nesta segunda-feira (17) para concursos que selecionam para mais de 1,4 mil vagas. As oportunidades s\u00e3o para profissionais de todos os n\u00edveis de escolaridade, para 7 estados (Goi\u00e1s, Maranh\u00e3o, Mato Grosso, Minas Gerais, S\u00e3o Paulo, Roraima e Piau\u00ed).<\/p>\n\n\n\n<p class=\"has-text-color has-vivid-red-color\"><strong><a href=\"http:\/\/especiais.g1.globo.com\/economia\/concursos-e-emprego\/lista-de-concursos-publicos-e-vagas-de-emprego\/?_ga=2.253323278.668611962.1578749473-1550458154.1483577138\">CONFIRA A LISTA COMPLETA DE CONCURSOS E OPORTUNIDADES<\/a><\/strong><\/p>\n\n\n\n<p>Al\u00e9m das vagas abertas, h\u00e1 concursos para forma\u00e7\u00e3o de cadastro de reserva \u2013 ou seja, os candidatos aprovados s\u00e3o chamados conforme a abertura de postos durante a validade do concurso.<\/p>\n\n\n\n<p>S\u00f3 na prefeitura de Maraca\u00ed, em S\u00e3o Paulo, os sal\u00e1rios chegam a R$ 13.217,90. As 31 vagas s\u00e3o para profissionais de n\u00edvel fundamental, m\u00e9dio e superior. As inscri\u00e7\u00f5es podem ser feitas no&nbsp;<a href=\"http:\/\/www.conscamweb.com.br\/\" target=\"_blank\" rel=\"noreferrer noopener\">site da organizadora<\/a>&nbsp;at\u00e9 o dia 4 de fevereiro.<\/p>\n\n\n\n<p>J\u00e1 a Marinha seleciona para 900 vagas com remunera\u00e7\u00e3o de at\u00e9 R$ 1.950,00. Podem se candidatar profissionais com Ensino M\u00e9dio e as inscri\u00e7\u00f5es v\u00e3o at\u00e9 3 de fevereiro no&nbsp;<a href=\"https:\/\/www.marinha.mil.br\/sspm\/\" target=\"_blank\" rel=\"noreferrer noopener\">site da Marinha<\/a>.<\/p>\n\n\n\n<p>Veja abaixo os concursos que abrem inscri\u00e7\u00f5es nesta segunda:<\/p>\n\n\n\n<h2 class=\"wp-block-heading\">C\u00e2mara Municipal de Santos (SP)<\/h2>\n\n\n\n<ul class=\"wp-block-list\"><li>Inscri\u00e7\u00f5es at\u00e9: 19\/02\/2020<\/li><li>Vagas: 38<\/li><li>Sal\u00e1rio m\u00e1ximo: R$ 8.000,00<\/li><li>Escolaridade: m\u00e9dio e superior<\/li><li>Local: Santos<\/li><li>Estado: S\u00e3o Paulo<\/li><li><a href=\"https:\/\/www.institutomais.org.br\/Concursos\/Detalhe\/363\" target=\"_blank\" rel=\"noreferrer noopener\">Mais informa\u00e7\u00f5es<\/a><\/li><\/ul>\n\n\n\n<h2 class=\"wp-block-heading\">Corpo de Bombeiros de Roraima<\/h2>\n\n\n\n<ul class=\"wp-block-list\"><li>Inscri\u00e7\u00f5es at\u00e9: 21\/01\/2020<\/li><li>Vagas: 23<\/li><li>Sal\u00e1rio m\u00e1ximo: R$ 60\/hora-aula<\/li><li>Escolaridade: superior<\/li><li>Estado: Roraima<\/li><li><a rel=\"noreferrer noopener\" href=\"http:\/\/www.bombeiros.rr.gov.br\/down\/DEIOP\/EDITAL%20N%20003%20CONTRATACAO%20DE%20DOCENTES_CCIF%202020.pdf\" target=\"_blank\">Mais informa\u00e7\u00f5es<\/a><\/li><\/ul>\n\n\n\n<h2 class=\"wp-block-heading\">Marinha<\/h2>\n\n\n\n<ul class=\"wp-block-list\"><li>Inscri\u00e7\u00f5es at\u00e9: 03\/02\/2020<\/li><li>Vagas: 900<\/li><li>Sal\u00e1rio m\u00e1ximo: R$ 1.950,00<\/li><li>Escolaridade: m\u00e9dio<\/li><li><a href=\"https:\/\/g1.globo.com\/economia\/concursos-e-emprego\/noticia\/2019\/12\/28\/marinha-abre-concurso-para-900-vagas-no-pais.ghtml\">Mais informa\u00e7\u00f5es<\/a><\/li><\/ul>\n\n\n\n<h2 class=\"wp-block-heading\">Prefeitura de \u00c1guas Formosas (MG)<\/h2>\n\n\n\n<ul class=\"wp-block-list\"><li>Inscri\u00e7\u00f5es at\u00e9: 20\/02\/2020<\/li><li>Vagas: 27<\/li><li>Sal\u00e1rio m\u00e1ximo: R$ 3.782,58<\/li><li>Escolaridade: fundamental, m\u00e9dio e superior<\/li><li>Local: \u00c1guas Formosas<\/li><li>Estado: Minas Gerais<\/li><li><a href=\"https:\/\/www.eloassessoriaeservicos.com.br\/concurso\/33\/detalhes\" target=\"_blank\" rel=\"noreferrer noopener\">Mais informa\u00e7\u00f5es<\/a><\/li><\/ul>\n\n\n\n<h2 class=\"wp-block-heading\">Prefeitura de Aracitaba (MG)<\/h2>\n\n\n\n<ul class=\"wp-block-list\"><li>Inscri\u00e7\u00f5es at\u00e9: 18\/02\/2020<\/li><li>Vagas: 41<\/li><li>Sal\u00e1rio m\u00e1ximo: R$ 3.217,59<\/li><li>Escolaridade: fundamental<\/li><li>Local: Aracitaba<\/li><li>Estado: Minas Gerais<\/li><li><a href=\"https:\/\/www.auctorconsultoria.com.br\/informacoes\/13\/\" target=\"_blank\" rel=\"noreferrer noopener\">Mais informa\u00e7\u00f5es<\/a><\/li><\/ul>\n\n\n\n<h2 class=\"wp-block-heading\">Prefeitura de Col\u00edder (MT)<\/h2>\n\n\n\n<ul class=\"wp-block-list\"><li>Inscri\u00e7\u00f5es at\u00e9: 30\/01\/2020<\/li><li>Vagas: 59<\/li><li>Sal\u00e1rio m\u00e1ximo: R$ 6.499,29<\/li><li>Escolaridade: m\u00e9dio e superior<\/li><li>Local: Col\u00edder<\/li><li>Estado: Mato Grosso<\/li><li><a href=\"https:\/\/www.masterzconcursos.com.br\/informacoes\/23\/\" target=\"_blank\" rel=\"noreferrer noopener\">Mais informa\u00e7\u00f5es<\/a><\/li><\/ul>\n\n\n\n<h2 class=\"wp-block-heading\">Prefeitura de Concei\u00e7\u00e3o da Barra de Minas (MG)<\/h2>\n\n\n\n<ul class=\"wp-block-list\"><li>Inscri\u00e7\u00f5es at\u00e9: 20\/02\/2020<\/li><li>Vagas: 12<\/li><li>Sal\u00e1rio m\u00e1ximo: R$ 2.467,21<\/li><li>Escolaridade: fundamental, m\u00e9dio e superior<\/li><li>Local: Concei\u00e7\u00e3o da Barra de Minas<\/li><li>Estado: Minas Gerais<\/li><li><a href=\"https:\/\/www.concursosjcm.com.br\/informacoes\/139\/\" target=\"_blank\" rel=\"noreferrer noopener\">Mais informa\u00e7\u00f5es<\/a><\/li><\/ul>\n\n\n\n<h2 class=\"wp-block-heading\">Prefeitura de Corumba\u00edba (GO)<\/h2>\n\n\n\n<ul class=\"wp-block-list\"><li>Inscri\u00e7\u00f5es at\u00e9: 20\/02\/2020<\/li><li>Vagas: 16<\/li><li>Sal\u00e1rio m\u00e1ximo: R$ 3.869,40<\/li><li>Escolaridade: fundamental, m\u00e9dio, t\u00e9cnico e superior<\/li><li>Local: Corumba\u00edba<\/li><li>Estado: Goi\u00e1s<\/li><li><a href=\"https:\/\/www.ibraspconcursos.com.br\/informacoes\/20\/\" target=\"_blank\" rel=\"noreferrer noopener\">Mais informa\u00e7\u00f5es<\/a><\/li><\/ul>\n\n\n\n<h2 class=\"wp-block-heading\">Prefeitura de Guadalupe (PI)<\/h2>\n\n\n\n<ul class=\"wp-block-list\"><li>Inscri\u00e7\u00f5es at\u00e9: 22\/02\/2020<\/li><li>Vagas: 33<\/li><li>Sal\u00e1rio m\u00e1ximo: R$ 2.941,46<\/li><li>Escolaridade: m\u00e9dio e superior<\/li><li>Local: Guadalupe<\/li><li>Estado: Piau\u00ed<\/li><li><a href=\"http:\/\/guadalupe.pi.gov.br\/\" target=\"_blank\" rel=\"noreferrer noopener\">Mais informa\u00e7\u00f5es<\/a><\/li><\/ul>\n\n\n\n<h2 class=\"wp-block-heading\">Prefeitura de Icatu (MA)<\/h2>\n\n\n\n<ul class=\"wp-block-list\"><li>Inscri\u00e7\u00f5es at\u00e9: 17\/02\/2020<\/li><li>Vagas: 94<\/li><li>Sal\u00e1rio m\u00e1ximo: R$ 5.600,00<\/li><li>Escolaridade: m\u00e9dio, t\u00e9cnico e superior<\/li><li>Local: Icatu<\/li><li>Estado: Maranh\u00e3o<\/li><li><a href=\"http:\/\/www.institutolegatus.com.br\/concurso.php?concurso_id=37\" target=\"_blank\" rel=\"noreferrer noopener\">Mais informa\u00e7\u00f5es<\/a><\/li><\/ul>\n\n\n\n<h2 class=\"wp-block-heading\">Prefeitura de Maraca\u00ed (SP)<\/h2>\n\n\n\n<ul class=\"wp-block-list\"><li>Inscri\u00e7\u00f5es at\u00e9: 04\/02\/2020<\/li><li>Vagas: 31<\/li><li>Sal\u00e1rio m\u00e1ximo: R$ 13.217,90<\/li><li>Escolaridade: fundamental, m\u00e9dio e superior<\/li><li>Local: Maraca\u00ed<\/li><li>Estado: S\u00e3o Paulo<\/li><li><a href=\"http:\/\/www.conscamweb.com.br\/\" target=\"_blank\" rel=\"noreferrer noopener\">Mais informa\u00e7\u00f5es<\/a><\/li><\/ul>\n\n\n\n<h2 class=\"wp-block-heading\">Prefeitura de Mutun\u00f3polis (GO)<\/h2>\n\n\n\n<ul class=\"wp-block-list\"><li>Inscri\u00e7\u00f5es at\u00e9: 20\/02\/2020<\/li><li>Vagas: 70<\/li><li>Sal\u00e1rio m\u00e1ximo: R$ 6.322,35<\/li><li>Escolaridade: fundamental, m\u00e9dio e superior<\/li><li>Local: Mutun\u00f3polis<\/li><li>Estado: Goi\u00e1s<\/li><li><a href=\"http:\/\/www.institutobrasil.net.br\/concursos\/concurso\/73\" target=\"_blank\" rel=\"noreferrer noopener\">Mais informa\u00e7\u00f5es<\/a><\/li><\/ul>\n\n\n\n<h2 class=\"wp-block-heading\">Prefeitura de Rian\u00e1polis (GO)<\/h2>\n\n\n\n<ul class=\"wp-block-list\"><li>Inscri\u00e7\u00f5es at\u00e9: 19\/02\/2020<\/li><li>Vagas: 33<\/li><li>Sal\u00e1rio m\u00e1ximo: R$ 3.802,35<\/li><li>Escolaridade: fundamental, m\u00e9dio e superior<\/li><li>Local: Rian\u00e1polis<\/li><li>Estado: Goi\u00e1s<\/li><li><a href=\"https:\/\/www.ibraspconcursos.com.br\/informacoes\/19\/\" target=\"_blank\" rel=\"noreferrer noopener\">Mais informa\u00e7\u00f5es<\/a><\/li><\/ul>\n\n\n\n<h2 class=\"wp-block-heading\">Prefeitura de S\u00e3o Felix de Minas (MG)<\/h2>\n\n\n\n<ul class=\"wp-block-list\"><li>Inscri\u00e7\u00f5es at\u00e9: 18\/02\/2020<\/li><li>Vagas: 67<\/li><li>Sal\u00e1rio m\u00e1ximo: R$ 10.499,54<\/li><li>Escolaridade: fundamental, m\u00e9dio e superior<\/li><li>Local: S\u00e3o Felix de Minas<\/li><li>Estado: Minas Gerais<\/li><li><a href=\"http:\/\/leandrolima.proseleta.com.br\/informacoes\/18\/\" target=\"_blank\" rel=\"noreferrer noopener\">Mais informa\u00e7\u00f5es<\/a><\/li><\/ul>\n\n\n\n<h2 class=\"wp-block-heading\">Prefeitura de Viradouro (SP)<\/h2>\n\n\n\n<ul class=\"wp-block-list\"><li>Inscri\u00e7\u00f5es at\u00e9: 03\/02\/2020<\/li><li>Vagas: 7<\/li><li>Sal\u00e1rio m\u00e1ximo: R$ 3.993,95<\/li><li>Escolaridade: fundamental e superior<\/li><li>Local: Viradouro<\/li><li>Estado: S\u00e3o Paulo<\/li><li><a href=\"http:\/\/www.conscamweb.com.br\/concurso\/concursoPaginaInterna.do?idInstituicao=99&amp;idConcurso=1\" target=\"_blank\" rel=\"noreferrer noopener\">Mais informa\u00e7\u00f5es<\/a><\/li><\/ul>\n","protected":false},"excerpt":{"rendered":"<p>Oportunidades s\u00e3o para profissionais de todos os n\u00edveis de escolaridade, para 7 estados Por G1 Ao menos 15 \u00f3rg\u00e3os abrem inscri\u00e7\u00f5es nesta segunda-feira (17) para concursos que selecionam para mais de 1,4 mil vagas. As oportunidades s\u00e3o para profissionais de todos os n\u00edveis de escolaridade, para 7 estados (Goi\u00e1s, Maranh\u00e3o, Mato Grosso, Minas Gerais, S\u00e3o [&hellip;]<\/p>\n","protected":false},"author":2,"featured_media":0,"comment_status":"open","ping_status":"open","sticky":false,"template":"","format":"standard","meta":{"_acf_changed":false,"_monsterinsights_skip_tracking":false,"_monsterinsights_sitenote_active":false,"_monsterinsights_sitenote_note":"","_monsterinsights_sitenote_category":0,"_jetpack_memberships_contains_paid_content":false,"footnotes":"","jetpack_publicize_message":"","jetpack_publicize_feature_enabled":true,"jetpack_social_post_already_shared":true,"jetpack_social_options":{"image_generator_settings":{"template":"highway","default_image_id":0,"font":"","enabled":false},"version":2}},"categories":[5,1],"tags":[],"class_list":["post-40493","post","type-post","status-publish","format-standard","hentry","category-cotidiano","category-noticias"],"acf":[],"jetpack_publicize_connections":[],"jetpack_featured_media_url":"","jetpack_sharing_enabled":true,"publishpress_future_workflow_manual_trigger":{"enabledWorkflows":[]},"_links":{"self":[{"href":"https:\/\/blogdoeloiltoncajuhy.com.br\/site\/wp-json\/wp\/v2\/posts\/40493","targetHints":{"allow":["GET"]}}],"collection":[{"href":"https:\/\/blogdoeloiltoncajuhy.com.br\/site\/wp-json\/wp\/v2\/posts"}],"about":[{"href":"https:\/\/blogdoeloiltoncajuhy.com.br\/site\/wp-json\/wp\/v2\/types\/post"}],"author":[{"embeddable":true,"href":"https:\/\/blogdoeloiltoncajuhy.com.br\/site\/wp-json\/wp\/v2\/users\/2"}],"replies":[{"embeddable":true,"href":"https:\/\/blogdoeloiltoncajuhy.com.br\/site\/wp-json\/wp\/v2\/comments?post=40493"}],"version-history":[{"count":1,"href":"https:\/\/blogdoeloiltoncajuhy.com.br\/site\/wp-json\/wp\/v2\/posts\/40493\/revisions"}],"predecessor-version":[{"id":40494,"href":"https:\/\/blogdoeloiltoncajuhy.com.br\/site\/wp-json\/wp\/v2\/posts\/40493\/revisions\/40494"}],"wp:attachment":[{"href":"https:\/\/blogdoeloiltoncajuhy.com.br\/site\/wp-json\/wp\/v2\/media?parent=40493"}],"wp:term":[{"taxonomy":"category","embeddable":true,"href":"https:\/\/blogdoeloiltoncajuhy.com.br\/site\/wp-json\/wp\/v2\/categories?post=40493"},{"taxonomy":"post_tag","embeddable":true,"href":"https:\/\/blogdoeloiltoncajuhy.com.br\/site\/wp-json\/wp\/v2\/tags?post=40493"}],"curies":[{"name":"wp","href":"https:\/\/api.w.org\/{rel}","templated":true}]}}