{"id":40478,"date":"2020-01-19T09:49:30","date_gmt":"2020-01-19T12:49:30","guid":{"rendered":"http:\/\/blogdoeloiltoncajuhy.com.br\/site\/?p=40478"},"modified":"2020-01-19T09:51:15","modified_gmt":"2020-01-19T12:51:15","slug":"luto-morre-em-salvador-tim-maia-das-casas-populares","status":"publish","type":"post","link":"https:\/\/blogdoeloiltoncajuhy.com.br\/site\/luto-morre-em-salvador-tim-maia-das-casas-populares\/","title":{"rendered":"Luto: Morre em Salvador Tim Maia das Casas Populares"},"content":{"rendered":"\n<div class=\"wp-block-image\"><figure class=\"aligncenter size-large is-resized\"><img data-recalc-dims=\"1\" fetchpriority=\"high\" decoding=\"async\" src=\"https:\/\/i0.wp.com\/blogdoeloiltoncajuhy.com.br\/site\/wp-content\/uploads\/2020\/01\/TimMaiaBonfim.jpg?resize=282%2C426\" alt=\"\" class=\"wp-image-40479\" width=\"282\" height=\"426\" srcset=\"https:\/\/i0.wp.com\/blogdoeloiltoncajuhy.com.br\/site\/wp-content\/uploads\/2020\/01\/TimMaiaBonfim.jpg?w=539&amp;ssl=1 539w, https:\/\/i0.wp.com\/blogdoeloiltoncajuhy.com.br\/site\/wp-content\/uploads\/2020\/01\/TimMaiaBonfim.jpg?resize=199%2C300&amp;ssl=1 199w, https:\/\/i0.wp.com\/blogdoeloiltoncajuhy.com.br\/site\/wp-content\/uploads\/2020\/01\/TimMaiaBonfim.jpg?resize=166%2C250&amp;ssl=1 166w\" sizes=\"(max-width: 282px) 100vw, 282px\" \/><\/figure><\/div>\n\n\n\n<p>Faleceu neste s\u00e1bado (18), por volta das 19h, no Hospital da Bahia, em Salvador, <strong>Aniceto Alves da Silva<\/strong>, 69 anos, mais conhecido como <strong>Tim Maia<\/strong>, residente nas Casas Populares em Senhor do Bonfim.<\/p>\n\n\n\n<p>Tim Maia passou mal em nossa cidade h\u00e1 cerca de 15 dias. Ele foi socorrido para a UPA 24h e depois para o Hospital Paulo Hilari\u00e3o. Devido \u00e0 gravidade do seu quadro de sa\u00fade, ele foi transferido para o Hospital da Bahia, na capital, onde veio a falecer neste s\u00e1bado.<\/p>\n\n\n\n<p>Casado com a professora aposentada Elisabete Barbosa da Silva, mais conhecida como Detinha, Tim Maia deixa consternado o Bairro das Casas Populares. Bastante conhecido, Aniceto trabalhou no com\u00e9rcio de Senhor do Bonfim e h\u00e1 v\u00e1rios anos era funcion\u00e1rio do Plano Vila Nova.<\/p>\n\n\n\n<p>O corpo de Tim Maia est\u00e1 sendo velado no Memorial Vila Nova e o seu sepultamento est\u00e1 marcado para as 17h no Cemit\u00e9rio Jardim da Saudade, no Alto do Cigano, nesta cidade.<\/p>\n","protected":false},"excerpt":{"rendered":"<p>Faleceu neste s\u00e1bado (18), por volta das 19h, no Hospital da Bahia, em Salvador, Aniceto Alves da Silva, 69 anos, mais conhecido como Tim Maia, residente nas Casas Populares em Senhor do Bonfim. Tim Maia passou mal em nossa cidade h\u00e1 cerca de 15 dias. Ele foi socorrido para a UPA 24h e depois para [&hellip;]<\/p>\n","protected":false},"author":2,"featured_media":40479,"comment_status":"open","ping_status":"open","sticky":false,"template":"","format":"standard","meta":{"_acf_changed":false,"_monsterinsights_skip_tracking":false,"_monsterinsights_sitenote_active":false,"_monsterinsights_sitenote_note":"","_monsterinsights_sitenote_category":0,"_jetpack_memberships_contains_paid_content":false,"footnotes":"","jetpack_publicize_message":"","jetpack_publicize_feature_enabled":true,"jetpack_social_post_already_shared":true,"jetpack_social_options":{"image_generator_settings":{"template":"highway","default_image_id":0,"font":"","enabled":false},"version":2}},"categories":[1,4],"tags":[],"class_list":["post-40478","post","type-post","status-publish","format-standard","has-post-thumbnail","hentry","category-noticias","category-local"],"acf":[],"jetpack_publicize_connections":[],"jetpack_featured_media_url":"https:\/\/i0.wp.com\/blogdoeloiltoncajuhy.com.br\/site\/wp-content\/uploads\/2020\/01\/TimMaiaBonfim.jpg?fit=539%2C813&ssl=1","jetpack_sharing_enabled":true,"publishpress_future_workflow_manual_trigger":{"enabledWorkflows":[]},"_links":{"self":[{"href":"https:\/\/blogdoeloiltoncajuhy.com.br\/site\/wp-json\/wp\/v2\/posts\/40478","targetHints":{"allow":["GET"]}}],"collection":[{"href":"https:\/\/blogdoeloiltoncajuhy.com.br\/site\/wp-json\/wp\/v2\/posts"}],"about":[{"href":"https:\/\/blogdoeloiltoncajuhy.com.br\/site\/wp-json\/wp\/v2\/types\/post"}],"author":[{"embeddable":true,"href":"https:\/\/blogdoeloiltoncajuhy.com.br\/site\/wp-json\/wp\/v2\/users\/2"}],"replies":[{"embeddable":true,"href":"https:\/\/blogdoeloiltoncajuhy.com.br\/site\/wp-json\/wp\/v2\/comments?post=40478"}],"version-history":[{"count":2,"href":"https:\/\/blogdoeloiltoncajuhy.com.br\/site\/wp-json\/wp\/v2\/posts\/40478\/revisions"}],"predecessor-version":[{"id":40481,"href":"https:\/\/blogdoeloiltoncajuhy.com.br\/site\/wp-json\/wp\/v2\/posts\/40478\/revisions\/40481"}],"wp:featuredmedia":[{"embeddable":true,"href":"https:\/\/blogdoeloiltoncajuhy.com.br\/site\/wp-json\/wp\/v2\/media\/40479"}],"wp:attachment":[{"href":"https:\/\/blogdoeloiltoncajuhy.com.br\/site\/wp-json\/wp\/v2\/media?parent=40478"}],"wp:term":[{"taxonomy":"category","embeddable":true,"href":"https:\/\/blogdoeloiltoncajuhy.com.br\/site\/wp-json\/wp\/v2\/categories?post=40478"},{"taxonomy":"post_tag","embeddable":true,"href":"https:\/\/blogdoeloiltoncajuhy.com.br\/site\/wp-json\/wp\/v2\/tags?post=40478"}],"curies":[{"name":"wp","href":"https:\/\/api.w.org\/{rel}","templated":true}]}}