{"id":40464,"date":"2020-01-18T12:44:05","date_gmt":"2020-01-18T15:44:05","guid":{"rendered":"http:\/\/blogdoeloiltoncajuhy.com.br\/site\/?p=40464"},"modified":"2020-01-18T12:48:54","modified_gmt":"2020-01-18T15:48:54","slug":"uso-das-redes-sociais-pode-levar-a-manipulacao-de-consumo-e-massificacao-de-gostos","status":"publish","type":"post","link":"https:\/\/blogdoeloiltoncajuhy.com.br\/site\/uso-das-redes-sociais-pode-levar-a-manipulacao-de-consumo-e-massificacao-de-gostos\/","title":{"rendered":"Uso das redes sociais pode levar a manipula\u00e7\u00e3o de consumo e massifica\u00e7\u00e3o de gostos"},"content":{"rendered":"\n<p><strong>Divulga\u00e7\u00e3o \/ MF Press Global<\/strong><\/p>\n\n\n\n<div class=\"wp-block-image\"><figure class=\"aligncenter size-large\"><img fetchpriority=\"high\" decoding=\"async\" width=\"1280\" height=\"853\" src=\"https:\/\/i1.wp.com\/blogdoeloiltoncajuhy.com.br\/site\/wp-content\/uploads\/2020\/01\/MidiaSocial-3408791.jpg?fit=590%2C393\" alt=\"\" class=\"wp-image-40465\" srcset=\"https:\/\/i0.wp.com\/blogdoeloiltoncajuhy.com.br\/site\/wp-content\/uploads\/2020\/01\/MidiaSocial-3408791.jpg?w=1280&amp;ssl=1 1280w, https:\/\/i0.wp.com\/blogdoeloiltoncajuhy.com.br\/site\/wp-content\/uploads\/2020\/01\/MidiaSocial-3408791.jpg?resize=300%2C200&amp;ssl=1 300w, https:\/\/i0.wp.com\/blogdoeloiltoncajuhy.com.br\/site\/wp-content\/uploads\/2020\/01\/MidiaSocial-3408791.jpg?resize=1024%2C682&amp;ssl=1 1024w, https:\/\/i0.wp.com\/blogdoeloiltoncajuhy.com.br\/site\/wp-content\/uploads\/2020\/01\/MidiaSocial-3408791.jpg?resize=768%2C512&amp;ssl=1 768w, https:\/\/i0.wp.com\/blogdoeloiltoncajuhy.com.br\/site\/wp-content\/uploads\/2020\/01\/MidiaSocial-3408791.jpg?resize=250%2C167&amp;ssl=1 250w\" sizes=\"(max-width: 800px) 100vw, 800px\" \/><figcaption>Foto: Divulga\u00e7\u00e3o \/ MF Press Global<\/figcaption><\/figure><\/div>\n\n\n\n<p>N\u00e3o \u00e9 novidade que as redes sociais afetam o comportamento de quem as consomem. Inclusive, diversos estudos j\u00e1 comprovam que o uso exagerado e alienado \u00e0 realidade pode trazer in\u00fameros preju\u00edzos n\u00e3o apenas emocionais como f\u00edsicos. Um exemplo \u00e9 a pesquisa realizada pela Royal Society for Public Health, no Reino Unido em parceria com o Movimento de Sa\u00fade Jovem que constatou que o Instagram \u00e9 uma das redes sociais mais nocivas do mundo, afetando o sono, a autoimagem e a percep\u00e7\u00e3o de acontecimentos. Facebook e Snapchat vieram logo em seguida.<\/p>\n\n\n\n<p>O fil\u00f3sofo, escritor e estudioso do tema Fabiano de Abreu aponta que a vida nas redes se assemelha a uma encena\u00e7\u00e3o, onde a ostenta\u00e7\u00e3o e a venda de uma vida perfeita levam \u00e0 manipula\u00e7\u00e3o dos usu\u00e1rios. <em>\u201cAs redes sociais engoliram de vez a m\u00eddia televisiva, e a tend\u00eancia \u00e9 que engula as pessoas tamb\u00e9m, em especial pela caracter\u00edstica de controle e influ\u00eancia onde modas tempor\u00e1rias de vestimenta, consumo e comportamento se tornam refer\u00eancia mundial rapidamente\u201d<\/em>, analisa.<\/p>\n\n\n\n<p>Um exemplo de consequ\u00eancia que migra das redes para a vida real \u00e9 o consumismo exagerado, que tem como principal aliado a base de dados que dita o comportamento dos usu\u00e1rios. <em>\u201cSofremos devido ao bombardeamento de propagandas de empresas que nos conhecem extremamente bem. Eles possuem todos os nossos dados e com os nossos desejos em m\u00e3o, nos oferecem constantemente, mais e mais op\u00e7\u00f5es para que possamos comprar, comprar e comprar\u201d<\/em>, aponta Fabiano de Abreu.<\/p>\n\n\n\n<p>Al\u00e9m de provocar a impulsividade, esse consumismo pode levar ao endividamento, j\u00e1 que a vida financeira est\u00e1 baseada n\u00e3o no que se precisa, mas na ansiedade de consumir o que as redes dizem que voc\u00ea precisa. <em>\u201cTem muita gente passando por uma crise horr\u00edvel, mas n\u00e3o perde a oportunidade de ostentar vida boa nas redes sociais. Esses s\u00e3o exemplos de indiv\u00edduos que j\u00e1 est\u00e3o imensamente embara\u00e7ados na trama toda e que se tornaram pe\u00e7as facilmente manipul\u00e1veis das redes\u201d<\/em>, aponta.<\/p>\n\n\n\n<p class=\"has-medium-font-size\"><strong>Consumir por gosto ou por influ\u00eancia?<\/strong><\/p>\n\n\n\n<p>A era das redes sociais tamb\u00e9m levanta a pauta dos gostos pessoais, j\u00e1 que estes podem ser apenas um reflexo do que se consome nos aplicativos e n\u00e3o um resultado da personalidade. <em>\u201cO que voc\u00ea veste condiz com quem voc\u00ea \u00e9? O fast-fashion \u00e9 o melhor exemplo sobre padroniza\u00e7\u00e3o de gostos. A moda chega mais r\u00e1pido ao consumidor final e nas redes sociais elas funcionam como uma esp\u00e9cie de cartel que monopoliza o que ser\u00e1 tend\u00eancia para os pr\u00f3ximos meses e todo mundo usa a mesma coisa\u201d<\/em>, reflete o fil\u00f3sofo.<\/p>\n\n\n\n<p>E n\u00e3o \u00e9 apenas o consumismo de bens que as redes podem influenciar. De acordo com Fabiano de Abreu m\u00fasicas tamb\u00e9m podem seguir a mesma l\u00f3gica. <em>\u201cHoje em dia existem os hits comerciais que viram sucesso em quest\u00e3o de minutos, basta encaminhar em massa para aplicativos de mensagens ou redes sociais. Passamos a viver como se todos tivessem que cantar e escutar os mesmos estilos musicais para pertencer a um grupo\u201d<\/em>, aponta.<\/p>\n\n\n\n<p>Por\u00e9m, mais que a massifica\u00e7\u00e3o de gostos, a preocupa\u00e7\u00e3o do escritor \u00e9 quanto a apatia do indiv\u00edduo que n\u00e3o d\u00e1 um tempo para refletir sobre seus consumos e prefer\u00eancias. <em>\u201cO mais preocupante \u00e9 que desde que o mundo \u00e9 mundo seguimos aceitando ser manipulados como uma m\u00e1quina e de uns tempos para c\u00e1, essa manipula\u00e7\u00e3o ficou mais evidente. Mesmo que inconscientemente entramos em um sistema de influ\u00eancia, no qual os gestores das plataformas digitais e da m\u00eddia em geral s\u00e3o respons\u00e1veis por selecionar e filtrar o que ser\u00e1 consumido pela grande massa. S\u00e3o eles quem determinam o padr\u00e3o a ser seguido\u201d<\/em>, preocupa-se Fabiano.<\/p>\n\n\n\n<p>Segundo Fabiano, isso \u00e9 um sinal de que a estrat\u00e9gia da ind\u00fastria est\u00e1 sendo efetiva. A publicidade \u00e9 constru\u00edda para manipular o indiv\u00edduo a pensar que \u00e9 ele quem escolhe o que est\u00e1 consumindo, sejam informa\u00e7\u00f5es ou bens. <em>\u201cJ\u00e1 se deu conta que quando voc\u00ea pega o seu celular s\u00f3 aparecem as coisas que, ou voc\u00ea acabou de pesquisar no Google ou que se tornou viral e todos est\u00e3o vendo? Ou seja, as informa\u00e7\u00f5es s\u00e3o selecionadas e apresentadas a partir das pesquisas que fazemos e do que a massa est\u00e1 vendo\u201d<\/em>, defende.<\/p>\n\n\n\n<p>O que para muitos parece uma facilidade ou at\u00e9 mesmo uma demonstra\u00e7\u00e3o de efici\u00eancia da internet, \u00e9 na verdade apenas uma manipula\u00e7\u00e3o de rede. <em>\u201cAlguns ficam cismados e percebem a forte manipula\u00e7\u00e3o e a influ\u00eancia que sofrem. Mas apenas uma minoria entende que as grandes pot\u00eancias mundiais est\u00e3o no controle de praticamente tudo e possuem o m\u00e1ximo poder. Elas t\u00eam todas as informa\u00e7\u00f5es sobre n\u00f3s, assim como os dados necess\u00e1rios para estabelecerem uma real influ\u00eancia e controle sobre o que vamos consumir, principalmente sobre as not\u00edcias que ser\u00e3o divulgadas\u201d<\/em>, analisa Fabiano.<\/p>\n\n\n\n<p class=\"has-medium-font-size\"><strong>\u00c9 poss\u00edvel falar em democratiza\u00e7\u00e3o da m\u00eddia?<\/strong><\/p>\n\n\n\n<p>Ao mesmo tempo que deram voz e audi\u00eancia para pessoas comuns, as plataformas digitais tamb\u00e9m democratizaram a comunica\u00e7\u00e3o para pessoas mal intencionadas que usam do poder da comunica\u00e7\u00e3o em benef\u00edcio pr\u00f3prio e de forma irrespons\u00e1vel. Eis o nascimento das famosas \u201cFake News\u201d.<\/p>\n\n\n\n<p>O fil\u00f3sofo Fabiano de Abreu usa como exemplo a plataforma Youtube, que segundo ele trouxe \u00e0 tona a \u201cera dos especialistas\u201d. <em>\u201cO problema \u00e9 que nem sempre essas pessoas t\u00eam forma\u00e7\u00e3o suficiente para tal. Dentro das redes sociais, por onde olhamos, sempre existir\u00e3o os que \u2018sabem tudo\u2019 sobre qualquer assunto. Basta digitar a palavra-chave na ampulheta de pesquisa e surge algum v\u00eddeo de \u2018algu\u00e9m\u2019 nos ensinando o passo a passo\u201d<\/em>, aponta.<\/p>\n\n\n\n<p>Mas n\u00e3o apenas de desinforma\u00e7\u00e3o vive a plataforma. O Youtube tamb\u00e9m possibilitou que muitas pessoas realmente capacitadas pudessem promover estudos s\u00e9rios e trabalhos honestos. <em>\u201cEm todos os setores da vida, assim como em tudo que o homem cria, h\u00e1 o lado positivo e o lado negativo, por isso, precisamos ficar atentos. A manipula\u00e7\u00e3o das redes sociais \u00e9 evidente, e manda quem possui maior poder e sabe utiliz\u00e1-las\u201d<\/em>, conclui.<\/p>\n\n\n\n<p><strong>Biografia do autor<\/strong><\/p>\n\n\n\n<div class=\"wp-block-image\"><figure class=\"alignleft size-large is-resized\"><img decoding=\"async\" src=\"https:\/\/i0.wp.com\/blogdoeloiltoncajuhy.com.br\/site\/wp-content\/uploads\/2020\/01\/FabianoAbreu-750_3188.jpg?fit=590%2C443\" alt=\"\" class=\"wp-image-40467\" width=\"295\" height=\"222\" srcset=\"https:\/\/i0.wp.com\/blogdoeloiltoncajuhy.com.br\/site\/wp-content\/uploads\/2020\/01\/FabianoAbreu-750_3188.jpg?w=1200&amp;ssl=1 1200w, https:\/\/i0.wp.com\/blogdoeloiltoncajuhy.com.br\/site\/wp-content\/uploads\/2020\/01\/FabianoAbreu-750_3188.jpg?resize=300%2C225&amp;ssl=1 300w, https:\/\/i0.wp.com\/blogdoeloiltoncajuhy.com.br\/site\/wp-content\/uploads\/2020\/01\/FabianoAbreu-750_3188.jpg?resize=1024%2C768&amp;ssl=1 1024w, https:\/\/i0.wp.com\/blogdoeloiltoncajuhy.com.br\/site\/wp-content\/uploads\/2020\/01\/FabianoAbreu-750_3188.jpg?resize=768%2C576&amp;ssl=1 768w, https:\/\/i0.wp.com\/blogdoeloiltoncajuhy.com.br\/site\/wp-content\/uploads\/2020\/01\/FabianoAbreu-750_3188.jpg?resize=250%2C188&amp;ssl=1 250w\" sizes=\"(max-width: 295px) 100vw, 295px\" \/><figcaption>Foto: Divulga\u00e7\u00e3o \/ MF Press Global<\/figcaption><\/figure><\/div>\n\n\n\n<p><strong><em>Fabiano de Abreu Rodrigues<\/em><\/strong> <em>\u00e9 um jornalista, empres\u00e1rio, escritor, fil\u00f3sofo, poeta e personal branding luso-brasileiro, filho de madeirenses que migraram para o Brasil. Propriet\u00e1rio da ag\u00eancia de comunica\u00e7\u00e3o e m\u00eddia social MF Press Global, \u00e9 tamb\u00e9m um correspondente e colaborador de v\u00e1rias revistas, sites de not\u00edcias e jornais de grande repercuss\u00e3o nacional e internacional. Atualmente det\u00e9m o pr\u00eamio do jornalista que mais criou personagens na hist\u00f3ria da imprensa brasileira e internacional, reconhecido por grandes nomes do jornalismo em diversos pa\u00edses. Como fil\u00f3sofo criou um novo conceito que chamou de poemas-filos\u00f3ficos para escolas do governo de Minas Gerais no Brasil. Lan\u00e7ou o livro \u2018Viver Pode N\u00e3o Ser T\u00e3o Ruim\u2019 no Brasil, Angola, Paraguai e Portugal. Membro da Mensa, associa\u00e7\u00e3o de pessoas mais inteligentes do mundo, Fabiano foi constatado com o QI percentil 99 sendo considerado um dos maiores do mundo.<\/em><\/p>\n","protected":false},"excerpt":{"rendered":"<p>Divulga\u00e7\u00e3o \/ MF Press Global N\u00e3o \u00e9 novidade que as redes sociais afetam o comportamento de quem as consomem. Inclusive, diversos estudos j\u00e1 comprovam que o uso exagerado e alienado \u00e0 realidade pode trazer in\u00fameros preju\u00edzos n\u00e3o apenas emocionais como f\u00edsicos. Um exemplo \u00e9 a pesquisa realizada pela Royal Society for Public Health, no Reino [&hellip;]<\/p>\n","protected":false},"author":2,"featured_media":40467,"comment_status":"open","ping_status":"open","sticky":false,"template":"","format":"standard","meta":{"_acf_changed":false,"_monsterinsights_skip_tracking":false,"_monsterinsights_sitenote_active":false,"_monsterinsights_sitenote_note":"","_monsterinsights_sitenote_category":0,"_jetpack_memberships_contains_paid_content":false,"footnotes":"","jetpack_publicize_message":"","jetpack_publicize_feature_enabled":true,"jetpack_social_post_already_shared":true,"jetpack_social_options":{"image_generator_settings":{"template":"highway","default_image_id":0,"font":"","enabled":false},"version":2}},"categories":[5,1],"tags":[],"class_list":["post-40464","post","type-post","status-publish","format-standard","has-post-thumbnail","hentry","category-cotidiano","category-noticias"],"acf":[],"jetpack_publicize_connections":[],"jetpack_featured_media_url":"https:\/\/i0.wp.com\/blogdoeloiltoncajuhy.com.br\/site\/wp-content\/uploads\/2020\/01\/FabianoAbreu-750_3188.jpg?fit=1200%2C900&ssl=1","jetpack_sharing_enabled":true,"publishpress_future_workflow_manual_trigger":{"enabledWorkflows":[]},"_links":{"self":[{"href":"https:\/\/blogdoeloiltoncajuhy.com.br\/site\/wp-json\/wp\/v2\/posts\/40464","targetHints":{"allow":["GET"]}}],"collection":[{"href":"https:\/\/blogdoeloiltoncajuhy.com.br\/site\/wp-json\/wp\/v2\/posts"}],"about":[{"href":"https:\/\/blogdoeloiltoncajuhy.com.br\/site\/wp-json\/wp\/v2\/types\/post"}],"author":[{"embeddable":true,"href":"https:\/\/blogdoeloiltoncajuhy.com.br\/site\/wp-json\/wp\/v2\/users\/2"}],"replies":[{"embeddable":true,"href":"https:\/\/blogdoeloiltoncajuhy.com.br\/site\/wp-json\/wp\/v2\/comments?post=40464"}],"version-history":[{"count":2,"href":"https:\/\/blogdoeloiltoncajuhy.com.br\/site\/wp-json\/wp\/v2\/posts\/40464\/revisions"}],"predecessor-version":[{"id":40468,"href":"https:\/\/blogdoeloiltoncajuhy.com.br\/site\/wp-json\/wp\/v2\/posts\/40464\/revisions\/40468"}],"wp:featuredmedia":[{"embeddable":true,"href":"https:\/\/blogdoeloiltoncajuhy.com.br\/site\/wp-json\/wp\/v2\/media\/40467"}],"wp:attachment":[{"href":"https:\/\/blogdoeloiltoncajuhy.com.br\/site\/wp-json\/wp\/v2\/media?parent=40464"}],"wp:term":[{"taxonomy":"category","embeddable":true,"href":"https:\/\/blogdoeloiltoncajuhy.com.br\/site\/wp-json\/wp\/v2\/categories?post=40464"},{"taxonomy":"post_tag","embeddable":true,"href":"https:\/\/blogdoeloiltoncajuhy.com.br\/site\/wp-json\/wp\/v2\/tags?post=40464"}],"curies":[{"name":"wp","href":"https:\/\/api.w.org\/{rel}","templated":true}]}}