{"id":40455,"date":"2020-01-18T12:03:48","date_gmt":"2020-01-18T15:03:48","guid":{"rendered":"http:\/\/blogdoeloiltoncajuhy.com.br\/site\/?p=40455"},"modified":"2020-01-18T13:12:37","modified_gmt":"2020-01-18T16:12:37","slug":"catolicos-tomam-as-ruas-de-senhor-do-bonfim-para-celebrar-seu-padroeiro","status":"publish","type":"post","link":"https:\/\/blogdoeloiltoncajuhy.com.br\/site\/catolicos-tomam-as-ruas-de-senhor-do-bonfim-para-celebrar-seu-padroeiro\/","title":{"rendered":"Cat\u00f3licos tomam as ruas de Senhor do Bonfim para celebrar seu padroeiro"},"content":{"rendered":"\n<p><strong>BLOG DO ELOILTON CAJUHY<\/strong><\/p>\n\n\n\n<div class=\"wp-block-image\"><figure class=\"aligncenter size-large\"><img fetchpriority=\"high\" decoding=\"async\" width=\"1600\" height=\"1200\" src=\"https:\/\/i1.wp.com\/blogdoeloiltoncajuhy.com.br\/site\/wp-content\/uploads\/2020\/01\/FestaSenhorBonfim-2020_Prociss\u00e3o-01.jpg?fit=590%2C443\" alt=\"\" class=\"wp-image-40456\" srcset=\"https:\/\/i0.wp.com\/blogdoeloiltoncajuhy.com.br\/site\/wp-content\/uploads\/2020\/01\/FestaSenhorBonfim-2020_Prociss%C3%A3o-01.jpg?w=1600&amp;ssl=1 1600w, https:\/\/i0.wp.com\/blogdoeloiltoncajuhy.com.br\/site\/wp-content\/uploads\/2020\/01\/FestaSenhorBonfim-2020_Prociss%C3%A3o-01.jpg?resize=300%2C225&amp;ssl=1 300w, https:\/\/i0.wp.com\/blogdoeloiltoncajuhy.com.br\/site\/wp-content\/uploads\/2020\/01\/FestaSenhorBonfim-2020_Prociss%C3%A3o-01.jpg?resize=1024%2C768&amp;ssl=1 1024w, https:\/\/i0.wp.com\/blogdoeloiltoncajuhy.com.br\/site\/wp-content\/uploads\/2020\/01\/FestaSenhorBonfim-2020_Prociss%C3%A3o-01.jpg?resize=768%2C576&amp;ssl=1 768w, https:\/\/i0.wp.com\/blogdoeloiltoncajuhy.com.br\/site\/wp-content\/uploads\/2020\/01\/FestaSenhorBonfim-2020_Prociss%C3%A3o-01.jpg?resize=1536%2C1152&amp;ssl=1 1536w, https:\/\/i0.wp.com\/blogdoeloiltoncajuhy.com.br\/site\/wp-content\/uploads\/2020\/01\/FestaSenhorBonfim-2020_Prociss%C3%A3o-01.jpg?resize=250%2C188&amp;ssl=1 250w\" sizes=\"(max-width: 800px) 100vw, 800px\" \/><figcaption>Foto: Nonato Not\u00edcias<\/figcaption><\/figure><\/div>\n\n\n\n<p>F\u00e9 e devo\u00e7\u00e3o tomaram conta dos cat\u00f3licos de Senhor do Bonfim nesta sexta-feira (17), quando foi comemorado o dia do padroeiro que d\u00e1 nome \u00e0 cidade. As festividades alusivas ao Senhor do Bonfim tiveram in\u00edcio \u00e0s 6h da manh\u00e3 com Alvorada Festiva.<\/p>\n\n\n\n<p>\u00c0s 7h houve a Celebra\u00e7\u00e3o do Of\u00edcio Divino e as 10h Solene Concelebra\u00e7\u00e3o Eucar\u00edstica, presidida por Dom Hernaldo Pinto Farias, Bispo Diocesano de Bonfim. A programa\u00e7\u00e3o reiniciou \u00e0s 16h, com a Concelebra\u00e7\u00e3o Eucar\u00edstica em frente \u00e0 Catedral, seguida pela prociss\u00e3o que percorreu v\u00e1rias ruas da cidade. Uma verdadeira multid\u00e3o participou do evento religioso, que se encerrou novamente na Catedral.<\/p>\n\n\n\n<div class=\"wp-block-image\"><figure class=\"aligncenter size-large\"><img decoding=\"async\" width=\"1600\" height=\"738\" src=\"https:\/\/i0.wp.com\/blogdoeloiltoncajuhy.com.br\/site\/wp-content\/uploads\/2020\/01\/FestaSenhorBonfim-2020_Prociss\u00e3o-02.jpg?fit=590%2C272\" alt=\"\" class=\"wp-image-40457\" srcset=\"https:\/\/i0.wp.com\/blogdoeloiltoncajuhy.com.br\/site\/wp-content\/uploads\/2020\/01\/FestaSenhorBonfim-2020_Prociss%C3%A3o-02.jpg?w=1600&amp;ssl=1 1600w, https:\/\/i0.wp.com\/blogdoeloiltoncajuhy.com.br\/site\/wp-content\/uploads\/2020\/01\/FestaSenhorBonfim-2020_Prociss%C3%A3o-02.jpg?resize=300%2C138&amp;ssl=1 300w, https:\/\/i0.wp.com\/blogdoeloiltoncajuhy.com.br\/site\/wp-content\/uploads\/2020\/01\/FestaSenhorBonfim-2020_Prociss%C3%A3o-02.jpg?resize=1024%2C472&amp;ssl=1 1024w, https:\/\/i0.wp.com\/blogdoeloiltoncajuhy.com.br\/site\/wp-content\/uploads\/2020\/01\/FestaSenhorBonfim-2020_Prociss%C3%A3o-02.jpg?resize=768%2C354&amp;ssl=1 768w, https:\/\/i0.wp.com\/blogdoeloiltoncajuhy.com.br\/site\/wp-content\/uploads\/2020\/01\/FestaSenhorBonfim-2020_Prociss%C3%A3o-02.jpg?resize=1536%2C708&amp;ssl=1 1536w, https:\/\/i0.wp.com\/blogdoeloiltoncajuhy.com.br\/site\/wp-content\/uploads\/2020\/01\/FestaSenhorBonfim-2020_Prociss%C3%A3o-02.jpg?resize=250%2C115&amp;ssl=1 250w\" sizes=\"(max-width: 800px) 100vw, 800px\" \/><figcaption>Foto: Nonato Not\u00edcias<\/figcaption><\/figure><\/div>\n\n\n\n<p>Finalizando as festividades, houve o sorteio do Show de Pr\u00eamios em benef\u00edcio da reforma da catedral e show musical com o cantor bonfinense Thiago Dias.<\/p>\n\n\n\n<p>A Comiss\u00e3o Organizadora agradece de p\u00fablico os artistas que animaram a quermesse de forma gratuita durante o noven\u00e1rio: Rog\u00e9rio Moreira, Tony Silva, Bel, Miguel Ara\u00fajo, Keisy &amp; Manuel, Wagner Rosa, Ivete Lima, Jota Carlos, Jaula, Cicinho de Assis e Thiago Dias. Agradecimentos tamb\u00e9m \u00e0 Secretaria Municipal de A\u00e7\u00e3o Social, que presentou o p\u00fablico com a apresenta\u00e7\u00e3o do Terno de Reis das Estrelas e Terno de Reis das Ciganas.<\/p>\n","protected":false},"excerpt":{"rendered":"<p>BLOG DO ELOILTON CAJUHY F\u00e9 e devo\u00e7\u00e3o tomaram conta dos cat\u00f3licos de Senhor do Bonfim nesta sexta-feira (17), quando foi comemorado o dia do padroeiro que d\u00e1 nome \u00e0 cidade. As festividades alusivas ao Senhor do Bonfim tiveram in\u00edcio \u00e0s 6h da manh\u00e3 com Alvorada Festiva. \u00c0s 7h houve a Celebra\u00e7\u00e3o do Of\u00edcio Divino e [&hellip;]<\/p>\n","protected":false},"author":2,"featured_media":40457,"comment_status":"open","ping_status":"open","sticky":false,"template":"","format":"standard","meta":{"_acf_changed":false,"_monsterinsights_skip_tracking":false,"_monsterinsights_sitenote_active":false,"_monsterinsights_sitenote_note":"","_monsterinsights_sitenote_category":0,"_jetpack_memberships_contains_paid_content":false,"footnotes":"","jetpack_publicize_message":"","jetpack_publicize_feature_enabled":true,"jetpack_social_post_already_shared":true,"jetpack_social_options":{"image_generator_settings":{"template":"highway","default_image_id":0,"font":"","enabled":false},"version":2}},"categories":[1,4],"tags":[],"class_list":["post-40455","post","type-post","status-publish","format-standard","has-post-thumbnail","hentry","category-noticias","category-local"],"acf":[],"jetpack_publicize_connections":[],"jetpack_featured_media_url":"https:\/\/i0.wp.com\/blogdoeloiltoncajuhy.com.br\/site\/wp-content\/uploads\/2020\/01\/FestaSenhorBonfim-2020_Prociss%C3%A3o-02.jpg?fit=1600%2C738&ssl=1","jetpack_sharing_enabled":true,"publishpress_future_workflow_manual_trigger":{"enabledWorkflows":[]},"_links":{"self":[{"href":"https:\/\/blogdoeloiltoncajuhy.com.br\/site\/wp-json\/wp\/v2\/posts\/40455","targetHints":{"allow":["GET"]}}],"collection":[{"href":"https:\/\/blogdoeloiltoncajuhy.com.br\/site\/wp-json\/wp\/v2\/posts"}],"about":[{"href":"https:\/\/blogdoeloiltoncajuhy.com.br\/site\/wp-json\/wp\/v2\/types\/post"}],"author":[{"embeddable":true,"href":"https:\/\/blogdoeloiltoncajuhy.com.br\/site\/wp-json\/wp\/v2\/users\/2"}],"replies":[{"embeddable":true,"href":"https:\/\/blogdoeloiltoncajuhy.com.br\/site\/wp-json\/wp\/v2\/comments?post=40455"}],"version-history":[{"count":3,"href":"https:\/\/blogdoeloiltoncajuhy.com.br\/site\/wp-json\/wp\/v2\/posts\/40455\/revisions"}],"predecessor-version":[{"id":40475,"href":"https:\/\/blogdoeloiltoncajuhy.com.br\/site\/wp-json\/wp\/v2\/posts\/40455\/revisions\/40475"}],"wp:featuredmedia":[{"embeddable":true,"href":"https:\/\/blogdoeloiltoncajuhy.com.br\/site\/wp-json\/wp\/v2\/media\/40457"}],"wp:attachment":[{"href":"https:\/\/blogdoeloiltoncajuhy.com.br\/site\/wp-json\/wp\/v2\/media?parent=40455"}],"wp:term":[{"taxonomy":"category","embeddable":true,"href":"https:\/\/blogdoeloiltoncajuhy.com.br\/site\/wp-json\/wp\/v2\/categories?post=40455"},{"taxonomy":"post_tag","embeddable":true,"href":"https:\/\/blogdoeloiltoncajuhy.com.br\/site\/wp-json\/wp\/v2\/tags?post=40455"}],"curies":[{"name":"wp","href":"https:\/\/api.w.org\/{rel}","templated":true}]}}