{"id":40453,"date":"2020-01-18T10:20:18","date_gmt":"2020-01-18T13:20:18","guid":{"rendered":"http:\/\/blogdoeloiltoncajuhy.com.br\/site\/?p=40453"},"modified":"2020-01-18T10:20:25","modified_gmt":"2020-01-18T13:20:25","slug":"tentativa-de-homicidio-deixa-duas-pessoas-feridas-em-senhor-do-bonfim-idosa-foi-atingida-por-bala-perdida","status":"publish","type":"post","link":"https:\/\/blogdoeloiltoncajuhy.com.br\/site\/tentativa-de-homicidio-deixa-duas-pessoas-feridas-em-senhor-do-bonfim-idosa-foi-atingida-por-bala-perdida\/","title":{"rendered":"Tentativa de homic\u00eddio deixa duas pessoas feridas em Senhor do Bonfim; idosa foi atingida por bala perdida"},"content":{"rendered":"\n<p><strong>BLOG DO ELOILTON CAJUHY<\/strong><\/p>\n\n\n\n<div class=\"wp-block-image\"><figure class=\"aligncenter size-large is-resized\"><img data-recalc-dims=\"1\" fetchpriority=\"high\" decoding=\"async\" src=\"https:\/\/i0.wp.com\/blogdoeloiltoncajuhy.com.br\/site\/wp-content\/uploads\/2015\/12\/pol%C3%ADcia.jpg?resize=455%2C319\" alt=\"\" class=\"wp-image-6606\" width=\"455\" height=\"319\" srcset=\"https:\/\/i0.wp.com\/blogdoeloiltoncajuhy.com.br\/site\/wp-content\/uploads\/2015\/12\/pol%C3%ADcia.jpg?w=385&amp;ssl=1 385w, https:\/\/i0.wp.com\/blogdoeloiltoncajuhy.com.br\/site\/wp-content\/uploads\/2015\/12\/pol%C3%ADcia.jpg?resize=300%2C210&amp;ssl=1 300w, https:\/\/i0.wp.com\/blogdoeloiltoncajuhy.com.br\/site\/wp-content\/uploads\/2015\/12\/pol%C3%ADcia.jpg?resize=250%2C175&amp;ssl=1 250w\" sizes=\"(max-width: 455px) 100vw, 455px\" \/><\/figure><\/div>\n\n\n\n<p>Um menor de 17 anos e uma idosa de 73, foram atingidos por disparos de arma de fogo, fato ocorrido por volta das 20h35 desta sexta-feira (17), na Rua Castro Alves, Casas Populares, em Senhor do Bonfim.<\/p>\n\n\n\n<p>De acordo com informa\u00e7\u00f5es da pol\u00edcia, o menor reside no Beco Fino e foi ferido no t\u00f3rax. A mulher, identificada como <strong>Joana Mendes Alves<\/strong>, de 73 anos, residente no local, foi atingida por uma bala perdida na perna esquerda.<\/p>\n\n\n\n<p>A Pol\u00edcia Militar esteve no local e apurou que as v\u00edtimas foram socorridas pelo Servi\u00e7o de Atendimento M\u00f3vel de Urg\u00eancia &#8211; SAMU &#8211; e conduzidas para o Hospital Dom Antonio Monteiro (HDAM). O menor, ap\u00f3s ser atendido, aguardava regula\u00e7\u00e3o para ser transferido.<\/p>\n\n\n\n<p>O caso est\u00e1 sendo investigado pela pol\u00edcia, mas at\u00e9 o momento n\u00e3o se sabe a motiva\u00e7\u00e3o do crime, bem como, seus autores.<\/p>\n","protected":false},"excerpt":{"rendered":"<p>BLOG DO ELOILTON CAJUHY Um menor de 17 anos e uma idosa de 73, foram atingidos por disparos de arma de fogo, fato ocorrido por volta das 20h35 desta sexta-feira (17), na Rua Castro Alves, Casas Populares, em Senhor do Bonfim. De acordo com informa\u00e7\u00f5es da pol\u00edcia, o menor reside no Beco Fino e foi [&hellip;]<\/p>\n","protected":false},"author":2,"featured_media":0,"comment_status":"open","ping_status":"open","sticky":false,"template":"","format":"standard","meta":{"_acf_changed":false,"_monsterinsights_skip_tracking":false,"_monsterinsights_sitenote_active":false,"_monsterinsights_sitenote_note":"","_monsterinsights_sitenote_category":0,"_jetpack_memberships_contains_paid_content":false,"footnotes":"","jetpack_publicize_message":"","jetpack_publicize_feature_enabled":true,"jetpack_social_post_already_shared":true,"jetpack_social_options":{"image_generator_settings":{"template":"highway","default_image_id":0,"font":"","enabled":false},"version":2}},"categories":[5,1,4],"tags":[],"class_list":["post-40453","post","type-post","status-publish","format-standard","hentry","category-cotidiano","category-noticias","category-local"],"acf":[],"jetpack_publicize_connections":[],"jetpack_featured_media_url":"","jetpack_sharing_enabled":true,"publishpress_future_workflow_manual_trigger":{"enabledWorkflows":[]},"_links":{"self":[{"href":"https:\/\/blogdoeloiltoncajuhy.com.br\/site\/wp-json\/wp\/v2\/posts\/40453","targetHints":{"allow":["GET"]}}],"collection":[{"href":"https:\/\/blogdoeloiltoncajuhy.com.br\/site\/wp-json\/wp\/v2\/posts"}],"about":[{"href":"https:\/\/blogdoeloiltoncajuhy.com.br\/site\/wp-json\/wp\/v2\/types\/post"}],"author":[{"embeddable":true,"href":"https:\/\/blogdoeloiltoncajuhy.com.br\/site\/wp-json\/wp\/v2\/users\/2"}],"replies":[{"embeddable":true,"href":"https:\/\/blogdoeloiltoncajuhy.com.br\/site\/wp-json\/wp\/v2\/comments?post=40453"}],"version-history":[{"count":1,"href":"https:\/\/blogdoeloiltoncajuhy.com.br\/site\/wp-json\/wp\/v2\/posts\/40453\/revisions"}],"predecessor-version":[{"id":40454,"href":"https:\/\/blogdoeloiltoncajuhy.com.br\/site\/wp-json\/wp\/v2\/posts\/40453\/revisions\/40454"}],"wp:attachment":[{"href":"https:\/\/blogdoeloiltoncajuhy.com.br\/site\/wp-json\/wp\/v2\/media?parent=40453"}],"wp:term":[{"taxonomy":"category","embeddable":true,"href":"https:\/\/blogdoeloiltoncajuhy.com.br\/site\/wp-json\/wp\/v2\/categories?post=40453"},{"taxonomy":"post_tag","embeddable":true,"href":"https:\/\/blogdoeloiltoncajuhy.com.br\/site\/wp-json\/wp\/v2\/tags?post=40453"}],"curies":[{"name":"wp","href":"https:\/\/api.w.org\/{rel}","templated":true}]}}