{"id":40358,"date":"2020-01-15T09:00:00","date_gmt":"2020-01-15T12:00:00","guid":{"rendered":"http:\/\/blogdoeloiltoncajuhy.com.br\/site\/?p=40358"},"modified":"2020-01-15T10:45:07","modified_gmt":"2020-01-15T13:45:07","slug":"guarda-municipal-de-senhor-do-bonfim-ganha-veiculo-da-camara","status":"publish","type":"post","link":"https:\/\/blogdoeloiltoncajuhy.com.br\/site\/guarda-municipal-de-senhor-do-bonfim-ganha-veiculo-da-camara\/","title":{"rendered":"Prefeito Carlos Brasileiro entrega ve\u00edculo \u00e0 Guarda Municipal"},"content":{"rendered":"\n<p><strong>ASCOM &#8211; Prefeitura Municipal de Senhor do Bonfim &#8211; BA<\/strong><\/p>\n\n\n\n<div class=\"wp-block-image\"><figure class=\"aligncenter size-large\"><img fetchpriority=\"high\" decoding=\"async\" width=\"1280\" height=\"853\" src=\"https:\/\/i1.wp.com\/blogdoeloiltoncajuhy.com.br\/site\/wp-content\/uploads\/2020\/01\/PMSB_EntregaCarroCamaraGM.jpg?fit=590%2C393\" alt=\"\" class=\"wp-image-40359\" srcset=\"https:\/\/i0.wp.com\/blogdoeloiltoncajuhy.com.br\/site\/wp-content\/uploads\/2020\/01\/PMSB_EntregaCarroCamaraGM.jpg?w=1280&amp;ssl=1 1280w, https:\/\/i0.wp.com\/blogdoeloiltoncajuhy.com.br\/site\/wp-content\/uploads\/2020\/01\/PMSB_EntregaCarroCamaraGM.jpg?resize=300%2C200&amp;ssl=1 300w, https:\/\/i0.wp.com\/blogdoeloiltoncajuhy.com.br\/site\/wp-content\/uploads\/2020\/01\/PMSB_EntregaCarroCamaraGM.jpg?resize=1024%2C682&amp;ssl=1 1024w, https:\/\/i0.wp.com\/blogdoeloiltoncajuhy.com.br\/site\/wp-content\/uploads\/2020\/01\/PMSB_EntregaCarroCamaraGM.jpg?resize=768%2C512&amp;ssl=1 768w, https:\/\/i0.wp.com\/blogdoeloiltoncajuhy.com.br\/site\/wp-content\/uploads\/2020\/01\/PMSB_EntregaCarroCamaraGM.jpg?resize=250%2C167&amp;ssl=1 250w\" sizes=\"(max-width: 800px) 100vw, 800px\" \/><\/figure><\/div>\n\n\n\n<p>A chave do ve\u00edculo Chevrolet Blazer ano 2008 foi entregue na \u00faltima sexta-feira (10), na C\u00e2mara Municipal, para o comandante da guarda, Cristiano Ramos Mascarenhas, que recebeu das m\u00e3os do prefeito Carlos Brasileiro mais um equipamento para o efetivo cumprimento das fun\u00e7\u00f5es.<\/p>\n\n\n\n<p>O ve\u00edculo, patrim\u00f4nio p\u00fablico, foi devolvido pelo presidente Cleiton Vieira ao munic\u00edpio e ser\u00e1 usado exclusivamente para atender as demandas da Guarda Municipal. <em>\u201cA chegada do novo equipamento deve auxiliar a guarda nas a\u00e7\u00f5es de resguarde de pra\u00e7as, unidades de sa\u00fade e educa\u00e7\u00e3o; al\u00e9m de rondas regulares pela sede e zona rural\u201d<\/em>, disse o comandante Cristiano Mascarenhas durante entrega.<\/p>\n\n\n\n<p>A solenidade de entrega contou com a presen\u00e7a do vice-prefeito, Jos\u00e9 Ant\u00f4nio, dos vereadores Herm\u00f3genes Almeida, Reinaldo Jos\u00e9 e Deto, al\u00e9m do subcomandante Robson Oliveira e os guardas Geomar e Cleyson.<\/p>\n","protected":false},"excerpt":{"rendered":"<p>ASCOM &#8211; Prefeitura Municipal de Senhor do Bonfim &#8211; BA A chave do ve\u00edculo Chevrolet Blazer ano 2008 foi entregue na \u00faltima sexta-feira (10), na C\u00e2mara Municipal, para o comandante da guarda, Cristiano Ramos Mascarenhas, que recebeu das m\u00e3os do prefeito Carlos Brasileiro mais um equipamento para o efetivo cumprimento das fun\u00e7\u00f5es. O ve\u00edculo, patrim\u00f4nio [&hellip;]<\/p>\n","protected":false},"author":2,"featured_media":40359,"comment_status":"open","ping_status":"open","sticky":false,"template":"","format":"standard","meta":{"_acf_changed":false,"_monsterinsights_skip_tracking":false,"_monsterinsights_sitenote_active":false,"_monsterinsights_sitenote_note":"","_monsterinsights_sitenote_category":0,"_jetpack_memberships_contains_paid_content":false,"footnotes":"","jetpack_publicize_message":"","jetpack_publicize_feature_enabled":true,"jetpack_social_post_already_shared":true,"jetpack_social_options":{"image_generator_settings":{"template":"highway","default_image_id":0,"font":"","enabled":false},"version":2}},"categories":[1,3,4],"tags":[],"class_list":["post-40358","post","type-post","status-publish","format-standard","has-post-thumbnail","hentry","category-noticias","category-politica","category-local"],"acf":[],"jetpack_publicize_connections":[],"jetpack_featured_media_url":"https:\/\/i0.wp.com\/blogdoeloiltoncajuhy.com.br\/site\/wp-content\/uploads\/2020\/01\/PMSB_EntregaCarroCamaraGM.jpg?fit=1280%2C853&ssl=1","jetpack_sharing_enabled":true,"publishpress_future_workflow_manual_trigger":{"enabledWorkflows":[]},"_links":{"self":[{"href":"https:\/\/blogdoeloiltoncajuhy.com.br\/site\/wp-json\/wp\/v2\/posts\/40358","targetHints":{"allow":["GET"]}}],"collection":[{"href":"https:\/\/blogdoeloiltoncajuhy.com.br\/site\/wp-json\/wp\/v2\/posts"}],"about":[{"href":"https:\/\/blogdoeloiltoncajuhy.com.br\/site\/wp-json\/wp\/v2\/types\/post"}],"author":[{"embeddable":true,"href":"https:\/\/blogdoeloiltoncajuhy.com.br\/site\/wp-json\/wp\/v2\/users\/2"}],"replies":[{"embeddable":true,"href":"https:\/\/blogdoeloiltoncajuhy.com.br\/site\/wp-json\/wp\/v2\/comments?post=40358"}],"version-history":[{"count":2,"href":"https:\/\/blogdoeloiltoncajuhy.com.br\/site\/wp-json\/wp\/v2\/posts\/40358\/revisions"}],"predecessor-version":[{"id":40362,"href":"https:\/\/blogdoeloiltoncajuhy.com.br\/site\/wp-json\/wp\/v2\/posts\/40358\/revisions\/40362"}],"wp:featuredmedia":[{"embeddable":true,"href":"https:\/\/blogdoeloiltoncajuhy.com.br\/site\/wp-json\/wp\/v2\/media\/40359"}],"wp:attachment":[{"href":"https:\/\/blogdoeloiltoncajuhy.com.br\/site\/wp-json\/wp\/v2\/media?parent=40358"}],"wp:term":[{"taxonomy":"category","embeddable":true,"href":"https:\/\/blogdoeloiltoncajuhy.com.br\/site\/wp-json\/wp\/v2\/categories?post=40358"},{"taxonomy":"post_tag","embeddable":true,"href":"https:\/\/blogdoeloiltoncajuhy.com.br\/site\/wp-json\/wp\/v2\/tags?post=40358"}],"curies":[{"name":"wp","href":"https:\/\/api.w.org\/{rel}","templated":true}]}}