{"id":40354,"date":"2020-01-14T22:13:32","date_gmt":"2020-01-15T01:13:32","guid":{"rendered":"http:\/\/blogdoeloiltoncajuhy.com.br\/site\/?p=40354"},"modified":"2020-01-14T22:13:38","modified_gmt":"2020-01-15T01:13:38","slug":"reflexao-o-poder-da-fe-me-salvou-padre-marcelo-rossi","status":"publish","type":"post","link":"https:\/\/blogdoeloiltoncajuhy.com.br\/site\/reflexao-o-poder-da-fe-me-salvou-padre-marcelo-rossi\/","title":{"rendered":"Reflex\u00e3o: &#8220;O poder da f\u00e9 me salvou!&#8221; &#8211; Padre Marcelo Rossi"},"content":{"rendered":"\n<p><strong>Can\u00e7\u00e3o Nova<\/strong><\/p>\n\n\n\n<div class=\"wp-block-image\"><figure class=\"aligncenter size-large\"><img data-recalc-dims=\"1\" fetchpriority=\"high\" decoding=\"async\" width=\"800\" height=\"534\" src=\"https:\/\/i0.wp.com\/blogdoeloiltoncajuhy.com.br\/site\/wp-content\/uploads\/2016\/05\/padre-marcelo-rossi4.jpg?resize=800%2C534\" alt=\"\" class=\"wp-image-9846\" srcset=\"https:\/\/i0.wp.com\/blogdoeloiltoncajuhy.com.br\/site\/wp-content\/uploads\/2016\/05\/padre-marcelo-rossi4.jpg?w=1000&amp;ssl=1 1000w, https:\/\/i0.wp.com\/blogdoeloiltoncajuhy.com.br\/site\/wp-content\/uploads\/2016\/05\/padre-marcelo-rossi4.jpg?resize=300%2C200&amp;ssl=1 300w, https:\/\/i0.wp.com\/blogdoeloiltoncajuhy.com.br\/site\/wp-content\/uploads\/2016\/05\/padre-marcelo-rossi4.jpg?resize=768%2C512&amp;ssl=1 768w, https:\/\/i0.wp.com\/blogdoeloiltoncajuhy.com.br\/site\/wp-content\/uploads\/2016\/05\/padre-marcelo-rossi4.jpg?resize=250%2C167&amp;ssl=1 250w\" sizes=\"(max-width: 800px) 100vw, 800px\" \/><\/figure><\/div>\n\n\n\n<p>Durante os sete meses e vinte e dois dias em que sofri de depress\u00e3o, nunca pensei em largar o sacerd\u00f3cio. Mas perdi aquilo que era mais importante \u2013 o foco. Minha ora\u00e7\u00e3o come\u00e7ou a cair na rotina, inclusive, a Santa  Missa. Tudo que fazia ficava olhando no rel\u00f3gio, porque n\u00e3o via a hora das coisas acabarem.<\/p>\n\n\n\n<p>O que me salvou foi um \u201cacordo\u201d que fiz com Jesus, de passar 1h na Capela, em adora\u00e7\u00e3o, todos os dias e tamb\u00e9m viver diariamente a ora\u00e7\u00e3o do ros\u00e1rio.<\/p>\n\n\n\n<p>Fa\u00e7o uma simples compara\u00e7\u00e3o: quando estava com  depress\u00e3o, eu comia muito mal, mas n\u00e3o porque n\u00e3o me alimentava, e sim, porque n\u00e3o mastigava bem \u2013 apenas engolia a comida.  E, assim, fazemos com a vida de ora\u00e7\u00e3o. Por vezes a consideramos como \u201calgo chato\u201d, um processo \u201crepetitivo\u201d, assim como o mastigar do alimento.<\/p>\n\n\n\n<p>Entretanto, da mesma forma que \u00e9 necess\u00e1rio mastigar o alimento, \u00e9  tamb\u00e9m necess\u00e1rio \u201cmastigar\u201d a ora\u00e7\u00e3o, porque esse processo de mastigar o alimento faz parte de uma boa alimenta\u00e7\u00e3o e, logo, o de \u201cmastigar a ora\u00e7\u00e3o\u201d faz parte de uma boa vida de ora\u00e7\u00e3o. O ros\u00e1rio tem um poder que n\u00e3o imaginamos, por isso, precisamos rez\u00e1-lo diariamente.<\/p>\n\n\n\n<p>Percebi que  a causa da minha depress\u00e3o era porque eu n\u00e3o estava me amando, mas isso n\u00e3o \u00e9 quest\u00e3o de \u201cnarcisismo\u201d, e sim que n\u00e3o me amava como Deus me ama.  Na ora\u00e7\u00e3o di\u00e1ria, mesmo n\u00e3o querendo, o amor foi tomando conta de mim e fui retomando o foco. Se, hoje estou aqui, \u00e9 porque eu amo Jesus e Ele me ama muito!<\/p>\n","protected":false},"excerpt":{"rendered":"<p>Can\u00e7\u00e3o Nova Durante os sete meses e vinte e dois dias em que sofri de depress\u00e3o, nunca pensei em largar o sacerd\u00f3cio. Mas perdi aquilo que era mais importante \u2013 o foco. Minha ora\u00e7\u00e3o come\u00e7ou a cair na rotina, inclusive, a Santa Missa. Tudo que fazia ficava olhando no rel\u00f3gio, porque n\u00e3o via a hora [&hellip;]<\/p>\n","protected":false},"author":2,"featured_media":0,"comment_status":"open","ping_status":"open","sticky":false,"template":"","format":"standard","meta":{"_acf_changed":false,"_monsterinsights_skip_tracking":false,"_monsterinsights_sitenote_active":false,"_monsterinsights_sitenote_note":"","_monsterinsights_sitenote_category":0,"_jetpack_memberships_contains_paid_content":false,"footnotes":"","jetpack_publicize_message":"","jetpack_publicize_feature_enabled":true,"jetpack_social_post_already_shared":true,"jetpack_social_options":{"image_generator_settings":{"template":"highway","default_image_id":0,"font":"","enabled":false},"version":2}},"categories":[1,9],"tags":[],"class_list":["post-40354","post","type-post","status-publish","format-standard","hentry","category-noticias","category-reflexao"],"acf":[],"jetpack_publicize_connections":[],"jetpack_featured_media_url":"","jetpack_sharing_enabled":true,"publishpress_future_workflow_manual_trigger":{"enabledWorkflows":[]},"_links":{"self":[{"href":"https:\/\/blogdoeloiltoncajuhy.com.br\/site\/wp-json\/wp\/v2\/posts\/40354","targetHints":{"allow":["GET"]}}],"collection":[{"href":"https:\/\/blogdoeloiltoncajuhy.com.br\/site\/wp-json\/wp\/v2\/posts"}],"about":[{"href":"https:\/\/blogdoeloiltoncajuhy.com.br\/site\/wp-json\/wp\/v2\/types\/post"}],"author":[{"embeddable":true,"href":"https:\/\/blogdoeloiltoncajuhy.com.br\/site\/wp-json\/wp\/v2\/users\/2"}],"replies":[{"embeddable":true,"href":"https:\/\/blogdoeloiltoncajuhy.com.br\/site\/wp-json\/wp\/v2\/comments?post=40354"}],"version-history":[{"count":1,"href":"https:\/\/blogdoeloiltoncajuhy.com.br\/site\/wp-json\/wp\/v2\/posts\/40354\/revisions"}],"predecessor-version":[{"id":40355,"href":"https:\/\/blogdoeloiltoncajuhy.com.br\/site\/wp-json\/wp\/v2\/posts\/40354\/revisions\/40355"}],"wp:attachment":[{"href":"https:\/\/blogdoeloiltoncajuhy.com.br\/site\/wp-json\/wp\/v2\/media?parent=40354"}],"wp:term":[{"taxonomy":"category","embeddable":true,"href":"https:\/\/blogdoeloiltoncajuhy.com.br\/site\/wp-json\/wp\/v2\/categories?post=40354"},{"taxonomy":"post_tag","embeddable":true,"href":"https:\/\/blogdoeloiltoncajuhy.com.br\/site\/wp-json\/wp\/v2\/tags?post=40354"}],"curies":[{"name":"wp","href":"https:\/\/api.w.org\/{rel}","templated":true}]}}