{"id":40350,"date":"2020-01-14T22:06:09","date_gmt":"2020-01-15T01:06:09","guid":{"rendered":"http:\/\/blogdoeloiltoncajuhy.com.br\/site\/?p=40350"},"modified":"2020-01-14T22:06:16","modified_gmt":"2020-01-15T01:06:16","slug":"veja-a-programacao-da-festa-do-senhor-do-bonfim-para-esta-quarta-feira-15","status":"publish","type":"post","link":"https:\/\/blogdoeloiltoncajuhy.com.br\/site\/veja-a-programacao-da-festa-do-senhor-do-bonfim-para-esta-quarta-feira-15\/","title":{"rendered":"Veja a programa\u00e7\u00e3o da Festa do Senhor do Bonfim para esta quarta-feira (15)"},"content":{"rendered":"\n<p><strong>BLOG DO ELOILTON CAJUHY<\/strong><\/p>\n\n\n\n<div class=\"wp-block-image\"><figure class=\"aligncenter size-large is-resized\"><img data-recalc-dims=\"1\" fetchpriority=\"high\" decoding=\"async\" src=\"https:\/\/i0.wp.com\/blogdoeloiltoncajuhy.com.br\/site\/wp-content\/uploads\/2020\/01\/FestaSenhorBonfim-2020_15Jan01.jpg?resize=480%2C360\" alt=\"\" class=\"wp-image-40351\" width=\"480\" height=\"360\" srcset=\"https:\/\/i0.wp.com\/blogdoeloiltoncajuhy.com.br\/site\/wp-content\/uploads\/2020\/01\/FestaSenhorBonfim-2020_15Jan01.jpg?w=960&amp;ssl=1 960w, https:\/\/i0.wp.com\/blogdoeloiltoncajuhy.com.br\/site\/wp-content\/uploads\/2020\/01\/FestaSenhorBonfim-2020_15Jan01.jpg?resize=300%2C225&amp;ssl=1 300w, https:\/\/i0.wp.com\/blogdoeloiltoncajuhy.com.br\/site\/wp-content\/uploads\/2020\/01\/FestaSenhorBonfim-2020_15Jan01.jpg?resize=768%2C576&amp;ssl=1 768w, https:\/\/i0.wp.com\/blogdoeloiltoncajuhy.com.br\/site\/wp-content\/uploads\/2020\/01\/FestaSenhorBonfim-2020_15Jan01.jpg?resize=250%2C188&amp;ssl=1 250w\" sizes=\"(max-width: 480px) 100vw, 480px\" \/><figcaption>Foto: Pascom de Bonfim<\/figcaption><\/figure><\/div>\n\n\n\n<p>Prossegue nesta quarta-feira (15), o noven\u00e1rio preparat\u00f3rio para a Festa do Senhor do Bonfim, padroeiro de nossa cidade. As celebra\u00e7\u00f5es acontecem na Catedral Diocesana, \u00e0s 7h e 19h30.<\/p>\n\n\n\n<p class=\"has-medium-font-size\"><strong>Confira a programa\u00e7\u00e3o desta quarta:<\/strong><\/p>\n\n\n\n<ul class=\"wp-block-list\"><li><strong>7h:<\/strong> Celebra\u00e7\u00e3o do Of\u00edcio Divino<\/li><\/ul>\n\n\n\n<ul class=\"wp-block-list\"><li><strong>9h \u00e0s 11h:<\/strong> Confiss\u00f5es<\/li><\/ul>\n\n\n\n<ul class=\"wp-block-list\"><li><strong>19h30:<\/strong> Celebra\u00e7\u00e3o Eucar\u00edstica &#8211; Novena<\/li><\/ul>\n\n\n\n<p><strong>Noiteiros:<\/strong><br>Par\u00f3quia de S\u00e3o Sebasti\u00e3o de Filad\u00e9lfia, Comunidades do Bonfim III, Lage e Cazumba, Irm\u00e3s Mensageiras do Amor Divino, Ministros Extraordin\u00e1rios da Comunh\u00e3o Eucar\u00edstica, Pastoral da Liturgia, Mission\u00e1rios Leigos Redentoristas, Bancos, Correios, INSS e Guarda Municipal.<br><strong>Padrinhos do Altar:<\/strong> Reginaldo Alves e Izabela.<\/p>\n\n\n\n<p>Ap\u00f3s a novena, tem quermesse e show musical em frente \u00e0 Catedral Diocesana. Quem vai se apresentar nesta quarta-feira \u00e9 o cantor Jota Carlos.<\/p>\n\n\n\n<div class=\"wp-block-image\"><figure class=\"aligncenter size-large is-resized\"><img data-recalc-dims=\"1\" decoding=\"async\" src=\"https:\/\/i0.wp.com\/blogdoeloiltoncajuhy.com.br\/site\/wp-content\/uploads\/2020\/01\/FestaSenhorBonfim-2020_Celebrantes-01.jpg?resize=360%2C480\" alt=\"\" class=\"wp-image-40352\" width=\"360\" height=\"480\" srcset=\"https:\/\/i0.wp.com\/blogdoeloiltoncajuhy.com.br\/site\/wp-content\/uploads\/2020\/01\/FestaSenhorBonfim-2020_Celebrantes-01.jpg?w=720&amp;ssl=1 720w, https:\/\/i0.wp.com\/blogdoeloiltoncajuhy.com.br\/site\/wp-content\/uploads\/2020\/01\/FestaSenhorBonfim-2020_Celebrantes-01.jpg?resize=225%2C300&amp;ssl=1 225w, https:\/\/i0.wp.com\/blogdoeloiltoncajuhy.com.br\/site\/wp-content\/uploads\/2020\/01\/FestaSenhorBonfim-2020_Celebrantes-01.jpg?resize=188%2C250&amp;ssl=1 188w\" sizes=\"(max-width: 360px) 100vw, 360px\" \/><figcaption>Foto: Pascom de Bonfim<\/figcaption><\/figure><\/div>\n","protected":false},"excerpt":{"rendered":"<p>BLOG DO ELOILTON CAJUHY Prossegue nesta quarta-feira (15), o noven\u00e1rio preparat\u00f3rio para a Festa do Senhor do Bonfim, padroeiro de nossa cidade. As celebra\u00e7\u00f5es acontecem na Catedral Diocesana, \u00e0s 7h e 19h30. Confira a programa\u00e7\u00e3o desta quarta: 7h: Celebra\u00e7\u00e3o do Of\u00edcio Divino 9h \u00e0s 11h: Confiss\u00f5es 19h30: Celebra\u00e7\u00e3o Eucar\u00edstica &#8211; Novena Noiteiros:Par\u00f3quia de S\u00e3o Sebasti\u00e3o [&hellip;]<\/p>\n","protected":false},"author":2,"featured_media":40352,"comment_status":"open","ping_status":"open","sticky":false,"template":"","format":"standard","meta":{"_acf_changed":false,"_monsterinsights_skip_tracking":false,"_monsterinsights_sitenote_active":false,"_monsterinsights_sitenote_note":"","_monsterinsights_sitenote_category":0,"_jetpack_memberships_contains_paid_content":false,"footnotes":"","jetpack_publicize_message":"","jetpack_publicize_feature_enabled":true,"jetpack_social_post_already_shared":true,"jetpack_social_options":{"image_generator_settings":{"template":"highway","default_image_id":0,"font":"","enabled":false},"version":2}},"categories":[1,4],"tags":[],"class_list":["post-40350","post","type-post","status-publish","format-standard","has-post-thumbnail","hentry","category-noticias","category-local"],"acf":[],"jetpack_publicize_connections":[],"jetpack_featured_media_url":"https:\/\/i0.wp.com\/blogdoeloiltoncajuhy.com.br\/site\/wp-content\/uploads\/2020\/01\/FestaSenhorBonfim-2020_Celebrantes-01.jpg?fit=720%2C960&ssl=1","jetpack_sharing_enabled":true,"publishpress_future_workflow_manual_trigger":{"enabledWorkflows":[]},"_links":{"self":[{"href":"https:\/\/blogdoeloiltoncajuhy.com.br\/site\/wp-json\/wp\/v2\/posts\/40350","targetHints":{"allow":["GET"]}}],"collection":[{"href":"https:\/\/blogdoeloiltoncajuhy.com.br\/site\/wp-json\/wp\/v2\/posts"}],"about":[{"href":"https:\/\/blogdoeloiltoncajuhy.com.br\/site\/wp-json\/wp\/v2\/types\/post"}],"author":[{"embeddable":true,"href":"https:\/\/blogdoeloiltoncajuhy.com.br\/site\/wp-json\/wp\/v2\/users\/2"}],"replies":[{"embeddable":true,"href":"https:\/\/blogdoeloiltoncajuhy.com.br\/site\/wp-json\/wp\/v2\/comments?post=40350"}],"version-history":[{"count":1,"href":"https:\/\/blogdoeloiltoncajuhy.com.br\/site\/wp-json\/wp\/v2\/posts\/40350\/revisions"}],"predecessor-version":[{"id":40353,"href":"https:\/\/blogdoeloiltoncajuhy.com.br\/site\/wp-json\/wp\/v2\/posts\/40350\/revisions\/40353"}],"wp:featuredmedia":[{"embeddable":true,"href":"https:\/\/blogdoeloiltoncajuhy.com.br\/site\/wp-json\/wp\/v2\/media\/40352"}],"wp:attachment":[{"href":"https:\/\/blogdoeloiltoncajuhy.com.br\/site\/wp-json\/wp\/v2\/media?parent=40350"}],"wp:term":[{"taxonomy":"category","embeddable":true,"href":"https:\/\/blogdoeloiltoncajuhy.com.br\/site\/wp-json\/wp\/v2\/categories?post=40350"},{"taxonomy":"post_tag","embeddable":true,"href":"https:\/\/blogdoeloiltoncajuhy.com.br\/site\/wp-json\/wp\/v2\/tags?post=40350"}],"curies":[{"name":"wp","href":"https:\/\/api.w.org\/{rel}","templated":true}]}}