{"id":40341,"date":"2020-01-14T21:25:45","date_gmt":"2020-01-15T00:25:45","guid":{"rendered":"http:\/\/blogdoeloiltoncajuhy.com.br\/site\/?p=40341"},"modified":"2020-01-14T21:30:53","modified_gmt":"2020-01-15T00:30:53","slug":"mulher-encontrada-pelo-samu-em-matagal-ja-esta-com-a-familia","status":"publish","type":"post","link":"https:\/\/blogdoeloiltoncajuhy.com.br\/site\/mulher-encontrada-pelo-samu-em-matagal-ja-esta-com-a-familia\/","title":{"rendered":"Mulher encontrada pelo SAMU de Bonfim em matagal j\u00e1 est\u00e1 com a fam\u00edlia"},"content":{"rendered":"\n<p><strong>BLOG DO ELOILTON CAJUHY<\/strong><\/p>\n\n\n\n<div class=\"wp-block-image\"><figure class=\"aligncenter size-large\"><img data-recalc-dims=\"1\" fetchpriority=\"high\" decoding=\"async\" width=\"435\" height=\"360\" src=\"https:\/\/i0.wp.com\/blogdoeloiltoncajuhy.com.br\/site\/wp-content\/uploads\/2020\/01\/MulherEncontradaSamuBonfim.jpg?resize=435%2C360\" alt=\"\" class=\"wp-image-40329\" srcset=\"https:\/\/i0.wp.com\/blogdoeloiltoncajuhy.com.br\/site\/wp-content\/uploads\/2020\/01\/MulherEncontradaSamuBonfim.jpg?w=435&amp;ssl=1 435w, https:\/\/i0.wp.com\/blogdoeloiltoncajuhy.com.br\/site\/wp-content\/uploads\/2020\/01\/MulherEncontradaSamuBonfim.jpg?resize=300%2C248&amp;ssl=1 300w, https:\/\/i0.wp.com\/blogdoeloiltoncajuhy.com.br\/site\/wp-content\/uploads\/2020\/01\/MulherEncontradaSamuBonfim.jpg?resize=250%2C207&amp;ssl=1 250w\" sizes=\"(max-width: 435px) 100vw, 435px\" \/><\/figure><\/div>\n\n\n\n<p>A mulher que estava internada na UPA 24h de Senhor do Bonfim, ap\u00f3s ser resgatada pelo SAMU em um matagal, j\u00e1 est\u00e1 com a fam\u00edlia. Segundo informa\u00e7\u00f5es apuradas pelo <strong>Blog do Eloilton Cajuhy<\/strong>, no final da tarde desta ter\u00e7a-feira (14), ap\u00f3s a mulher ser reconhecida por algumas pessoas, familiares dela foram avisados e se deslocaram at\u00e9 a UPA, onde a levaram pra casa.<\/p>\n\n\n\n<p>Nossa reportagem tamb\u00e9m apurou que ela sofre de problemas mentais e \u00e9 moradora de Senhor do Bonfim. Sua identidade foi preservada.<\/p>\n\n\n\n<p>A mulher foi encontrada por populares em um matagal. O SAMU foi acionado e foi at\u00e9 o local resgat\u00e1-la. Os socorristas encontraram-a totalmente despida e com sinais de desorienta\u00e7\u00e3o. Ela n\u00e3o soube informar seu nome nem o de sua fam\u00edlia. Internada na UPA, o caso chegou \u00e0 imprensa e \u00e0s redes sociais, at\u00e9 a fam\u00edlia tomar conhecimento.<\/p>\n","protected":false},"excerpt":{"rendered":"<p>BLOG DO ELOILTON CAJUHY A mulher que estava internada na UPA 24h de Senhor do Bonfim, ap\u00f3s ser resgatada pelo SAMU em um matagal, j\u00e1 est\u00e1 com a fam\u00edlia. Segundo informa\u00e7\u00f5es apuradas pelo Blog do Eloilton Cajuhy, no final da tarde desta ter\u00e7a-feira (14), ap\u00f3s a mulher ser reconhecida por algumas pessoas, familiares dela foram [&hellip;]<\/p>\n","protected":false},"author":2,"featured_media":0,"comment_status":"open","ping_status":"open","sticky":false,"template":"","format":"standard","meta":{"_acf_changed":false,"_monsterinsights_skip_tracking":false,"_monsterinsights_sitenote_active":false,"_monsterinsights_sitenote_note":"","_monsterinsights_sitenote_category":0,"_jetpack_memberships_contains_paid_content":false,"footnotes":"","jetpack_publicize_message":"","jetpack_publicize_feature_enabled":true,"jetpack_social_post_already_shared":true,"jetpack_social_options":{"image_generator_settings":{"template":"highway","default_image_id":0,"font":"","enabled":false},"version":2}},"categories":[1,4],"tags":[],"class_list":["post-40341","post","type-post","status-publish","format-standard","hentry","category-noticias","category-local"],"acf":[],"jetpack_publicize_connections":[],"jetpack_featured_media_url":"","jetpack_sharing_enabled":true,"publishpress_future_workflow_manual_trigger":{"enabledWorkflows":[]},"_links":{"self":[{"href":"https:\/\/blogdoeloiltoncajuhy.com.br\/site\/wp-json\/wp\/v2\/posts\/40341","targetHints":{"allow":["GET"]}}],"collection":[{"href":"https:\/\/blogdoeloiltoncajuhy.com.br\/site\/wp-json\/wp\/v2\/posts"}],"about":[{"href":"https:\/\/blogdoeloiltoncajuhy.com.br\/site\/wp-json\/wp\/v2\/types\/post"}],"author":[{"embeddable":true,"href":"https:\/\/blogdoeloiltoncajuhy.com.br\/site\/wp-json\/wp\/v2\/users\/2"}],"replies":[{"embeddable":true,"href":"https:\/\/blogdoeloiltoncajuhy.com.br\/site\/wp-json\/wp\/v2\/comments?post=40341"}],"version-history":[{"count":3,"href":"https:\/\/blogdoeloiltoncajuhy.com.br\/site\/wp-json\/wp\/v2\/posts\/40341\/revisions"}],"predecessor-version":[{"id":40344,"href":"https:\/\/blogdoeloiltoncajuhy.com.br\/site\/wp-json\/wp\/v2\/posts\/40341\/revisions\/40344"}],"wp:attachment":[{"href":"https:\/\/blogdoeloiltoncajuhy.com.br\/site\/wp-json\/wp\/v2\/media?parent=40341"}],"wp:term":[{"taxonomy":"category","embeddable":true,"href":"https:\/\/blogdoeloiltoncajuhy.com.br\/site\/wp-json\/wp\/v2\/categories?post=40341"},{"taxonomy":"post_tag","embeddable":true,"href":"https:\/\/blogdoeloiltoncajuhy.com.br\/site\/wp-json\/wp\/v2\/tags?post=40341"}],"curies":[{"name":"wp","href":"https:\/\/api.w.org\/{rel}","templated":true}]}}