{"id":40266,"date":"2020-01-12T19:39:08","date_gmt":"2020-01-12T22:39:08","guid":{"rendered":"http:\/\/blogdoeloiltoncajuhy.com.br\/site\/?p=40266"},"modified":"2020-01-12T19:40:49","modified_gmt":"2020-01-12T22:40:49","slug":"veja-a-programacao-desta-segunda-feira-13-da-festa-do-senhor-do-bonfim","status":"publish","type":"post","link":"https:\/\/blogdoeloiltoncajuhy.com.br\/site\/veja-a-programacao-desta-segunda-feira-13-da-festa-do-senhor-do-bonfim\/","title":{"rendered":"Veja a programa\u00e7\u00e3o desta segunda-feira (13) da Festa do Senhor do Bonfim"},"content":{"rendered":"\n<p><strong>BLOG DO ELOILTON CAJUHY<\/strong><\/p>\n\n\n\n<div class=\"wp-block-image\"><figure class=\"aligncenter size-large\"><img data-recalc-dims=\"1\" fetchpriority=\"high\" decoding=\"async\" width=\"800\" height=\"600\" src=\"https:\/\/i0.wp.com\/blogdoeloiltoncajuhy.com.br\/site\/wp-content\/uploads\/2020\/01\/FestaSenhorBonfim-2020_CelebrantesPadreJarbas.jpg?resize=800%2C600\" alt=\"\" class=\"wp-image-40267\" srcset=\"https:\/\/i0.wp.com\/blogdoeloiltoncajuhy.com.br\/site\/wp-content\/uploads\/2020\/01\/FestaSenhorBonfim-2020_CelebrantesPadreJarbas.jpg?w=960&amp;ssl=1 960w, https:\/\/i0.wp.com\/blogdoeloiltoncajuhy.com.br\/site\/wp-content\/uploads\/2020\/01\/FestaSenhorBonfim-2020_CelebrantesPadreJarbas.jpg?resize=300%2C225&amp;ssl=1 300w, https:\/\/i0.wp.com\/blogdoeloiltoncajuhy.com.br\/site\/wp-content\/uploads\/2020\/01\/FestaSenhorBonfim-2020_CelebrantesPadreJarbas.jpg?resize=768%2C576&amp;ssl=1 768w, https:\/\/i0.wp.com\/blogdoeloiltoncajuhy.com.br\/site\/wp-content\/uploads\/2020\/01\/FestaSenhorBonfim-2020_CelebrantesPadreJarbas.jpg?resize=250%2C188&amp;ssl=1 250w\" sizes=\"(max-width: 800px) 100vw, 800px\" \/><figcaption>Foto: Pascom de Bonfim<\/figcaption><\/figure><\/div>\n\n\n\n<p>Nesta segunda-feira (13) acontece na Catedral Diocesana mais uma novena preparat\u00f3ria para a Festa do Senhor do Bonfim. As celebra\u00e7\u00f5es s\u00e3o realizadas todas as noites a partir das 19h30.<\/p>\n\n\n\n<p class=\"has-medium-font-size\"><strong>Confira a programa\u00e7\u00e3o completa:<\/strong><\/p>\n\n\n\n<ul class=\"wp-block-list\"><li><strong>7h:<\/strong> Celebra\u00e7\u00e3o do Of\u00edcio Divino<\/li><\/ul>\n\n\n\n<ul class=\"wp-block-list\"><li><strong>9h \u00e0s 11h:<\/strong> Confiss\u00f5es<\/li><\/ul>\n\n\n\n<ul class=\"wp-block-list\"><li><strong>19h30:<\/strong> Celebra\u00e7\u00e3o Eucar\u00edstica &#8211; Novena<\/li><\/ul>\n\n\n\n<p><strong>Noiteiros:<\/strong> Par\u00f3quia do Sagrado Cora\u00e7\u00e3o de Jesus de Antonio Gon\u00e7alves, Comunidades do Pernambuquinho, Barroca do Faleiro e V\u00e1rzea do Mulato, Legi\u00e3o de Maria, Setor Juventude, RCC, Pastoral Hospitalar, Hospitais Dom Antonio Monteiro e Paulo Hilari\u00e3o, e SAMU.<br><strong>Madrinha do Altar:<\/strong> Maria L\u00facia e fam\u00edlia.<\/p>\n\n\n\n<div class=\"wp-block-image\"><figure class=\"aligncenter size-large is-resized\"><img data-recalc-dims=\"1\" decoding=\"async\" src=\"https:\/\/i0.wp.com\/blogdoeloiltoncajuhy.com.br\/site\/wp-content\/uploads\/2020\/01\/FestaSenhorBonfim-2020_Publico_04.jpg?resize=480%2C360\" alt=\"\" class=\"wp-image-40269\" width=\"480\" height=\"360\" srcset=\"https:\/\/i0.wp.com\/blogdoeloiltoncajuhy.com.br\/site\/wp-content\/uploads\/2020\/01\/FestaSenhorBonfim-2020_Publico_04.jpg?w=960&amp;ssl=1 960w, https:\/\/i0.wp.com\/blogdoeloiltoncajuhy.com.br\/site\/wp-content\/uploads\/2020\/01\/FestaSenhorBonfim-2020_Publico_04.jpg?resize=300%2C225&amp;ssl=1 300w, https:\/\/i0.wp.com\/blogdoeloiltoncajuhy.com.br\/site\/wp-content\/uploads\/2020\/01\/FestaSenhorBonfim-2020_Publico_04.jpg?resize=768%2C576&amp;ssl=1 768w, https:\/\/i0.wp.com\/blogdoeloiltoncajuhy.com.br\/site\/wp-content\/uploads\/2020\/01\/FestaSenhorBonfim-2020_Publico_04.jpg?resize=250%2C188&amp;ssl=1 250w\" sizes=\"(max-width: 480px) 100vw, 480px\" \/><figcaption>Foto: Pascom de Bonfim<\/figcaption><\/figure><\/div>\n\n\n\n<p>Ap\u00f3s a celebra\u00e7\u00e3o da novena, tem apresenta\u00e7\u00e3o cultural e quermesse em frente \u00e0 catedral. Quem ir\u00e1 se apresentar nesta segunda-feira \u00e9 o Terno de Reis das Ciganas, formado por idosos do Servi\u00e7o de Conviv\u00eancia e Fortalecimento de V\u00ednculos do CRAS do Alto da Maravilha, mantidos pela Secretaria Municipal de A\u00e7\u00e3o Social.<\/p>\n\n\n\n<div class=\"wp-block-image\"><figure class=\"aligncenter size-large\"><img data-recalc-dims=\"1\" decoding=\"async\" width=\"800\" height=\"600\" src=\"https:\/\/i0.wp.com\/blogdoeloiltoncajuhy.com.br\/site\/wp-content\/uploads\/2020\/01\/FestaSenhorBonfim-2020_Publico_03.jpg?resize=800%2C600\" alt=\"\" class=\"wp-image-40268\" srcset=\"https:\/\/i0.wp.com\/blogdoeloiltoncajuhy.com.br\/site\/wp-content\/uploads\/2020\/01\/FestaSenhorBonfim-2020_Publico_03.jpg?w=960&amp;ssl=1 960w, https:\/\/i0.wp.com\/blogdoeloiltoncajuhy.com.br\/site\/wp-content\/uploads\/2020\/01\/FestaSenhorBonfim-2020_Publico_03.jpg?resize=300%2C225&amp;ssl=1 300w, https:\/\/i0.wp.com\/blogdoeloiltoncajuhy.com.br\/site\/wp-content\/uploads\/2020\/01\/FestaSenhorBonfim-2020_Publico_03.jpg?resize=768%2C576&amp;ssl=1 768w, https:\/\/i0.wp.com\/blogdoeloiltoncajuhy.com.br\/site\/wp-content\/uploads\/2020\/01\/FestaSenhorBonfim-2020_Publico_03.jpg?resize=250%2C188&amp;ssl=1 250w\" sizes=\"(max-width: 800px) 100vw, 800px\" \/><figcaption> Foto: Pascom de Bonfim<\/figcaption><\/figure><\/div>\n","protected":false},"excerpt":{"rendered":"<p>BLOG DO ELOILTON CAJUHY Nesta segunda-feira (13) acontece na Catedral Diocesana mais uma novena preparat\u00f3ria para a Festa do Senhor do Bonfim. As celebra\u00e7\u00f5es s\u00e3o realizadas todas as noites a partir das 19h30. Confira a programa\u00e7\u00e3o completa: 7h: Celebra\u00e7\u00e3o do Of\u00edcio Divino 9h \u00e0s 11h: Confiss\u00f5es 19h30: Celebra\u00e7\u00e3o Eucar\u00edstica &#8211; Novena Noiteiros: Par\u00f3quia do Sagrado [&hellip;]<\/p>\n","protected":false},"author":2,"featured_media":40269,"comment_status":"open","ping_status":"open","sticky":false,"template":"","format":"standard","meta":{"_acf_changed":false,"_monsterinsights_skip_tracking":false,"_monsterinsights_sitenote_active":false,"_monsterinsights_sitenote_note":"","_monsterinsights_sitenote_category":0,"_jetpack_memberships_contains_paid_content":false,"footnotes":"","jetpack_publicize_message":"","jetpack_publicize_feature_enabled":true,"jetpack_social_post_already_shared":true,"jetpack_social_options":{"image_generator_settings":{"template":"highway","default_image_id":0,"font":"","enabled":false},"version":2}},"categories":[1,4],"tags":[],"class_list":["post-40266","post","type-post","status-publish","format-standard","has-post-thumbnail","hentry","category-noticias","category-local"],"acf":[],"jetpack_publicize_connections":[],"jetpack_featured_media_url":"https:\/\/i0.wp.com\/blogdoeloiltoncajuhy.com.br\/site\/wp-content\/uploads\/2020\/01\/FestaSenhorBonfim-2020_Publico_04.jpg?fit=960%2C720&ssl=1","jetpack_sharing_enabled":true,"publishpress_future_workflow_manual_trigger":{"enabledWorkflows":[]},"_links":{"self":[{"href":"https:\/\/blogdoeloiltoncajuhy.com.br\/site\/wp-json\/wp\/v2\/posts\/40266","targetHints":{"allow":["GET"]}}],"collection":[{"href":"https:\/\/blogdoeloiltoncajuhy.com.br\/site\/wp-json\/wp\/v2\/posts"}],"about":[{"href":"https:\/\/blogdoeloiltoncajuhy.com.br\/site\/wp-json\/wp\/v2\/types\/post"}],"author":[{"embeddable":true,"href":"https:\/\/blogdoeloiltoncajuhy.com.br\/site\/wp-json\/wp\/v2\/users\/2"}],"replies":[{"embeddable":true,"href":"https:\/\/blogdoeloiltoncajuhy.com.br\/site\/wp-json\/wp\/v2\/comments?post=40266"}],"version-history":[{"count":2,"href":"https:\/\/blogdoeloiltoncajuhy.com.br\/site\/wp-json\/wp\/v2\/posts\/40266\/revisions"}],"predecessor-version":[{"id":40271,"href":"https:\/\/blogdoeloiltoncajuhy.com.br\/site\/wp-json\/wp\/v2\/posts\/40266\/revisions\/40271"}],"wp:featuredmedia":[{"embeddable":true,"href":"https:\/\/blogdoeloiltoncajuhy.com.br\/site\/wp-json\/wp\/v2\/media\/40269"}],"wp:attachment":[{"href":"https:\/\/blogdoeloiltoncajuhy.com.br\/site\/wp-json\/wp\/v2\/media?parent=40266"}],"wp:term":[{"taxonomy":"category","embeddable":true,"href":"https:\/\/blogdoeloiltoncajuhy.com.br\/site\/wp-json\/wp\/v2\/categories?post=40266"},{"taxonomy":"post_tag","embeddable":true,"href":"https:\/\/blogdoeloiltoncajuhy.com.br\/site\/wp-json\/wp\/v2\/tags?post=40266"}],"curies":[{"name":"wp","href":"https:\/\/api.w.org\/{rel}","templated":true}]}}