{"id":40251,"date":"2020-01-12T11:29:15","date_gmt":"2020-01-12T14:29:15","guid":{"rendered":"http:\/\/blogdoeloiltoncajuhy.com.br\/site\/?p=40251"},"modified":"2020-01-12T11:29:20","modified_gmt":"2020-01-12T14:29:20","slug":"prefeito-de-jaguarari-participa-de-solenidade-de-posse-dos-novos-conselheiros-tutelares-do-municipio","status":"publish","type":"post","link":"https:\/\/blogdoeloiltoncajuhy.com.br\/site\/prefeito-de-jaguarari-participa-de-solenidade-de-posse-dos-novos-conselheiros-tutelares-do-municipio\/","title":{"rendered":"Prefeito de Jaguarari participa de solenidade de posse dos novos conselheiros tutelares do munic\u00edpio"},"content":{"rendered":"\n<p><strong>ASCOM &#8211; Prefeitura de Jaguarari-BA<\/strong><\/p>\n\n\n\n<div class=\"wp-block-image\"><figure class=\"aligncenter size-large\"><img data-recalc-dims=\"1\" fetchpriority=\"high\" decoding=\"async\" width=\"800\" height=\"533\" src=\"https:\/\/i0.wp.com\/blogdoeloiltoncajuhy.com.br\/site\/wp-content\/uploads\/2020\/01\/PMJ_PosseConselhoTutelar-01.jpg?resize=800%2C533\" alt=\"\" class=\"wp-image-40252\" srcset=\"https:\/\/i0.wp.com\/blogdoeloiltoncajuhy.com.br\/site\/wp-content\/uploads\/2020\/01\/PMJ_PosseConselhoTutelar-01.jpg?w=960&amp;ssl=1 960w, https:\/\/i0.wp.com\/blogdoeloiltoncajuhy.com.br\/site\/wp-content\/uploads\/2020\/01\/PMJ_PosseConselhoTutelar-01.jpg?resize=300%2C200&amp;ssl=1 300w, https:\/\/i0.wp.com\/blogdoeloiltoncajuhy.com.br\/site\/wp-content\/uploads\/2020\/01\/PMJ_PosseConselhoTutelar-01.jpg?resize=768%2C512&amp;ssl=1 768w, https:\/\/i0.wp.com\/blogdoeloiltoncajuhy.com.br\/site\/wp-content\/uploads\/2020\/01\/PMJ_PosseConselhoTutelar-01.jpg?resize=250%2C167&amp;ssl=1 250w\" sizes=\"(max-width: 800px) 100vw, 800px\" \/><\/figure><\/div>\n\n\n\n<p>O prefeito de Jaguarari, Everton Rocha, ao lado do presidente da C\u00e2mara de Vereadores, Marcio Gomes, e do secret\u00e1rio de Desenvolvimento Social, Ricardo Augusto, participou, na manh\u00e3 da \u00faltima sexta-feira (10), da solenidade de posse dos novos conselheiros tutelares, eleitos no \u00faltimo processo seletivo no ano passado.<\/p>\n\n\n\n<p>Dando posse junto ao Conselho Municipal de Direitos da Crian\u00e7a e Adolescente (CMDCA), o prefeito destacou o apoio da administra\u00e7\u00e3o municipal com os novos conselheiros. <em>\u201cOs conselheiros t\u00eam um papel importante na defesa e prote\u00e7\u00e3o de nossas crian\u00e7as e adolescentes. Gostaria de dizer que contem com a administra\u00e7\u00e3o municipal para auxiliar no desempenho das suas fun\u00e7\u00f5es\u201d<\/em>, ressaltou o prefeito Everton Rocha.<\/p>\n\n\n\n<p>Em sua fala, o secret\u00e1rio de Desenvolvimento Social desejou um bom desempenho aos novos defensores das crian\u00e7as e jovens do munic\u00edpio. <em>\u201cHoje se encerra um ciclo e se inicia outro. Gostaria de dizer a voc\u00eas que fa\u00e7am valer cada um dos votos que receberam para assumir essa fun\u00e7\u00e3o t\u00e3o importante\u201d<\/em>, falou o secret\u00e1rio.<\/p>\n\n\n\n<p>Ao final da solenidade, o prefeito Everton Rocha conduziu a entrega dos certificados, dando posse aos conselheiros titulares e suplentes.<\/p>\n\n\n\n<div class=\"wp-block-image\"><figure class=\"aligncenter size-large\"><img data-recalc-dims=\"1\" decoding=\"async\" width=\"800\" height=\"533\" src=\"https:\/\/i0.wp.com\/blogdoeloiltoncajuhy.com.br\/site\/wp-content\/uploads\/2020\/01\/PMJ_PosseConselhoTutelar-02.jpg?resize=800%2C533\" alt=\"\" class=\"wp-image-40253\" srcset=\"https:\/\/i0.wp.com\/blogdoeloiltoncajuhy.com.br\/site\/wp-content\/uploads\/2020\/01\/PMJ_PosseConselhoTutelar-02.jpg?w=960&amp;ssl=1 960w, https:\/\/i0.wp.com\/blogdoeloiltoncajuhy.com.br\/site\/wp-content\/uploads\/2020\/01\/PMJ_PosseConselhoTutelar-02.jpg?resize=300%2C200&amp;ssl=1 300w, https:\/\/i0.wp.com\/blogdoeloiltoncajuhy.com.br\/site\/wp-content\/uploads\/2020\/01\/PMJ_PosseConselhoTutelar-02.jpg?resize=768%2C512&amp;ssl=1 768w, https:\/\/i0.wp.com\/blogdoeloiltoncajuhy.com.br\/site\/wp-content\/uploads\/2020\/01\/PMJ_PosseConselhoTutelar-02.jpg?resize=250%2C167&amp;ssl=1 250w\" sizes=\"(max-width: 800px) 100vw, 800px\" \/><\/figure><\/div>\n\n\n\n<p class=\"has-medium-font-size\"><strong>Veja abaixo a rela\u00e7\u00e3o dos conselheiros empossados:<\/strong> <\/p>\n\n\n\n<p><strong>TITULARES:<\/strong><\/p>\n\n\n\n<ul class=\"wp-block-list\"><li>Deoclides de Carvalho;<\/li><\/ul>\n\n\n\n<ul class=\"wp-block-list\"><li>Mauric\u00e9lia Ferreira;<\/li><\/ul>\n\n\n\n<ul class=\"wp-block-list\"><li>Eliana Quintino;<\/li><\/ul>\n\n\n\n<ul class=\"wp-block-list\"><li>Silvana Costa;<\/li><\/ul>\n\n\n\n<ul class=\"wp-block-list\"><li>Edilton Ferreira dos Santos.<\/li><\/ul>\n\n\n\n<p><strong>SUPLENTES:<\/strong><\/p>\n\n\n\n<ul class=\"wp-block-list\"><li>Maria Norma;<\/li><\/ul>\n\n\n\n<ul class=\"wp-block-list\"><li>Juanita Barbosa;<\/li><\/ul>\n\n\n\n<ul class=\"wp-block-list\"><li>Damiana Soares;<\/li><\/ul>\n\n\n\n<ul class=\"wp-block-list\"><li>Luciana de Jesus;<\/li><\/ul>\n\n\n\n<ul class=\"wp-block-list\"><li>Estela M\u00e1rcia.<\/li><\/ul>\n\n\n\n<div class=\"wp-block-image\"><figure class=\"aligncenter size-large\"><img decoding=\"async\" width=\"1280\" height=\"853\" src=\"https:\/\/i0.wp.com\/blogdoeloiltoncajuhy.com.br\/site\/wp-content\/uploads\/2020\/01\/PMJ_PosseConselhoTutelar-03.jpg?fit=590%2C393\" alt=\"\" class=\"wp-image-40254\" srcset=\"https:\/\/i0.wp.com\/blogdoeloiltoncajuhy.com.br\/site\/wp-content\/uploads\/2020\/01\/PMJ_PosseConselhoTutelar-03.jpg?w=1280&amp;ssl=1 1280w, https:\/\/i0.wp.com\/blogdoeloiltoncajuhy.com.br\/site\/wp-content\/uploads\/2020\/01\/PMJ_PosseConselhoTutelar-03.jpg?resize=300%2C200&amp;ssl=1 300w, https:\/\/i0.wp.com\/blogdoeloiltoncajuhy.com.br\/site\/wp-content\/uploads\/2020\/01\/PMJ_PosseConselhoTutelar-03.jpg?resize=1024%2C682&amp;ssl=1 1024w, https:\/\/i0.wp.com\/blogdoeloiltoncajuhy.com.br\/site\/wp-content\/uploads\/2020\/01\/PMJ_PosseConselhoTutelar-03.jpg?resize=768%2C512&amp;ssl=1 768w, https:\/\/i0.wp.com\/blogdoeloiltoncajuhy.com.br\/site\/wp-content\/uploads\/2020\/01\/PMJ_PosseConselhoTutelar-03.jpg?resize=250%2C167&amp;ssl=1 250w\" sizes=\"(max-width: 800px) 100vw, 800px\" \/><\/figure><\/div>\n","protected":false},"excerpt":{"rendered":"<p>ASCOM &#8211; Prefeitura de Jaguarari-BA O prefeito de Jaguarari, Everton Rocha, ao lado do presidente da C\u00e2mara de Vereadores, Marcio Gomes, e do secret\u00e1rio de Desenvolvimento Social, Ricardo Augusto, participou, na manh\u00e3 da \u00faltima sexta-feira (10), da solenidade de posse dos novos conselheiros tutelares, eleitos no \u00faltimo processo seletivo no ano passado. Dando posse junto [&hellip;]<\/p>\n","protected":false},"author":2,"featured_media":40254,"comment_status":"open","ping_status":"open","sticky":false,"template":"","format":"standard","meta":{"_acf_changed":false,"_monsterinsights_skip_tracking":false,"_monsterinsights_sitenote_active":false,"_monsterinsights_sitenote_note":"","_monsterinsights_sitenote_category":0,"_jetpack_memberships_contains_paid_content":false,"footnotes":"","jetpack_publicize_message":"","jetpack_publicize_feature_enabled":true,"jetpack_social_post_already_shared":true,"jetpack_social_options":{"image_generator_settings":{"template":"highway","default_image_id":0,"font":"","enabled":false},"version":2}},"categories":[1,3,11],"tags":[],"class_list":["post-40251","post","type-post","status-publish","format-standard","has-post-thumbnail","hentry","category-noticias","category-politica","category-regional"],"acf":[],"jetpack_publicize_connections":[],"jetpack_featured_media_url":"https:\/\/i0.wp.com\/blogdoeloiltoncajuhy.com.br\/site\/wp-content\/uploads\/2020\/01\/PMJ_PosseConselhoTutelar-03.jpg?fit=1280%2C853&ssl=1","jetpack_sharing_enabled":true,"publishpress_future_workflow_manual_trigger":{"enabledWorkflows":[]},"_links":{"self":[{"href":"https:\/\/blogdoeloiltoncajuhy.com.br\/site\/wp-json\/wp\/v2\/posts\/40251","targetHints":{"allow":["GET"]}}],"collection":[{"href":"https:\/\/blogdoeloiltoncajuhy.com.br\/site\/wp-json\/wp\/v2\/posts"}],"about":[{"href":"https:\/\/blogdoeloiltoncajuhy.com.br\/site\/wp-json\/wp\/v2\/types\/post"}],"author":[{"embeddable":true,"href":"https:\/\/blogdoeloiltoncajuhy.com.br\/site\/wp-json\/wp\/v2\/users\/2"}],"replies":[{"embeddable":true,"href":"https:\/\/blogdoeloiltoncajuhy.com.br\/site\/wp-json\/wp\/v2\/comments?post=40251"}],"version-history":[{"count":1,"href":"https:\/\/blogdoeloiltoncajuhy.com.br\/site\/wp-json\/wp\/v2\/posts\/40251\/revisions"}],"predecessor-version":[{"id":40255,"href":"https:\/\/blogdoeloiltoncajuhy.com.br\/site\/wp-json\/wp\/v2\/posts\/40251\/revisions\/40255"}],"wp:featuredmedia":[{"embeddable":true,"href":"https:\/\/blogdoeloiltoncajuhy.com.br\/site\/wp-json\/wp\/v2\/media\/40254"}],"wp:attachment":[{"href":"https:\/\/blogdoeloiltoncajuhy.com.br\/site\/wp-json\/wp\/v2\/media?parent=40251"}],"wp:term":[{"taxonomy":"category","embeddable":true,"href":"https:\/\/blogdoeloiltoncajuhy.com.br\/site\/wp-json\/wp\/v2\/categories?post=40251"},{"taxonomy":"post_tag","embeddable":true,"href":"https:\/\/blogdoeloiltoncajuhy.com.br\/site\/wp-json\/wp\/v2\/tags?post=40251"}],"curies":[{"name":"wp","href":"https:\/\/api.w.org\/{rel}","templated":true}]}}