{"id":40248,"date":"2020-01-12T11:09:19","date_gmt":"2020-01-12T14:09:19","guid":{"rendered":"http:\/\/blogdoeloiltoncajuhy.com.br\/site\/?p=40248"},"modified":"2020-01-12T11:09:25","modified_gmt":"2020-01-12T14:09:25","slug":"eduardo-costa-tem-mansao-bloqueada-pela-justica","status":"publish","type":"post","link":"https:\/\/blogdoeloiltoncajuhy.com.br\/site\/eduardo-costa-tem-mansao-bloqueada-pela-justica\/","title":{"rendered":"Eduardo Costa tem mans\u00e3o bloqueada pela justi\u00e7a"},"content":{"rendered":"\n<p><strong>Por Folhapress<\/strong><\/p>\n\n\n\n<div class=\"wp-block-image\"><figure class=\"aligncenter size-large is-resized\"><img data-recalc-dims=\"1\" fetchpriority=\"high\" decoding=\"async\" src=\"https:\/\/i0.wp.com\/blogdoeloiltoncajuhy.com.br\/site\/wp-content\/uploads\/2020\/01\/EduardoCostaMansaoBloqueada.jpg?resize=505%2C372\" alt=\"\" class=\"wp-image-40249\" width=\"505\" height=\"372\" srcset=\"https:\/\/i0.wp.com\/blogdoeloiltoncajuhy.com.br\/site\/wp-content\/uploads\/2020\/01\/EduardoCostaMansaoBloqueada.jpg?w=380&amp;ssl=1 380w, https:\/\/i0.wp.com\/blogdoeloiltoncajuhy.com.br\/site\/wp-content\/uploads\/2020\/01\/EduardoCostaMansaoBloqueada.jpg?resize=300%2C221&amp;ssl=1 300w, https:\/\/i0.wp.com\/blogdoeloiltoncajuhy.com.br\/site\/wp-content\/uploads\/2020\/01\/EduardoCostaMansaoBloqueada.jpg?resize=250%2C184&amp;ssl=1 250w\" sizes=\"(max-width: 505px) 100vw, 505px\" \/><figcaption>Foto: Reprodu\u00e7\u00e3o \/ Instagram<\/figcaption><\/figure><\/div>\n\n\n\n<p>Acusado de estelionato, o cantor Eduardo Costa, 40, teve a mans\u00e3o onde reside, em Belo Horizonte, bloqueada pela justi\u00e7a. O casal que negociou o im\u00f3vel com Costa \u00e9 quem move a a\u00e7\u00e3o, alegando ter levado preju\u00edzo financeiro na transa\u00e7\u00e3o, segundo o R7.<\/p>\n\n\n\n<p>A mans\u00e3o do cantor \u00e9 avaliada em R$ 9 milh\u00f5es e foi trocada por um im\u00f3vel que Costa mantinha em Capit\u00f3lio, Minas Gerais. Entretanto, a casa recebida pelo casal est\u00e1 com dois processos para demoli\u00e7\u00e3o parcial, um movido pelo Minist\u00e9rio P\u00fablico Federal (MPF) e outro pela Furnas Centrais El\u00e9tricas S.A.<\/p>\n\n\n\n<p>Parte da mans\u00e3o de Capit\u00f3lio foi constru\u00edda em \u00c1rea de Preserva\u00e7\u00e3o Permanente (APP) e, no caso da a\u00e7\u00e3o de Furnas, a Justi\u00e7a j\u00e1 teria determinado a demoli\u00e7\u00e3o. Portanto, o im\u00f3vel passa a valer menos do que o combinado na negocia\u00e7\u00e3o. <\/p>\n\n\n\n<p>De acordo com a reportagem, o im\u00f3vel que foi de Costa passou a funcionar como um resort, que seria a \u00fanica fonte de renda do casal. Na justi\u00e7a, eles estariam pedindo indeniza\u00e7\u00e3o por danos materiais no valor de R$ 8,1 milh\u00f5es mais R$ 1 milh\u00e3o de danos morais, al\u00e9m de uma multa de R$ 900 mil por descumprimento contratual, segundo o R7.<\/p>\n\n\n\n<p>O processo n\u00e3o tem data para ser julgado. A reportagem tentou contato com o advogado do casal e com a assessoria do cantor, mas n\u00e3o obteve resposta at\u00e9 esta data. O bloqueio impede o sertanejo de tomar qualquer a\u00e7\u00e3o sob a propriedade, que fica localizada na Pampulha, em Belo Horizonte.<\/p>\n","protected":false},"excerpt":{"rendered":"<p>Por Folhapress Acusado de estelionato, o cantor Eduardo Costa, 40, teve a mans\u00e3o onde reside, em Belo Horizonte, bloqueada pela justi\u00e7a. O casal que negociou o im\u00f3vel com Costa \u00e9 quem move a a\u00e7\u00e3o, alegando ter levado preju\u00edzo financeiro na transa\u00e7\u00e3o, segundo o R7. A mans\u00e3o do cantor \u00e9 avaliada em R$ 9 milh\u00f5es e [&hellip;]<\/p>\n","protected":false},"author":2,"featured_media":40249,"comment_status":"open","ping_status":"open","sticky":false,"template":"","format":"standard","meta":{"_acf_changed":false,"_monsterinsights_skip_tracking":false,"_monsterinsights_sitenote_active":false,"_monsterinsights_sitenote_note":"","_monsterinsights_sitenote_category":0,"_jetpack_memberships_contains_paid_content":false,"footnotes":"","jetpack_publicize_message":"","jetpack_publicize_feature_enabled":true,"jetpack_social_post_already_shared":true,"jetpack_social_options":{"image_generator_settings":{"template":"highway","default_image_id":0,"font":"","enabled":false},"version":2}},"categories":[5,8,1],"tags":[],"class_list":["post-40248","post","type-post","status-publish","format-standard","has-post-thumbnail","hentry","category-cotidiano","category-cultura","category-noticias"],"acf":[],"jetpack_publicize_connections":[],"jetpack_featured_media_url":"https:\/\/i0.wp.com\/blogdoeloiltoncajuhy.com.br\/site\/wp-content\/uploads\/2020\/01\/EduardoCostaMansaoBloqueada.jpg?fit=380%2C280&ssl=1","jetpack_sharing_enabled":true,"publishpress_future_workflow_manual_trigger":{"enabledWorkflows":[]},"_links":{"self":[{"href":"https:\/\/blogdoeloiltoncajuhy.com.br\/site\/wp-json\/wp\/v2\/posts\/40248","targetHints":{"allow":["GET"]}}],"collection":[{"href":"https:\/\/blogdoeloiltoncajuhy.com.br\/site\/wp-json\/wp\/v2\/posts"}],"about":[{"href":"https:\/\/blogdoeloiltoncajuhy.com.br\/site\/wp-json\/wp\/v2\/types\/post"}],"author":[{"embeddable":true,"href":"https:\/\/blogdoeloiltoncajuhy.com.br\/site\/wp-json\/wp\/v2\/users\/2"}],"replies":[{"embeddable":true,"href":"https:\/\/blogdoeloiltoncajuhy.com.br\/site\/wp-json\/wp\/v2\/comments?post=40248"}],"version-history":[{"count":1,"href":"https:\/\/blogdoeloiltoncajuhy.com.br\/site\/wp-json\/wp\/v2\/posts\/40248\/revisions"}],"predecessor-version":[{"id":40250,"href":"https:\/\/blogdoeloiltoncajuhy.com.br\/site\/wp-json\/wp\/v2\/posts\/40248\/revisions\/40250"}],"wp:featuredmedia":[{"embeddable":true,"href":"https:\/\/blogdoeloiltoncajuhy.com.br\/site\/wp-json\/wp\/v2\/media\/40249"}],"wp:attachment":[{"href":"https:\/\/blogdoeloiltoncajuhy.com.br\/site\/wp-json\/wp\/v2\/media?parent=40248"}],"wp:term":[{"taxonomy":"category","embeddable":true,"href":"https:\/\/blogdoeloiltoncajuhy.com.br\/site\/wp-json\/wp\/v2\/categories?post=40248"},{"taxonomy":"post_tag","embeddable":true,"href":"https:\/\/blogdoeloiltoncajuhy.com.br\/site\/wp-json\/wp\/v2\/tags?post=40248"}],"curies":[{"name":"wp","href":"https:\/\/api.w.org\/{rel}","templated":true}]}}