{"id":40245,"date":"2020-01-12T10:59:58","date_gmt":"2020-01-12T13:59:58","guid":{"rendered":"http:\/\/blogdoeloiltoncajuhy.com.br\/site\/?p=40245"},"modified":"2020-01-12T11:00:04","modified_gmt":"2020-01-12T14:00:04","slug":"onibus-pega-fogo-ao-sair-da-rodoviaria-de-jacobina","status":"publish","type":"post","link":"https:\/\/blogdoeloiltoncajuhy.com.br\/site\/onibus-pega-fogo-ao-sair-da-rodoviaria-de-jacobina\/","title":{"rendered":"\u00d4nibus pega fogo ao sair da rodovi\u00e1ria de Jacobina"},"content":{"rendered":"\n<p><strong>Bahia Not\u00edcias<\/strong><\/p>\n\n\n\n<div class=\"wp-block-image\"><figure class=\"aligncenter size-large is-resized\"><img data-recalc-dims=\"1\" fetchpriority=\"high\" decoding=\"async\" src=\"https:\/\/i0.wp.com\/blogdoeloiltoncajuhy.com.br\/site\/wp-content\/uploads\/2020\/01\/OnibusFogoJacobina.jpg?resize=479%2C353\" alt=\"\" class=\"wp-image-40246\" width=\"479\" height=\"353\" srcset=\"https:\/\/i0.wp.com\/blogdoeloiltoncajuhy.com.br\/site\/wp-content\/uploads\/2020\/01\/OnibusFogoJacobina.jpg?w=380&amp;ssl=1 380w, https:\/\/i0.wp.com\/blogdoeloiltoncajuhy.com.br\/site\/wp-content\/uploads\/2020\/01\/OnibusFogoJacobina.jpg?resize=300%2C221&amp;ssl=1 300w, https:\/\/i0.wp.com\/blogdoeloiltoncajuhy.com.br\/site\/wp-content\/uploads\/2020\/01\/OnibusFogoJacobina.jpg?resize=250%2C184&amp;ssl=1 250w\" sizes=\"(max-width: 479px) 100vw, 479px\" \/><figcaption>Foto: Reprodu\u00e7\u00e3o \/ Jacobina Not\u00edcias<\/figcaption><\/figure><\/div>\n\n\n\n<p>Um \u00f4nibus pegou fogo ap\u00f3s sair da rodovi\u00e1ria de Jacobina, no \u00faltimo s\u00e1bado (11). De acordo com o site Bahia Acontece, os passageiros notaram o fogo por volta das 23h50, quando o ve\u00edculo passava pela Rua Caminho das \u00c1rvores.<\/p>\n\n\n\n<p>Segundo a publica\u00e7\u00e3o, os passageiros sentiram cheiro de fuma\u00e7a logo quando o \u00f4nibus saiu da rodovi\u00e1ria, mas n\u00e3o tinham percebido o fogo. Cerca de 10 minutos depois, quando o ve\u00edculo estava na Pra\u00e7a da B\u00edblia, as chamas se alastravam.<\/p>\n\n\n\n<p>Os pr\u00f3prios passageiros acionaram os dispositivos de emerg\u00eancia para quebrar as janelas e fugir do \u00f4nibus. Populares que estavam nas imedia\u00e7\u00f5es ajudaram a controlar o fogo. Por volta de 00h, os viajantes ainda estavam no local aguardando um posicionamento da empresa Falc\u00e3o Real, respons\u00e1vel pelo ve\u00edculo. N\u00e3o h\u00e1 informa\u00e7\u00f5es se os passageiros foram reconduzidos a outro \u00f4nibus.<\/p>\n","protected":false},"excerpt":{"rendered":"<p>Bahia Not\u00edcias Um \u00f4nibus pegou fogo ap\u00f3s sair da rodovi\u00e1ria de Jacobina, no \u00faltimo s\u00e1bado (11). De acordo com o site Bahia Acontece, os passageiros notaram o fogo por volta das 23h50, quando o ve\u00edculo passava pela Rua Caminho das \u00c1rvores. Segundo a publica\u00e7\u00e3o, os passageiros sentiram cheiro de fuma\u00e7a logo quando o \u00f4nibus saiu [&hellip;]<\/p>\n","protected":false},"author":2,"featured_media":40246,"comment_status":"open","ping_status":"open","sticky":false,"template":"","format":"standard","meta":{"_acf_changed":false,"_monsterinsights_skip_tracking":false,"_monsterinsights_sitenote_active":false,"_monsterinsights_sitenote_note":"","_monsterinsights_sitenote_category":0,"_jetpack_memberships_contains_paid_content":false,"footnotes":"","jetpack_publicize_message":"","jetpack_publicize_feature_enabled":true,"jetpack_social_post_already_shared":true,"jetpack_social_options":{"image_generator_settings":{"template":"highway","default_image_id":0,"font":"","enabled":false},"version":2}},"categories":[5,1,11],"tags":[],"class_list":["post-40245","post","type-post","status-publish","format-standard","has-post-thumbnail","hentry","category-cotidiano","category-noticias","category-regional"],"acf":[],"jetpack_publicize_connections":[],"jetpack_featured_media_url":"https:\/\/i0.wp.com\/blogdoeloiltoncajuhy.com.br\/site\/wp-content\/uploads\/2020\/01\/OnibusFogoJacobina.jpg?fit=380%2C280&ssl=1","jetpack_sharing_enabled":true,"publishpress_future_workflow_manual_trigger":{"enabledWorkflows":[]},"_links":{"self":[{"href":"https:\/\/blogdoeloiltoncajuhy.com.br\/site\/wp-json\/wp\/v2\/posts\/40245","targetHints":{"allow":["GET"]}}],"collection":[{"href":"https:\/\/blogdoeloiltoncajuhy.com.br\/site\/wp-json\/wp\/v2\/posts"}],"about":[{"href":"https:\/\/blogdoeloiltoncajuhy.com.br\/site\/wp-json\/wp\/v2\/types\/post"}],"author":[{"embeddable":true,"href":"https:\/\/blogdoeloiltoncajuhy.com.br\/site\/wp-json\/wp\/v2\/users\/2"}],"replies":[{"embeddable":true,"href":"https:\/\/blogdoeloiltoncajuhy.com.br\/site\/wp-json\/wp\/v2\/comments?post=40245"}],"version-history":[{"count":1,"href":"https:\/\/blogdoeloiltoncajuhy.com.br\/site\/wp-json\/wp\/v2\/posts\/40245\/revisions"}],"predecessor-version":[{"id":40247,"href":"https:\/\/blogdoeloiltoncajuhy.com.br\/site\/wp-json\/wp\/v2\/posts\/40245\/revisions\/40247"}],"wp:featuredmedia":[{"embeddable":true,"href":"https:\/\/blogdoeloiltoncajuhy.com.br\/site\/wp-json\/wp\/v2\/media\/40246"}],"wp:attachment":[{"href":"https:\/\/blogdoeloiltoncajuhy.com.br\/site\/wp-json\/wp\/v2\/media?parent=40245"}],"wp:term":[{"taxonomy":"category","embeddable":true,"href":"https:\/\/blogdoeloiltoncajuhy.com.br\/site\/wp-json\/wp\/v2\/categories?post=40245"},{"taxonomy":"post_tag","embeddable":true,"href":"https:\/\/blogdoeloiltoncajuhy.com.br\/site\/wp-json\/wp\/v2\/tags?post=40245"}],"curies":[{"name":"wp","href":"https:\/\/api.w.org\/{rel}","templated":true}]}}