{"id":40243,"date":"2020-01-12T10:45:22","date_gmt":"2020-01-12T13:45:22","guid":{"rendered":"http:\/\/blogdoeloiltoncajuhy.com.br\/site\/?p=40243"},"modified":"2020-01-12T10:45:29","modified_gmt":"2020-01-12T13:45:29","slug":"ao-menos-17-orgaos-abrem-inscricoes-para-concursos-nesta-segunda-feira-para-cerca-de-13-mil-vagas","status":"publish","type":"post","link":"https:\/\/blogdoeloiltoncajuhy.com.br\/site\/ao-menos-17-orgaos-abrem-inscricoes-para-concursos-nesta-segunda-feira-para-cerca-de-13-mil-vagas\/","title":{"rendered":"Ao menos 17 \u00f3rg\u00e3os abrem inscri\u00e7\u00f5es para concursos nesta segunda-feira para cerca de 1,3 mil vagas"},"content":{"rendered":"\n<h5 class=\"has-text-align-center wp-block-heading\"><em>Cargos s\u00e3o de todos os n\u00edveis de escolaridade; os sal\u00e1rios chegam a R$ 19.764,86 na Prefeitura de Campo Novo do Parecis, no Mato Grosso<\/em><\/h5>\n\n\n\n<p><strong>Por G1 <\/strong>\u2014 Rio de Janeiro<\/p>\n\n\n\n<div class=\"wp-block-image\"><figure class=\"aligncenter size-large\"><img data-recalc-dims=\"1\" fetchpriority=\"high\" decoding=\"async\" width=\"600\" height=\"339\" src=\"https:\/\/i0.wp.com\/blogdoeloiltoncajuhy.com.br\/site\/wp-content\/uploads\/2017\/08\/concursos-abertos-e1502031896813.png?resize=600%2C339\" alt=\"\" class=\"wp-image-19311\"\/><\/figure><\/div>\n\n\n\n<p>Ao menos 17 \u00f3rg\u00e3os p\u00fablicos abrem inscri\u00e7\u00f5es nesta segunda-feira (13) para concursos em todo o Brasil. Juntos, eles oferecem cerca de 1,3 mil vagas em cargos de todos os n\u00edveis de escolaridade.<\/p>\n\n\n\n<p>S\u00f3 na Prefeitura de Presidente Figueiredo, no Amazonas, s\u00e3o ofertadas 348 vagas. J\u00e1 na Prefeitura de Campo Novo do Parecis, no Mato Grosso, os sal\u00e1rios chegam a R$ 19.764,86.<\/p>\n\n\n\n<p class=\"has-text-color has-vivid-purple-color\"><a rel=\"noreferrer noopener\" href=\"http:\/\/especiais.g1.globo.com\/economia\/concursos-e-emprego\/lista-de-concursos-publicos-e-vagas-de-emprego\/\/\" target=\"_blank\"><strong>CONFIRA A LISTA COMPLETA DE CONCURSOS<\/strong><\/a><\/p>\n\n\n\n<p>Al\u00e9m das vagas abertas, h\u00e1 concursos para forma\u00e7\u00e3o de cadastro de reserva \u2013 ou seja, os candidatos aprovados s\u00e3o chamados conforme a abertura de vagas durante a validade do concurso.<\/p>\n\n\n\n<p><strong>Veja abaixo os detalhes dos concursos que abrem inscri\u00e7\u00f5es nesta segunda-feira (13):<\/strong><\/p>\n\n\n\n<h2 class=\"wp-block-heading\">Prefeitura de S\u00e3o Miguel do Araguaia (GO)<\/h2>\n\n\n\n<ul class=\"wp-block-list\"><li>Inscri\u00e7\u00f5es: at\u00e9 23\/01\/2020<\/li><li>19 vagas<\/li><li>Sal\u00e1rios de at\u00e9 R$ 2.422,26<\/li><li>Cargos de n\u00edvel fundamental, m\u00e9dio, t\u00e9cnico e superior<\/li><li><a href=\"http:\/\/www.saomigueldoaraguaia.go.gov.br\/concursos\" target=\"_blank\" rel=\"noreferrer noopener\">Veja o edital<\/a><\/li><\/ul>\n\n\n\n<h2 class=\"wp-block-heading\">Servi\u00e7o Aut\u00f4nomo de \u00c1gua e Esgoto de Itabirito (MG)<\/h2>\n\n\n\n<ul class=\"wp-block-list\"><li>Inscri\u00e7\u00f5es: at\u00e9 09\/05\/18<\/li><li>30 vagas<\/li><li>Sal\u00e1rios de at\u00e9 R$ 5.769,42<\/li><li>Cargos de n\u00edvel m\u00e9dio<\/li><li><a href=\"https:\/\/www.eloassessoriaeservicos.com.br\/\" target=\"_blank\" rel=\"noreferrer noopener\">Veja o edital<\/a><\/li><\/ul>\n\n\n\n<h2 class=\"wp-block-heading\">Prefeitura de Campos do Jord\u00e3o (SP)<\/h2>\n\n\n\n<ul class=\"wp-block-list\"><li>Inscri\u00e7\u00f5es: at\u00e9 06\/02\/2020<\/li><li>135 vagas<\/li><li>Sal\u00e1rios de at\u00e9 R$ 4.923,13<\/li><li>Cargos de n\u00edvel fundamental, m\u00e9dio e superior<\/li><li><a href=\"https:\/\/concursos.ipefae.org.br\/informacoes\/73\" target=\"_blank\" rel=\"noreferrer noopener\">Veja o edital<\/a><\/li><\/ul>\n\n\n\n<h2 class=\"wp-block-heading\">Prefeitura de Campo Novo do Parecis (MT)<\/h2>\n\n\n\n<ul class=\"wp-block-list\"><li>Inscri\u00e7\u00f5es: at\u00e9 09\/02\/2020<\/li><li>27 vagas<\/li><li>Sal\u00e1rios de at\u00e9 R$ 19.764,86<\/li><li>Cargos de n\u00edvel fundamental, m\u00e9dio e superior<\/li><li><a href=\"https:\/\/g1.globo.com\/mt\/mato-grosso\/concursos-e-emprego\/noticia\/2019\/12\/31\/prefeitura-de-campo-novo-do-parecis-mt-abre-processo-seletivo-com-salario-de-ate-r-197-mil.ghtml\">Veja o edital<\/a><\/li><\/ul>\n\n\n\n<h2 class=\"wp-block-heading\">Prefeitura de Pequeri (MG)<\/h2>\n\n\n\n<ul class=\"wp-block-list\"><li>Inscri\u00e7\u00f5es: at\u00e9 11\/02\/2020<\/li><li>37 vagas<\/li><li>Sal\u00e1rios de at\u00e9 R$ 3.465,38<\/li><li>Cargos de n\u00edvel fundamental, m\u00e9dio e superior<\/li><li><a href=\"https:\/\/www.auctorconsultoria.com.br\/informacoes\/12\/\" target=\"_blank\" rel=\"noreferrer noopener\">Veja o edital<\/a><\/li><\/ul>\n\n\n\n<h2 class=\"wp-block-heading\">Aeron\u00e1utica<\/h2>\n\n\n\n<ul class=\"wp-block-list\"><li>Inscri\u00e7\u00f5es: at\u00e9 12\/02\/2020<\/li><li>156 vagas<\/li><li>Cargos de n\u00edvel m\u00e9dio<\/li><li><a href=\"https:\/\/g1.globo.com\/economia\/concursos-e-emprego\/noticia\/2019\/12\/28\/aeronautica-abre-concurso-para-156-vagas-de-adaptacao-a-graduacao-de-sargento.ghtml\">Veja o edital<\/a><\/li><\/ul>\n\n\n\n<h2 class=\"wp-block-heading\">Prefeitura de Contagem (MG)<\/h2>\n\n\n\n<ul class=\"wp-block-list\"><li>Inscri\u00e7\u00f5es: 13\/02\/2020<\/li><li>7 vagas<\/li><li>Sal\u00e1rios de at\u00e9 R$ 4.229,81<\/li><li>Cargos de n\u00edvel superior<\/li><li><a href=\"https:\/\/concurso.fundacaocefetminas.org.br\/site\/processo_seletivo_detalhes.aspx?id=849D8786F1B0795F\" target=\"_blank\" rel=\"noreferrer noopener\">Veja o edital<\/a><\/li><\/ul>\n\n\n\n<h2 class=\"wp-block-heading\">C\u00e2mara Municipal de Tapira (MG)<\/h2>\n\n\n\n<ul class=\"wp-block-list\"><li>Inscri\u00e7\u00f5es: at\u00e9 14\/02\/2020<\/li><li>6 vagas<\/li><li>Sal\u00e1rios de at\u00e9 R$ 4.000,00<\/li><li>Cargos de n\u00edvel fundamental, m\u00e9dio e superior<\/li><li><a href=\"https:\/\/site.uniaraxa.edu.br\/concursos\/concursos-cidade\/?idcategoriaPs=10&amp;codCidade=68101&amp;cidade=Tapira\" target=\"_blank\" rel=\"noreferrer noopener\">Veja o edital<\/a><\/li><\/ul>\n\n\n\n<h2 class=\"wp-block-heading\">C\u00e2mara Municipal de Xaxim (SC)<\/h2>\n\n\n\n<ul class=\"wp-block-list\"><li>Inscri\u00e7\u00f5es: at\u00e9 14\/02\/2020<\/li><li>5 vagas<\/li><li>Sal\u00e1rios de at\u00e9 R$ 5.596,09<\/li><li>Cargos de n\u00edvel fundamental, m\u00e9dio e superior<\/li><li><a href=\"http:\/\/camaraxaxim.fepese.org.br\/\" target=\"_blank\" rel=\"noreferrer noopener\">Veja o edital<\/a><\/li><\/ul>\n\n\n\n<h2 class=\"wp-block-heading\">Prefeitura de Ituporanga (SC)<\/h2>\n\n\n\n<ul class=\"wp-block-list\"><li>Inscri\u00e7\u00f5es: at\u00e9 27\/01\/2020<\/li><li>112 vagas<\/li><li>Sal\u00e1rios de at\u00e9 R$ 15.607,87<\/li><li>Cargos de n\u00edvel fundamental, m\u00e9dio, t\u00e9cnico e superior<\/li><li><a href=\"https:\/\/concursos.wedoservicos.com.br\/informacoes\/49\" target=\"_blank\" rel=\"noreferrer noopener\">Veja o edital<\/a><\/li><\/ul>\n\n\n\n<h2 class=\"wp-block-heading\">Prefeitura de Lontras (SC)<\/h2>\n\n\n\n<ul class=\"wp-block-list\"><li>Inscri\u00e7\u00f5es: at\u00e9 12\/02\/2020<\/li><li>38 vagas<\/li><li>Sal\u00e1rios de at\u00e9 R$ 7.434,52<\/li><li>Cargos de n\u00edvel fundamental, m\u00e9dio e superior<\/li><li><a href=\"https:\/\/consultec.listaeditais.com.br\/edital\/ver\/2506\" target=\"_blank\" rel=\"noreferrer noopener\">Veja o edital<\/a><\/li><\/ul>\n\n\n\n<h2 class=\"wp-block-heading\">Prefeitura de Brejol\u00e2ndia (BA)<\/h2>\n\n\n\n<ul class=\"wp-block-list\"><li>Inscri\u00e7\u00f5es: at\u00e9 24\/01\/2020<\/li><li>58 vagas<\/li><li>Sal\u00e1rios de at\u00e9 R$ 7.500,00<\/li><li>Cargos de n\u00edvel fundamental, m\u00e9dio, t\u00e9cnico e superior<\/li><li><a href=\"http:\/\/sctconcursos.com.br\/informacoes\/3\/\" target=\"_blank\" rel=\"noreferrer noopener\">Veja o edital<\/a><\/li><\/ul>\n\n\n\n<h2 class=\"wp-block-heading\">Prefeitura de Trindade do Sul (RS)<\/h2>\n\n\n\n<ul class=\"wp-block-list\"><li>Inscri\u00e7\u00f5es: at\u00e9 11\/02\/2020<\/li><li>27 vagas<\/li><li>Sal\u00e1rios de at\u00e9 R$ 12.000,00<\/li><li>Cargos de n\u00edvel fundamental, m\u00e9dio e superior<\/li><li><a href=\"https:\/\/sigma.concursos.srv.br\/concursos\/publicacoes\/PREFEITURA+DE+TRINDADE+DO+SUL\/54\" target=\"_blank\" rel=\"noreferrer noopener\">Veja o edital<\/a><\/li><\/ul>\n\n\n\n<h2 class=\"wp-block-heading\">Prefeitura de S\u00e3o Jos\u00e9 do Belmonte (PE)<\/h2>\n\n\n\n<ul class=\"wp-block-list\"><li>Inscri\u00e7\u00f5es: at\u00e9 24\/01\/2020<\/li><li>65 vagas<\/li><li>Sal\u00e1rios de at\u00e9 R$ 1.039,00<\/li><li>Cargos de n\u00edvel alfabetizado<\/li><li><a href=\"https:\/\/saojosedobelmonte.pe.gov.br\/\" target=\"_blank\" rel=\"noreferrer noopener\">Veja o edital<\/a><\/li><\/ul>\n\n\n\n<h2 class=\"wp-block-heading\">Amaz\u00f4nia Azul Tecnologias de Defesa &#8211; AMAZUL (SP)<\/h2>\n\n\n\n<ul class=\"wp-block-list\"><li>Inscri\u00e7\u00f5es: at\u00e9 09\/02\/2020<\/li><li>67 vagas<\/li><li>Cargos de n\u00edvel m\u00e9dio e superior<\/li><li><a href=\"http:\/\/www.idecan.org.br\/concursos.aspx\" target=\"_blank\" rel=\"noreferrer noopener\">Veja o edital<\/a><\/li><\/ul>\n\n\n\n<h2 class=\"wp-block-heading\">Prefeitura de Presidente Figueiredo (AM)<\/h2>\n\n\n\n<ul class=\"wp-block-list\"><li>Inscri\u00e7\u00f5es: at\u00e9 17\/01\/2020<\/li><li>348 vagas<\/li><li>Sal\u00e1rios de at\u00e9 R$ 2.455,35<\/li><li>Cargos de n\u00edvel fundamental e superior<\/li><li><a href=\"https:\/\/transparenciamunicipalaam.org.br\/p\/presidente-figueiredo\/t\/processo-seletivo\" target=\"_blank\" rel=\"noreferrer noopener\">Veja o edital<\/a><\/li><\/ul>\n\n\n\n<h2 class=\"wp-block-heading\">Prefeitura de Campo Florido (MG)<\/h2>\n\n\n\n<ul class=\"wp-block-list\"><li>Inscri\u00e7\u00f5es: at\u00e9 14\/01\/2020<\/li><li>92 vagas<\/li><li>Sal\u00e1rios de at\u00e9 R$ 1.764,82<\/li><li>Cargos de n\u00edvel fundamental, m\u00e9dio e superior<\/li><li><a href=\"http:\/\/campoflorido.mg.gov.br\/\" target=\"_blank\" rel=\"noreferrer noopener\">Veja o edital<\/a><\/li><\/ul>\n","protected":false},"excerpt":{"rendered":"<p>Cargos s\u00e3o de todos os n\u00edveis de escolaridade; os sal\u00e1rios chegam a R$ 19.764,86 na Prefeitura de Campo Novo do Parecis, no Mato Grosso Por G1 \u2014 Rio de Janeiro Ao menos 17 \u00f3rg\u00e3os p\u00fablicos abrem inscri\u00e7\u00f5es nesta segunda-feira (13) para concursos em todo o Brasil. Juntos, eles oferecem cerca de 1,3 mil vagas em [&hellip;]<\/p>\n","protected":false},"author":2,"featured_media":0,"comment_status":"open","ping_status":"open","sticky":false,"template":"","format":"standard","meta":{"_acf_changed":false,"_monsterinsights_skip_tracking":false,"_monsterinsights_sitenote_active":false,"_monsterinsights_sitenote_note":"","_monsterinsights_sitenote_category":0,"_jetpack_memberships_contains_paid_content":false,"footnotes":"","jetpack_publicize_message":"","jetpack_publicize_feature_enabled":true,"jetpack_social_post_already_shared":true,"jetpack_social_options":{"image_generator_settings":{"template":"highway","default_image_id":0,"font":"","enabled":false},"version":2}},"categories":[5,1],"tags":[],"class_list":["post-40243","post","type-post","status-publish","format-standard","hentry","category-cotidiano","category-noticias"],"acf":[],"jetpack_publicize_connections":[],"jetpack_featured_media_url":"","jetpack_sharing_enabled":true,"publishpress_future_workflow_manual_trigger":{"enabledWorkflows":[]},"_links":{"self":[{"href":"https:\/\/blogdoeloiltoncajuhy.com.br\/site\/wp-json\/wp\/v2\/posts\/40243","targetHints":{"allow":["GET"]}}],"collection":[{"href":"https:\/\/blogdoeloiltoncajuhy.com.br\/site\/wp-json\/wp\/v2\/posts"}],"about":[{"href":"https:\/\/blogdoeloiltoncajuhy.com.br\/site\/wp-json\/wp\/v2\/types\/post"}],"author":[{"embeddable":true,"href":"https:\/\/blogdoeloiltoncajuhy.com.br\/site\/wp-json\/wp\/v2\/users\/2"}],"replies":[{"embeddable":true,"href":"https:\/\/blogdoeloiltoncajuhy.com.br\/site\/wp-json\/wp\/v2\/comments?post=40243"}],"version-history":[{"count":1,"href":"https:\/\/blogdoeloiltoncajuhy.com.br\/site\/wp-json\/wp\/v2\/posts\/40243\/revisions"}],"predecessor-version":[{"id":40244,"href":"https:\/\/blogdoeloiltoncajuhy.com.br\/site\/wp-json\/wp\/v2\/posts\/40243\/revisions\/40244"}],"wp:attachment":[{"href":"https:\/\/blogdoeloiltoncajuhy.com.br\/site\/wp-json\/wp\/v2\/media?parent=40243"}],"wp:term":[{"taxonomy":"category","embeddable":true,"href":"https:\/\/blogdoeloiltoncajuhy.com.br\/site\/wp-json\/wp\/v2\/categories?post=40243"},{"taxonomy":"post_tag","embeddable":true,"href":"https:\/\/blogdoeloiltoncajuhy.com.br\/site\/wp-json\/wp\/v2\/tags?post=40243"}],"curies":[{"name":"wp","href":"https:\/\/api.w.org\/{rel}","templated":true}]}}