{"id":40237,"date":"2020-01-11T23:19:23","date_gmt":"2020-01-12T02:19:23","guid":{"rendered":"http:\/\/blogdoeloiltoncajuhy.com.br\/site\/?p=40237"},"modified":"2020-01-12T09:19:54","modified_gmt":"2020-01-12T12:19:54","slug":"veja-a-programacao-da-festa-do-senhor-do-bonfim-para-este-domingo-12","status":"publish","type":"post","link":"https:\/\/blogdoeloiltoncajuhy.com.br\/site\/veja-a-programacao-da-festa-do-senhor-do-bonfim-para-este-domingo-12\/","title":{"rendered":"Veja a programa\u00e7\u00e3o da Festa do Senhor do Bonfim para este domingo, 12"},"content":{"rendered":"\n<p><strong>BLOG DO ELOILTON CAJUHY<\/strong><\/p>\n\n\n\n<div class=\"wp-block-image\"><figure class=\"aligncenter size-large\"><img data-recalc-dims=\"1\" fetchpriority=\"high\" decoding=\"async\" width=\"800\" height=\"600\" src=\"https:\/\/i0.wp.com\/blogdoeloiltoncajuhy.com.br\/site\/wp-content\/uploads\/2020\/01\/FestaSenhorBonfim-2020_Celebrantes.jpg?resize=800%2C600\" alt=\"\" class=\"wp-image-40213\" srcset=\"https:\/\/i0.wp.com\/blogdoeloiltoncajuhy.com.br\/site\/wp-content\/uploads\/2020\/01\/FestaSenhorBonfim-2020_Celebrantes.jpg?w=960&amp;ssl=1 960w, https:\/\/i0.wp.com\/blogdoeloiltoncajuhy.com.br\/site\/wp-content\/uploads\/2020\/01\/FestaSenhorBonfim-2020_Celebrantes.jpg?resize=300%2C225&amp;ssl=1 300w, https:\/\/i0.wp.com\/blogdoeloiltoncajuhy.com.br\/site\/wp-content\/uploads\/2020\/01\/FestaSenhorBonfim-2020_Celebrantes.jpg?resize=768%2C576&amp;ssl=1 768w, https:\/\/i0.wp.com\/blogdoeloiltoncajuhy.com.br\/site\/wp-content\/uploads\/2020\/01\/FestaSenhorBonfim-2020_Celebrantes.jpg?resize=250%2C188&amp;ssl=1 250w\" sizes=\"(max-width: 800px) 100vw, 800px\" \/><\/figure><\/div>\n\n\n\n<p>Prossegue neste domingo (12) o noven\u00e1rio preparat\u00f3rio para a festa do Senhor do Bonfim. As novenas acontecem na catedral diocesana, sempre \u00e0s 19h30.<\/p>\n\n\n\n<p class=\"has-medium-font-size\"><strong>Veja a programa\u00e7\u00e3o completa deste domingo:<\/strong><\/p>\n\n\n\n<ul class=\"wp-block-list\"><li>7h: Celebra\u00e7\u00e3o Eucar\u00edstica<\/li><\/ul>\n\n\n\n<ul class=\"wp-block-list\"><li>9h: Celebra\u00e7\u00e3o Eucar\u00edstica<\/li><\/ul>\n\n\n\n<ul class=\"wp-block-list\"><li>11h: Batizados<\/li><\/ul>\n\n\n\n<ul class=\"wp-block-list\"><li>19h30: Celebra\u00e7\u00e3o Eucar\u00edstica &#8211; Novena<\/li><\/ul>\n\n\n\n<p><strong>Noiteiros:<\/strong> Par\u00f3quia S\u00e3o Jo\u00e3o Batista de Jaguarari, Comunidades do Derba, Buri\u00e1 e Itapicuru, Fraternidade Eucar\u00edstica, Vicentinos e Aclasb.<br><strong>Madrinha do Altar:<\/strong> S\u00f4nia Almeida e fam\u00edlia.<\/p>\n\n\n\n<p>Ap\u00f3s a novena, haver\u00e1 apresenta\u00e7\u00e3o musical com Keisy e Manoel, na \u00e1rea da quermesse em frente a catedral.<\/p>\n","protected":false},"excerpt":{"rendered":"<p>BLOG DO ELOILTON CAJUHY Prossegue neste domingo (12) o noven\u00e1rio preparat\u00f3rio para a festa do Senhor do Bonfim. As novenas acontecem na catedral diocesana, sempre \u00e0s 19h30. Veja a programa\u00e7\u00e3o completa deste domingo: 7h: Celebra\u00e7\u00e3o Eucar\u00edstica 9h: Celebra\u00e7\u00e3o Eucar\u00edstica 11h: Batizados 19h30: Celebra\u00e7\u00e3o Eucar\u00edstica &#8211; Novena Noiteiros: Par\u00f3quia S\u00e3o Jo\u00e3o Batista de Jaguarari, Comunidades do [&hellip;]<\/p>\n","protected":false},"author":2,"featured_media":0,"comment_status":"open","ping_status":"open","sticky":false,"template":"","format":"standard","meta":{"_acf_changed":false,"_monsterinsights_skip_tracking":false,"_monsterinsights_sitenote_active":false,"_monsterinsights_sitenote_note":"","_monsterinsights_sitenote_category":0,"_jetpack_memberships_contains_paid_content":false,"footnotes":"","jetpack_publicize_message":"","jetpack_publicize_feature_enabled":true,"jetpack_social_post_already_shared":true,"jetpack_social_options":{"image_generator_settings":{"template":"highway","default_image_id":0,"font":"","enabled":false},"version":2}},"categories":[1],"tags":[],"class_list":["post-40237","post","type-post","status-publish","format-standard","hentry","category-noticias"],"acf":[],"jetpack_publicize_connections":[],"jetpack_featured_media_url":"","jetpack_sharing_enabled":true,"publishpress_future_workflow_manual_trigger":{"enabledWorkflows":[]},"_links":{"self":[{"href":"https:\/\/blogdoeloiltoncajuhy.com.br\/site\/wp-json\/wp\/v2\/posts\/40237","targetHints":{"allow":["GET"]}}],"collection":[{"href":"https:\/\/blogdoeloiltoncajuhy.com.br\/site\/wp-json\/wp\/v2\/posts"}],"about":[{"href":"https:\/\/blogdoeloiltoncajuhy.com.br\/site\/wp-json\/wp\/v2\/types\/post"}],"author":[{"embeddable":true,"href":"https:\/\/blogdoeloiltoncajuhy.com.br\/site\/wp-json\/wp\/v2\/users\/2"}],"replies":[{"embeddable":true,"href":"https:\/\/blogdoeloiltoncajuhy.com.br\/site\/wp-json\/wp\/v2\/comments?post=40237"}],"version-history":[{"count":2,"href":"https:\/\/blogdoeloiltoncajuhy.com.br\/site\/wp-json\/wp\/v2\/posts\/40237\/revisions"}],"predecessor-version":[{"id":40239,"href":"https:\/\/blogdoeloiltoncajuhy.com.br\/site\/wp-json\/wp\/v2\/posts\/40237\/revisions\/40239"}],"wp:attachment":[{"href":"https:\/\/blogdoeloiltoncajuhy.com.br\/site\/wp-json\/wp\/v2\/media?parent=40237"}],"wp:term":[{"taxonomy":"category","embeddable":true,"href":"https:\/\/blogdoeloiltoncajuhy.com.br\/site\/wp-json\/wp\/v2\/categories?post=40237"},{"taxonomy":"post_tag","embeddable":true,"href":"https:\/\/blogdoeloiltoncajuhy.com.br\/site\/wp-json\/wp\/v2\/tags?post=40237"}],"curies":[{"name":"wp","href":"https:\/\/api.w.org\/{rel}","templated":true}]}}