{"id":40233,"date":"2020-01-11T11:19:33","date_gmt":"2020-01-11T14:19:33","guid":{"rendered":"http:\/\/blogdoeloiltoncajuhy.com.br\/site\/?p=40233"},"modified":"2020-01-11T11:20:48","modified_gmt":"2020-01-11T14:20:48","slug":"apos-demissao-silvana-freire-fala-de-clima-de-insatisfacao-dentro-da-rede-bahia","status":"publish","type":"post","link":"https:\/\/blogdoeloiltoncajuhy.com.br\/site\/apos-demissao-silvana-freire-fala-de-clima-de-insatisfacao-dentro-da-rede-bahia\/","title":{"rendered":"Ap\u00f3s demiss\u00e3o, Silvana Freire fala de clima de insatisfa\u00e7\u00e3o dentro da Rede Bahia"},"content":{"rendered":"\n<p><strong>Bahia Not\u00edcias<\/strong><\/p>\n\n\n\n<div class=\"wp-block-image\"><figure class=\"aligncenter size-large is-resized\"><img data-recalc-dims=\"1\" fetchpriority=\"high\" decoding=\"async\" src=\"https:\/\/i0.wp.com\/blogdoeloiltoncajuhy.com.br\/site\/wp-content\/uploads\/2020\/01\/SilvanaFreire.jpg?resize=451%2C332\" alt=\"\" class=\"wp-image-40234\" width=\"451\" height=\"332\" srcset=\"https:\/\/i0.wp.com\/blogdoeloiltoncajuhy.com.br\/site\/wp-content\/uploads\/2020\/01\/SilvanaFreire.jpg?w=380&amp;ssl=1 380w, https:\/\/i0.wp.com\/blogdoeloiltoncajuhy.com.br\/site\/wp-content\/uploads\/2020\/01\/SilvanaFreire.jpg?resize=300%2C221&amp;ssl=1 300w, https:\/\/i0.wp.com\/blogdoeloiltoncajuhy.com.br\/site\/wp-content\/uploads\/2020\/01\/SilvanaFreire.jpg?resize=250%2C184&amp;ssl=1 250w\" sizes=\"(max-width: 451px) 100vw, 451px\" \/><figcaption>Foto: Reprodu\u00e7\u00e3o \/ Instagram<\/figcaption><\/figure><\/div>\n\n\n\n<p>Silvana Freire, demitida da TV Bahia na manh\u00e3 desta sexta-feira (10), publicou neste s\u00e1bado (11) sua vers\u00e3o do que se passa dentro da emissora. A jornalista passou oito anos nos telejornais da TV Bahia com passagens pelos programas Jornal da Manh\u00e3, Bahia Meio-Dia e atualmente no Bom Dia S\u00e1bado. <\/p>\n\n\n\n<p>Freire come\u00e7ou o texto agradecendo as mensagens e carinho que recebeu de colegas. Foram <em>\u201csinceras l\u00e1grimas de despedida\u201d<\/em>, escreveu. A jornalista lembrou que h\u00e1 oito anos deixou a TV Aratu para trabalhar na Rede Bahia. <em>\u201cPartindo pra onde trabalhavam os melhores profissionais na \u00e9poca e eu aceitei o convite para fazer parte desse time. Foram muitas fases ao longo desses anos\u201d<\/em>, narrou. <\/p>\n\n\n\n<p>As \u00faltimas fases na emissora, no entanto, n\u00e3o foram de s\u00f3 felicidade. Freire exp\u00f5e no texto um clima de desencantamento e insatisfa\u00e7\u00e3o dentro da empresa: <em>\u201cAs coisas mudam, as empresas mudam. E foram com as mudan\u00e7as ali dentro que a menina aprendeu a ser \u2018gente grande\u2019. E hoje s\u00f3 tenho a agradecer por ter trabalhado, aprendido e me tornado amiga daqueles que j\u00e1 admirava\u201d<\/em>.<\/p>\n\n\n\n<p class=\"has-medium-font-size\"><strong>Leia o pronunciamento completo da jornalista:<\/strong><\/p>\n\n\n\n<figure class=\"wp-block-embed aligncenter\"><div class=\"wp-block-embed__wrapper\">\nhttps:\/\/www.instagram.com\/p\/B7KXe2jJyJA\/?utm_source=ig_embed\n<\/div><\/figure>\n\n\n\n<p>Funcion\u00e1rios da TV Bahia que tem em seus curr\u00edculos carreiras constru\u00eddas desde funda\u00e7\u00e3o da emissora, h\u00e1 30 anos, est\u00e3o no alvo de demiss\u00f5es da afiliada, segundo informa\u00e7\u00f5es obtidas pelo Bahia Not\u00edcias.<\/p>\n","protected":false},"excerpt":{"rendered":"<p>Bahia Not\u00edcias Silvana Freire, demitida da TV Bahia na manh\u00e3 desta sexta-feira (10), publicou neste s\u00e1bado (11) sua vers\u00e3o do que se passa dentro da emissora. A jornalista passou oito anos nos telejornais da TV Bahia com passagens pelos programas Jornal da Manh\u00e3, Bahia Meio-Dia e atualmente no Bom Dia S\u00e1bado. Freire come\u00e7ou o texto [&hellip;]<\/p>\n","protected":false},"author":2,"featured_media":40234,"comment_status":"open","ping_status":"open","sticky":false,"template":"","format":"standard","meta":{"_acf_changed":false,"_monsterinsights_skip_tracking":false,"_monsterinsights_sitenote_active":false,"_monsterinsights_sitenote_note":"","_monsterinsights_sitenote_category":0,"_jetpack_memberships_contains_paid_content":false,"footnotes":"","jetpack_publicize_message":"","jetpack_publicize_feature_enabled":true,"jetpack_social_post_already_shared":true,"jetpack_social_options":{"image_generator_settings":{"template":"highway","default_image_id":0,"font":"","enabled":false},"version":2}},"categories":[5,1],"tags":[],"class_list":["post-40233","post","type-post","status-publish","format-standard","has-post-thumbnail","hentry","category-cotidiano","category-noticias"],"acf":[],"jetpack_publicize_connections":[],"jetpack_featured_media_url":"https:\/\/i0.wp.com\/blogdoeloiltoncajuhy.com.br\/site\/wp-content\/uploads\/2020\/01\/SilvanaFreire.jpg?fit=380%2C280&ssl=1","jetpack_sharing_enabled":true,"publishpress_future_workflow_manual_trigger":{"enabledWorkflows":[]},"_links":{"self":[{"href":"https:\/\/blogdoeloiltoncajuhy.com.br\/site\/wp-json\/wp\/v2\/posts\/40233","targetHints":{"allow":["GET"]}}],"collection":[{"href":"https:\/\/blogdoeloiltoncajuhy.com.br\/site\/wp-json\/wp\/v2\/posts"}],"about":[{"href":"https:\/\/blogdoeloiltoncajuhy.com.br\/site\/wp-json\/wp\/v2\/types\/post"}],"author":[{"embeddable":true,"href":"https:\/\/blogdoeloiltoncajuhy.com.br\/site\/wp-json\/wp\/v2\/users\/2"}],"replies":[{"embeddable":true,"href":"https:\/\/blogdoeloiltoncajuhy.com.br\/site\/wp-json\/wp\/v2\/comments?post=40233"}],"version-history":[{"count":2,"href":"https:\/\/blogdoeloiltoncajuhy.com.br\/site\/wp-json\/wp\/v2\/posts\/40233\/revisions"}],"predecessor-version":[{"id":40236,"href":"https:\/\/blogdoeloiltoncajuhy.com.br\/site\/wp-json\/wp\/v2\/posts\/40233\/revisions\/40236"}],"wp:featuredmedia":[{"embeddable":true,"href":"https:\/\/blogdoeloiltoncajuhy.com.br\/site\/wp-json\/wp\/v2\/media\/40234"}],"wp:attachment":[{"href":"https:\/\/blogdoeloiltoncajuhy.com.br\/site\/wp-json\/wp\/v2\/media?parent=40233"}],"wp:term":[{"taxonomy":"category","embeddable":true,"href":"https:\/\/blogdoeloiltoncajuhy.com.br\/site\/wp-json\/wp\/v2\/categories?post=40233"},{"taxonomy":"post_tag","embeddable":true,"href":"https:\/\/blogdoeloiltoncajuhy.com.br\/site\/wp-json\/wp\/v2\/tags?post=40233"}],"curies":[{"name":"wp","href":"https:\/\/api.w.org\/{rel}","templated":true}]}}