{"id":40227,"date":"2020-01-11T11:06:42","date_gmt":"2020-01-11T14:06:42","guid":{"rendered":"http:\/\/blogdoeloiltoncajuhy.com.br\/site\/?p=40227"},"modified":"2020-01-11T11:07:30","modified_gmt":"2020-01-11T14:07:30","slug":"homem-morre-e-sete-ficam-feridos-apos-acidente-entre-carro-e-viatura-da-pm-em-salvador","status":"publish","type":"post","link":"https:\/\/blogdoeloiltoncajuhy.com.br\/site\/homem-morre-e-sete-ficam-feridos-apos-acidente-entre-carro-e-viatura-da-pm-em-salvador\/","title":{"rendered":"Homem morre e sete ficam feridos ap\u00f3s acidente entre carro e viatura da PM em Salvador"},"content":{"rendered":"\n<h5 class=\"has-text-align-center wp-block-heading\"><em>Batida aconteceu na Avenida Paralela, pr\u00f3ximo ao pr\u00e9dio da Receita Federal. Pol\u00edcia realizava abordagem no momento do acidente<\/em><\/h5>\n\n\n\n<p><strong>Por G1 BA<\/strong><\/p>\n\n\n\n<div class=\"wp-block-image\"><figure class=\"aligncenter size-large\"><img data-recalc-dims=\"1\" fetchpriority=\"high\" decoding=\"async\" width=\"800\" height=\"615\" src=\"https:\/\/i0.wp.com\/blogdoeloiltoncajuhy.com.br\/site\/wp-content\/uploads\/2020\/01\/SSAAcidente-11Jan-01.jpeg?resize=800%2C615\" alt=\"\" class=\"wp-image-40228\" srcset=\"https:\/\/i0.wp.com\/blogdoeloiltoncajuhy.com.br\/site\/wp-content\/uploads\/2020\/01\/SSAAcidente-11Jan-01.jpeg?w=984&amp;ssl=1 984w, https:\/\/i0.wp.com\/blogdoeloiltoncajuhy.com.br\/site\/wp-content\/uploads\/2020\/01\/SSAAcidente-11Jan-01.jpeg?resize=300%2C231&amp;ssl=1 300w, https:\/\/i0.wp.com\/blogdoeloiltoncajuhy.com.br\/site\/wp-content\/uploads\/2020\/01\/SSAAcidente-11Jan-01.jpeg?resize=768%2C591&amp;ssl=1 768w, https:\/\/i0.wp.com\/blogdoeloiltoncajuhy.com.br\/site\/wp-content\/uploads\/2020\/01\/SSAAcidente-11Jan-01.jpeg?resize=250%2C192&amp;ssl=1 250w\" sizes=\"(max-width: 800px) 100vw, 800px\" \/><figcaption>Acidente com viatura da PM na Avenida Paralela \u2014 Foto: Redes sociais<\/figcaption><\/figure><\/div>\n\n\n\n<p>Um homem morreu e sete pessoas ficaram feridas ap\u00f3s acidente entre um carro e viatura da Pol\u00edcia Militar, na madrugada deste s\u00e1bado (11), na Avenida Paralela, sentido Centro, pr\u00f3ximo ao pr\u00e9dio da Receita Federal.<\/p>\n\n\n\n<p>De acordo com informa\u00e7\u00f5es da PM, testemunhas disseram que uma guarni\u00e7\u00e3o do Esquadr\u00e3o de Motociclistas \u00c1guia fazia abordagem a um ve\u00edculo suspeito, quando foram surpreendidos por outro carro em alta velocidade, com quatro ocupantes, que se chocou com a viatura. Tr\u00eas PMs e os 4 ocupantes do outro ve\u00edculo ficaram feridos.<\/p>\n\n\n\n<p>Todas as v\u00edtimas foram socorridas pelo Servi\u00e7o de Atendimento M\u00f3vel de Urg\u00eancia (SAMU) e encaminhadas a hospitais da cidade. O motorista do carro que bateu na viatura morreu no local.<\/p>\n\n\n\n<p>Equipes da PM deram apoio ao socorro e isolaram o local at\u00e9 a chegada da per\u00edcia. Segundo a PM, todos os fatos foram registrados na Corregedoria da Pol\u00edcia Militar, na Transalvador e na Pol\u00edcia Civil para ado\u00e7\u00e3o das medidas legais cab\u00edveis.<\/p>\n\n\n\n<p>Em nota, a PM informou atrav\u00e9s do comando do Esquadr\u00e3o \u00c1guia e equipes do Departamento de Promo\u00e7\u00e3o Social &#8211; DPS, que acompanham os militares que ficaram feridos no acidente. Dois est\u00e3o internados sob cuidados m\u00e9dicos e um j\u00e1 foi liberado. N\u00e3o h\u00e1 informa\u00e7\u00f5es sobre o estado de sa\u00fade dos outros quatro feridos.<\/p>\n\n\n\n<figure class=\"wp-block-gallery aligncenter columns-2 is-cropped wp-block-gallery-1 is-layout-flex wp-block-gallery-is-layout-flex\"><ul class=\"blocks-gallery-grid\"><li class=\"blocks-gallery-item\"><figure><img data-recalc-dims=\"1\" decoding=\"async\" width=\"800\" height=\"600\" src=\"https:\/\/i0.wp.com\/blogdoeloiltoncajuhy.com.br\/site\/wp-content\/uploads\/2020\/01\/SSAAcidente-11Jan-02.jpeg?resize=800%2C600\" alt=\"\" data-id=\"40229\" data-full-url=\"https:\/\/i0.wp.com\/blogdoeloiltoncajuhy.com.br\/site\/wp-content\/uploads\/2020\/01\/SSAAcidente-11Jan-02.jpeg?fit=984%2C738\" data-link=\"http:\/\/blogdoeloiltoncajuhy.com.br\/site\/?attachment_id=40229\" class=\"wp-image-40229\" srcset=\"https:\/\/i0.wp.com\/blogdoeloiltoncajuhy.com.br\/site\/wp-content\/uploads\/2020\/01\/SSAAcidente-11Jan-02.jpeg?w=984&amp;ssl=1 984w, https:\/\/i0.wp.com\/blogdoeloiltoncajuhy.com.br\/site\/wp-content\/uploads\/2020\/01\/SSAAcidente-11Jan-02.jpeg?resize=300%2C225&amp;ssl=1 300w, https:\/\/i0.wp.com\/blogdoeloiltoncajuhy.com.br\/site\/wp-content\/uploads\/2020\/01\/SSAAcidente-11Jan-02.jpeg?resize=768%2C576&amp;ssl=1 768w, https:\/\/i0.wp.com\/blogdoeloiltoncajuhy.com.br\/site\/wp-content\/uploads\/2020\/01\/SSAAcidente-11Jan-02.jpeg?resize=250%2C188&amp;ssl=1 250w\" sizes=\"(max-width: 800px) 100vw, 800px\" \/><\/figure><\/li><li class=\"blocks-gallery-item\"><figure><img decoding=\"async\" width=\"984\" height=\"1160\" src=\"https:\/\/i0.wp.com\/blogdoeloiltoncajuhy.com.br\/site\/wp-content\/uploads\/2020\/01\/SSAAcidente-11Jan-03.jpeg?fit=590%2C695\" alt=\"\" data-id=\"40230\" data-full-url=\"https:\/\/i0.wp.com\/blogdoeloiltoncajuhy.com.br\/site\/wp-content\/uploads\/2020\/01\/SSAAcidente-11Jan-03.jpeg?fit=984%2C1160\" data-link=\"http:\/\/blogdoeloiltoncajuhy.com.br\/site\/?attachment_id=40230\" class=\"wp-image-40230\" srcset=\"https:\/\/i0.wp.com\/blogdoeloiltoncajuhy.com.br\/site\/wp-content\/uploads\/2020\/01\/SSAAcidente-11Jan-03.jpeg?w=984&amp;ssl=1 984w, https:\/\/i0.wp.com\/blogdoeloiltoncajuhy.com.br\/site\/wp-content\/uploads\/2020\/01\/SSAAcidente-11Jan-03.jpeg?resize=254%2C300&amp;ssl=1 254w, https:\/\/i0.wp.com\/blogdoeloiltoncajuhy.com.br\/site\/wp-content\/uploads\/2020\/01\/SSAAcidente-11Jan-03.jpeg?resize=869%2C1024&amp;ssl=1 869w, https:\/\/i0.wp.com\/blogdoeloiltoncajuhy.com.br\/site\/wp-content\/uploads\/2020\/01\/SSAAcidente-11Jan-03.jpeg?resize=768%2C905&amp;ssl=1 768w, https:\/\/i0.wp.com\/blogdoeloiltoncajuhy.com.br\/site\/wp-content\/uploads\/2020\/01\/SSAAcidente-11Jan-03.jpeg?resize=212%2C250&amp;ssl=1 212w\" sizes=\"(max-width: 800px) 100vw, 800px\" \/><\/figure><\/li><\/ul><figcaption class=\"blocks-gallery-caption\">Acidente com viatura da PM na Avenida Paralela \u2014 Fotos: Redes sociais<\/figcaption><\/figure>\n","protected":false},"excerpt":{"rendered":"<p>Batida aconteceu na Avenida Paralela, pr\u00f3ximo ao pr\u00e9dio da Receita Federal. Pol\u00edcia realizava abordagem no momento do acidente Por G1 BA Um homem morreu e sete pessoas ficaram feridas ap\u00f3s acidente entre um carro e viatura da Pol\u00edcia Militar, na madrugada deste s\u00e1bado (11), na Avenida Paralela, sentido Centro, pr\u00f3ximo ao pr\u00e9dio da Receita Federal. [&hellip;]<\/p>\n","protected":false},"author":2,"featured_media":40230,"comment_status":"open","ping_status":"open","sticky":false,"template":"","format":"standard","meta":{"_acf_changed":false,"_monsterinsights_skip_tracking":false,"_monsterinsights_sitenote_active":false,"_monsterinsights_sitenote_note":"","_monsterinsights_sitenote_category":0,"_jetpack_memberships_contains_paid_content":false,"footnotes":"","jetpack_publicize_message":"","jetpack_publicize_feature_enabled":true,"jetpack_social_post_already_shared":true,"jetpack_social_options":{"image_generator_settings":{"template":"highway","default_image_id":0,"font":"","enabled":false},"version":2}},"categories":[5,1],"tags":[],"class_list":["post-40227","post","type-post","status-publish","format-standard","has-post-thumbnail","hentry","category-cotidiano","category-noticias"],"acf":[],"jetpack_publicize_connections":[],"jetpack_featured_media_url":"https:\/\/i0.wp.com\/blogdoeloiltoncajuhy.com.br\/site\/wp-content\/uploads\/2020\/01\/SSAAcidente-11Jan-03.jpeg?fit=984%2C1160&ssl=1","jetpack_sharing_enabled":true,"publishpress_future_workflow_manual_trigger":{"enabledWorkflows":[]},"_links":{"self":[{"href":"https:\/\/blogdoeloiltoncajuhy.com.br\/site\/wp-json\/wp\/v2\/posts\/40227","targetHints":{"allow":["GET"]}}],"collection":[{"href":"https:\/\/blogdoeloiltoncajuhy.com.br\/site\/wp-json\/wp\/v2\/posts"}],"about":[{"href":"https:\/\/blogdoeloiltoncajuhy.com.br\/site\/wp-json\/wp\/v2\/types\/post"}],"author":[{"embeddable":true,"href":"https:\/\/blogdoeloiltoncajuhy.com.br\/site\/wp-json\/wp\/v2\/users\/2"}],"replies":[{"embeddable":true,"href":"https:\/\/blogdoeloiltoncajuhy.com.br\/site\/wp-json\/wp\/v2\/comments?post=40227"}],"version-history":[{"count":2,"href":"https:\/\/blogdoeloiltoncajuhy.com.br\/site\/wp-json\/wp\/v2\/posts\/40227\/revisions"}],"predecessor-version":[{"id":40232,"href":"https:\/\/blogdoeloiltoncajuhy.com.br\/site\/wp-json\/wp\/v2\/posts\/40227\/revisions\/40232"}],"wp:featuredmedia":[{"embeddable":true,"href":"https:\/\/blogdoeloiltoncajuhy.com.br\/site\/wp-json\/wp\/v2\/media\/40230"}],"wp:attachment":[{"href":"https:\/\/blogdoeloiltoncajuhy.com.br\/site\/wp-json\/wp\/v2\/media?parent=40227"}],"wp:term":[{"taxonomy":"category","embeddable":true,"href":"https:\/\/blogdoeloiltoncajuhy.com.br\/site\/wp-json\/wp\/v2\/categories?post=40227"},{"taxonomy":"post_tag","embeddable":true,"href":"https:\/\/blogdoeloiltoncajuhy.com.br\/site\/wp-json\/wp\/v2\/tags?post=40227"}],"curies":[{"name":"wp","href":"https:\/\/api.w.org\/{rel}","templated":true}]}}