{"id":40225,"date":"2020-01-11T10:37:17","date_gmt":"2020-01-11T13:37:17","guid":{"rendered":"http:\/\/blogdoeloiltoncajuhy.com.br\/site\/?p=40225"},"modified":"2020-01-11T10:37:24","modified_gmt":"2020-01-11T13:37:24","slug":"divulgados-locais-e-horarios-da-prova-do-concurso-para-formacao-de-policias-e-bombeiros-militares-na-ba-confira-orientacoes","status":"publish","type":"post","link":"https:\/\/blogdoeloiltoncajuhy.com.br\/site\/divulgados-locais-e-horarios-da-prova-do-concurso-para-formacao-de-policias-e-bombeiros-militares-na-ba-confira-orientacoes\/","title":{"rendered":"Divulgados locais e hor\u00e1rios da prova do concurso para forma\u00e7\u00e3o de policias e bombeiros militares na BA; confira orienta\u00e7\u00f5es"},"content":{"rendered":"\n<h5 class=\"has-text-align-center wp-block-heading\"><em>Segundo Saeb, provas ser\u00e3o realizadas no dia 19 de janeiro, em Salvador, Feira de Santana, Juazeiro, Ilh\u00e9us, Vit\u00f3ria da Conquista, Barreiras e Itaberaba<\/em><\/h5>\n\n\n\n<p><strong>Por G1 BA<\/strong><\/p>\n\n\n\n<div class=\"wp-block-image is-style-circle-mask\"><figure class=\"aligncenter size-large\"><img data-recalc-dims=\"1\" fetchpriority=\"high\" decoding=\"async\" width=\"800\" height=\"523\" src=\"https:\/\/i0.wp.com\/blogdoeloiltoncajuhy.com.br\/site\/wp-content\/uploads\/2019\/06\/concursos_jun2019.jpeg?resize=800%2C523\" alt=\"\" class=\"wp-image-34896\" srcset=\"https:\/\/i0.wp.com\/blogdoeloiltoncajuhy.com.br\/site\/wp-content\/uploads\/2019\/06\/concursos_jun2019.jpeg?w=984&amp;ssl=1 984w, https:\/\/i0.wp.com\/blogdoeloiltoncajuhy.com.br\/site\/wp-content\/uploads\/2019\/06\/concursos_jun2019.jpeg?resize=300%2C196&amp;ssl=1 300w, https:\/\/i0.wp.com\/blogdoeloiltoncajuhy.com.br\/site\/wp-content\/uploads\/2019\/06\/concursos_jun2019.jpeg?resize=768%2C502&amp;ssl=1 768w, https:\/\/i0.wp.com\/blogdoeloiltoncajuhy.com.br\/site\/wp-content\/uploads\/2019\/06\/concursos_jun2019.jpeg?resize=250%2C163&amp;ssl=1 250w\" sizes=\"(max-width: 800px) 100vw, 800px\" \/><\/figure><\/div>\n\n\n\n<p>Foi divulgado no Di\u00e1rio Oficial do Estado (DOE), desta sexta-feira (10), o edital com o hor\u00e1rio e locais da prova do concurso p\u00fablico para forma\u00e7\u00e3o de oficiais da Pol\u00edcia e do Corpo de Bombeiros Militar. O exame ser\u00e1 no dia 19 de janeiro em setes cidades, incluindo Salvador. Ao todo, 112.335 candidatos se inscreveram no concurso.<\/p>\n\n\n\n<p>O edital de convoca\u00e7\u00e3o pode ser consultado no site do Portal do Servidor e tamb\u00e9m no site da organizadora do certame, o Instituto Brasileiro de Forma\u00e7\u00e3o e Capacita\u00e7\u00e3o (IBFC).<\/p>\n\n\n\n<p>Conforme a Corregedoria Geral do Estado da Bahia (Saeb), as provas objetivas e discursivas, que contemplam a primeira e a segunda etapas do concurso, ocorrer\u00e3o em 183 locais, distribu\u00eddos entre as cidades de Salvador, Feira de Santana, Juazeiro, Ilh\u00e9us, Vit\u00f3ria da Conquista, Barreiras e Itaberaba.<\/p>\n\n\n\n<p>Os port\u00f5es v\u00e3o abrir \u00e0s 8h. J\u00e1 as provas devem come\u00e7ar \u00e0s 9h15. A avalia\u00e7\u00e3o ter\u00e1 dura\u00e7\u00e3o de cinco horas, e contar\u00e1 com 80 quest\u00f5es, incluindo gerais e espec\u00edficas, al\u00e9m de uma reda\u00e7\u00e3o. Os candidatos s\u00f3 poder\u00e3o levar o caderno de quest\u00f5es depois de 4h30 do in\u00edcio da avalia\u00e7\u00e3o.<\/p>\n\n\n\n<p>De acordo com a Saeb, os candidatos devem apresentar um documento de identifica\u00e7\u00e3o oficial com foto impresso e em bom estado de conserva\u00e7\u00e3o, al\u00e9m do cart\u00e3o de convoca\u00e7\u00e3o. J\u00e1 a caneta deve ser na cor azul ou preta, e de material transparente. <strong><em>[Veja abaixo lista de materiais proibidos durante as provas]<\/em><\/strong><\/p>\n\n\n\n<p>O concurso foi aberto em outubro de 2019. Do total de vagas oferecidas, mil s\u00e3o destinadas para soldados da Pol\u00edcia Militar da Bahia e outras 250 para o Corpo de Bombeiros Militar. A previs\u00e3o \u00e9 de que, at\u00e9 2021, outras 1.250 vagas sejam abertas.<\/p>\n\n\n\n<p class=\"has-medium-font-size\"><strong>Lista dos materiais proibidos na avalia\u00e7\u00e3o<\/strong><\/p>\n\n\n\n<ul class=\"wp-block-list\"><li>Materiais de consulta<\/li><\/ul>\n\n\n\n<ul class=\"wp-block-list\"><li>celulares<\/li><\/ul>\n\n\n\n<ul class=\"wp-block-list\"><li>notebooks<\/li><\/ul>\n\n\n\n<ul class=\"wp-block-list\"><li>rel\u00f3gios<\/li><\/ul>\n\n\n\n<ul class=\"wp-block-list\"><li>controle de carro<\/li><\/ul>\n\n\n\n<ul class=\"wp-block-list\"><li>pendrive<\/li><\/ul>\n\n\n\n<ul class=\"wp-block-list\"><li>fones de ouvido<\/li><\/ul>\n\n\n\n<ul class=\"wp-block-list\"><li>\u00f3culos escuros<\/li><\/ul>\n\n\n\n<ul class=\"wp-block-list\"><li>bolsas<\/li><\/ul>\n\n\n\n<ul class=\"wp-block-list\"><li>sacolas<\/li><\/ul>\n\n\n\n<ul class=\"wp-block-list\"><li>bon\u00e9s<\/li><\/ul>\n","protected":false},"excerpt":{"rendered":"<p>Segundo Saeb, provas ser\u00e3o realizadas no dia 19 de janeiro, em Salvador, Feira de Santana, Juazeiro, Ilh\u00e9us, Vit\u00f3ria da Conquista, Barreiras e Itaberaba Por G1 BA Foi divulgado no Di\u00e1rio Oficial do Estado (DOE), desta sexta-feira (10), o edital com o hor\u00e1rio e locais da prova do concurso p\u00fablico para forma\u00e7\u00e3o de oficiais da Pol\u00edcia [&hellip;]<\/p>\n","protected":false},"author":2,"featured_media":0,"comment_status":"open","ping_status":"open","sticky":false,"template":"","format":"standard","meta":{"_acf_changed":false,"_monsterinsights_skip_tracking":false,"_monsterinsights_sitenote_active":false,"_monsterinsights_sitenote_note":"","_monsterinsights_sitenote_category":0,"_jetpack_memberships_contains_paid_content":false,"footnotes":"","jetpack_publicize_message":"","jetpack_publicize_feature_enabled":true,"jetpack_social_post_already_shared":true,"jetpack_social_options":{"image_generator_settings":{"template":"highway","default_image_id":0,"font":"","enabled":false},"version":2}},"categories":[5,1],"tags":[],"class_list":["post-40225","post","type-post","status-publish","format-standard","hentry","category-cotidiano","category-noticias"],"acf":[],"jetpack_publicize_connections":[],"jetpack_featured_media_url":"","jetpack_sharing_enabled":true,"publishpress_future_workflow_manual_trigger":{"enabledWorkflows":[]},"_links":{"self":[{"href":"https:\/\/blogdoeloiltoncajuhy.com.br\/site\/wp-json\/wp\/v2\/posts\/40225","targetHints":{"allow":["GET"]}}],"collection":[{"href":"https:\/\/blogdoeloiltoncajuhy.com.br\/site\/wp-json\/wp\/v2\/posts"}],"about":[{"href":"https:\/\/blogdoeloiltoncajuhy.com.br\/site\/wp-json\/wp\/v2\/types\/post"}],"author":[{"embeddable":true,"href":"https:\/\/blogdoeloiltoncajuhy.com.br\/site\/wp-json\/wp\/v2\/users\/2"}],"replies":[{"embeddable":true,"href":"https:\/\/blogdoeloiltoncajuhy.com.br\/site\/wp-json\/wp\/v2\/comments?post=40225"}],"version-history":[{"count":1,"href":"https:\/\/blogdoeloiltoncajuhy.com.br\/site\/wp-json\/wp\/v2\/posts\/40225\/revisions"}],"predecessor-version":[{"id":40226,"href":"https:\/\/blogdoeloiltoncajuhy.com.br\/site\/wp-json\/wp\/v2\/posts\/40225\/revisions\/40226"}],"wp:attachment":[{"href":"https:\/\/blogdoeloiltoncajuhy.com.br\/site\/wp-json\/wp\/v2\/media?parent=40225"}],"wp:term":[{"taxonomy":"category","embeddable":true,"href":"https:\/\/blogdoeloiltoncajuhy.com.br\/site\/wp-json\/wp\/v2\/categories?post=40225"},{"taxonomy":"post_tag","embeddable":true,"href":"https:\/\/blogdoeloiltoncajuhy.com.br\/site\/wp-json\/wp\/v2\/tags?post=40225"}],"curies":[{"name":"wp","href":"https:\/\/api.w.org\/{rel}","templated":true}]}}