{"id":40219,"date":"2020-01-10T21:24:31","date_gmt":"2020-01-11T00:24:31","guid":{"rendered":"http:\/\/blogdoeloiltoncajuhy.com.br\/site\/?p=40219"},"modified":"2020-01-10T21:24:39","modified_gmt":"2020-01-11T00:24:39","slug":"prefeito-empossa-novos-conselheiros-tutelares-de-senhor-do-bonfim","status":"publish","type":"post","link":"https:\/\/blogdoeloiltoncajuhy.com.br\/site\/prefeito-empossa-novos-conselheiros-tutelares-de-senhor-do-bonfim\/","title":{"rendered":"Prefeito empossa novos conselheiros tutelares de Senhor do Bonfim"},"content":{"rendered":"\n<p><strong>ASCOM &#8211; Prefeitura Municipal de Senhor do Bonfim &#8211; BA<\/strong><\/p>\n\n\n\n<div class=\"wp-block-image\"><figure class=\"aligncenter size-large\"><img data-recalc-dims=\"1\" fetchpriority=\"high\" decoding=\"async\" width=\"800\" height=\"533\" src=\"https:\/\/i0.wp.com\/blogdoeloiltoncajuhy.com.br\/site\/wp-content\/uploads\/2020\/01\/PMSB_PosseConselhoTutelar-01.jpg?resize=800%2C533\" alt=\"\" class=\"wp-image-40220\" srcset=\"https:\/\/i0.wp.com\/blogdoeloiltoncajuhy.com.br\/site\/wp-content\/uploads\/2020\/01\/PMSB_PosseConselhoTutelar-01.jpg?w=960&amp;ssl=1 960w, https:\/\/i0.wp.com\/blogdoeloiltoncajuhy.com.br\/site\/wp-content\/uploads\/2020\/01\/PMSB_PosseConselhoTutelar-01.jpg?resize=300%2C200&amp;ssl=1 300w, https:\/\/i0.wp.com\/blogdoeloiltoncajuhy.com.br\/site\/wp-content\/uploads\/2020\/01\/PMSB_PosseConselhoTutelar-01.jpg?resize=768%2C512&amp;ssl=1 768w, https:\/\/i0.wp.com\/blogdoeloiltoncajuhy.com.br\/site\/wp-content\/uploads\/2020\/01\/PMSB_PosseConselhoTutelar-01.jpg?resize=250%2C167&amp;ssl=1 250w\" sizes=\"(max-width: 800px) 100vw, 800px\" \/><\/figure><\/div>\n\n\n\n<p>O prefeito de Senhor do Bonfim, Carlos Brasileiro, participou, na manh\u00e3 desta sexta-feira (10), da solenidade de posse dos novos conselheiros tutelares que v\u00e3o atuar entre 2020\/2024. A solenidade que empossou cinco conselheiros tutelares e cinco suplentes aconteceu C\u00e2mara de Vereadores do munic\u00edpio.<\/p>\n\n\n\n<p>O evento foi conduzido pelo Conselho Municipal dos Direitos da Crian\u00e7a e Adolescente &#8211; CMDCA, que tem como Presidente a secret\u00e1ria de Assist\u00eancia Social, Vera Magalh\u00e3es.<\/p>\n\n\n\n<p>Os cinco novos conselheiros tutelares empossados s\u00e3o: <strong><em>Joscilene Maria dos Santos Souza, Jos\u00e9 Raimundo da Silva Ramalho, Grazielle Souza Barreto Rocha, Marcelo Ferreira do Nascimento e Joely Oliveira da Cruz Barros<\/em><\/strong>.<\/p>\n\n\n\n<p>Os suplentes empossados foram os seguintes: <strong><em>Benedita Santos, Jacs\u00e3n Ferreira Santana de Melo, Rita Maria do Santos da Silva, Cristiane Moura Barros e Erivelton Dias de Oliveira<\/em><\/strong>.<\/p>\n\n\n\n<p>A sele\u00e7\u00e3o para o Conselho Tutelar foi dividida em tr\u00eas etapas: prova, an\u00e1lise documental e vota\u00e7\u00e3o. Os conselheiros foram escolhidos por voto direto em elei\u00e7\u00e3o realizada no dia 6 de outubro de 2019. O mandato ser\u00e1 de 10 de janeiro de 2020 a 09 de janeiro de 2024.<\/p>\n\n\n\n<div class=\"wp-block-image\"><figure class=\"aligncenter size-large\"><img data-recalc-dims=\"1\" decoding=\"async\" width=\"800\" height=\"533\" src=\"https:\/\/i0.wp.com\/blogdoeloiltoncajuhy.com.br\/site\/wp-content\/uploads\/2020\/01\/PMSB_PosseConselhoTutelar-02.jpg?resize=800%2C533\" alt=\"\" class=\"wp-image-40221\" srcset=\"https:\/\/i0.wp.com\/blogdoeloiltoncajuhy.com.br\/site\/wp-content\/uploads\/2020\/01\/PMSB_PosseConselhoTutelar-02.jpg?w=960&amp;ssl=1 960w, https:\/\/i0.wp.com\/blogdoeloiltoncajuhy.com.br\/site\/wp-content\/uploads\/2020\/01\/PMSB_PosseConselhoTutelar-02.jpg?resize=300%2C200&amp;ssl=1 300w, https:\/\/i0.wp.com\/blogdoeloiltoncajuhy.com.br\/site\/wp-content\/uploads\/2020\/01\/PMSB_PosseConselhoTutelar-02.jpg?resize=768%2C512&amp;ssl=1 768w, https:\/\/i0.wp.com\/blogdoeloiltoncajuhy.com.br\/site\/wp-content\/uploads\/2020\/01\/PMSB_PosseConselhoTutelar-02.jpg?resize=250%2C167&amp;ssl=1 250w\" sizes=\"(max-width: 800px) 100vw, 800px\" \/><\/figure><\/div>\n\n\n\n<p class=\"has-medium-font-size\"><strong>Conselho Tutelar<\/strong><\/p>\n\n\n\n<p>O Conselho Tutelar foi institu\u00eddo pelo Estatuto da Crian\u00e7a e do Adolescente (ECA), Lei 8.069\/1990, como \u00f3rg\u00e3o permanente e aut\u00f4nomo, n\u00e3o jurisdicional, vinculado administrativamente ao poder p\u00fablico municipal e subordinado apenas \u00e0s diretrizes da pol\u00edtica de atendimento \u00e0s crian\u00e7as e aos adolescentes.<\/p>\n\n\n\n<p>S\u00e3o essenciais e encarregados pela sociedade de zelar pela garantia e defesa dos direitos da crian\u00e7a e do adolescente, onde integram o Sistema de Garantia de Direitos da Crian\u00e7a e do Adolescente (SGDCA).<\/p>\n","protected":false},"excerpt":{"rendered":"<p>ASCOM &#8211; Prefeitura Municipal de Senhor do Bonfim &#8211; BA O prefeito de Senhor do Bonfim, Carlos Brasileiro, participou, na manh\u00e3 desta sexta-feira (10), da solenidade de posse dos novos conselheiros tutelares que v\u00e3o atuar entre 2020\/2024. A solenidade que empossou cinco conselheiros tutelares e cinco suplentes aconteceu C\u00e2mara de Vereadores do munic\u00edpio. O evento [&hellip;]<\/p>\n","protected":false},"author":2,"featured_media":40221,"comment_status":"open","ping_status":"open","sticky":false,"template":"","format":"standard","meta":{"_acf_changed":false,"_monsterinsights_skip_tracking":false,"_monsterinsights_sitenote_active":false,"_monsterinsights_sitenote_note":"","_monsterinsights_sitenote_category":0,"_jetpack_memberships_contains_paid_content":false,"footnotes":"","jetpack_publicize_message":"","jetpack_publicize_feature_enabled":true,"jetpack_social_post_already_shared":true,"jetpack_social_options":{"image_generator_settings":{"template":"highway","default_image_id":0,"font":"","enabled":false},"version":2}},"categories":[1,4],"tags":[],"class_list":["post-40219","post","type-post","status-publish","format-standard","has-post-thumbnail","hentry","category-noticias","category-local"],"acf":[],"jetpack_publicize_connections":[],"jetpack_featured_media_url":"https:\/\/i0.wp.com\/blogdoeloiltoncajuhy.com.br\/site\/wp-content\/uploads\/2020\/01\/PMSB_PosseConselhoTutelar-02.jpg?fit=960%2C640&ssl=1","jetpack_sharing_enabled":true,"publishpress_future_workflow_manual_trigger":{"enabledWorkflows":[]},"_links":{"self":[{"href":"https:\/\/blogdoeloiltoncajuhy.com.br\/site\/wp-json\/wp\/v2\/posts\/40219","targetHints":{"allow":["GET"]}}],"collection":[{"href":"https:\/\/blogdoeloiltoncajuhy.com.br\/site\/wp-json\/wp\/v2\/posts"}],"about":[{"href":"https:\/\/blogdoeloiltoncajuhy.com.br\/site\/wp-json\/wp\/v2\/types\/post"}],"author":[{"embeddable":true,"href":"https:\/\/blogdoeloiltoncajuhy.com.br\/site\/wp-json\/wp\/v2\/users\/2"}],"replies":[{"embeddable":true,"href":"https:\/\/blogdoeloiltoncajuhy.com.br\/site\/wp-json\/wp\/v2\/comments?post=40219"}],"version-history":[{"count":1,"href":"https:\/\/blogdoeloiltoncajuhy.com.br\/site\/wp-json\/wp\/v2\/posts\/40219\/revisions"}],"predecessor-version":[{"id":40222,"href":"https:\/\/blogdoeloiltoncajuhy.com.br\/site\/wp-json\/wp\/v2\/posts\/40219\/revisions\/40222"}],"wp:featuredmedia":[{"embeddable":true,"href":"https:\/\/blogdoeloiltoncajuhy.com.br\/site\/wp-json\/wp\/v2\/media\/40221"}],"wp:attachment":[{"href":"https:\/\/blogdoeloiltoncajuhy.com.br\/site\/wp-json\/wp\/v2\/media?parent=40219"}],"wp:term":[{"taxonomy":"category","embeddable":true,"href":"https:\/\/blogdoeloiltoncajuhy.com.br\/site\/wp-json\/wp\/v2\/categories?post=40219"},{"taxonomy":"post_tag","embeddable":true,"href":"https:\/\/blogdoeloiltoncajuhy.com.br\/site\/wp-json\/wp\/v2\/tags?post=40219"}],"curies":[{"name":"wp","href":"https:\/\/api.w.org\/{rel}","templated":true}]}}