{"id":40210,"date":"2020-01-10T21:05:10","date_gmt":"2020-01-11T00:05:10","guid":{"rendered":"http:\/\/blogdoeloiltoncajuhy.com.br\/site\/?p=40210"},"modified":"2020-01-10T21:10:00","modified_gmt":"2020-01-11T00:10:00","slug":"prossegue-neste-sabado-11-o-novenario-da-festa-do-senhor-do-bonfim","status":"publish","type":"post","link":"https:\/\/blogdoeloiltoncajuhy.com.br\/site\/prossegue-neste-sabado-11-o-novenario-da-festa-do-senhor-do-bonfim\/","title":{"rendered":"Prossegue neste s\u00e1bado (11) o noven\u00e1rio da Festa do Senhor do Bonfim; confira"},"content":{"rendered":"\n<p><strong>BLOG DO ELOILTON CAJUHY<\/strong><\/p>\n\n\n\n<div class=\"wp-block-image\"><figure class=\"aligncenter size-large is-resized\"><img data-recalc-dims=\"1\" fetchpriority=\"high\" decoding=\"async\" src=\"https:\/\/i0.wp.com\/blogdoeloiltoncajuhy.com.br\/site\/wp-content\/uploads\/2020\/01\/FestaSenhorBonfim-2020_Celebrantes.jpg?resize=563%2C422\" alt=\"\" class=\"wp-image-40213\" width=\"563\" height=\"422\" srcset=\"https:\/\/i0.wp.com\/blogdoeloiltoncajuhy.com.br\/site\/wp-content\/uploads\/2020\/01\/FestaSenhorBonfim-2020_Celebrantes.jpg?w=960&amp;ssl=1 960w, https:\/\/i0.wp.com\/blogdoeloiltoncajuhy.com.br\/site\/wp-content\/uploads\/2020\/01\/FestaSenhorBonfim-2020_Celebrantes.jpg?resize=300%2C225&amp;ssl=1 300w, https:\/\/i0.wp.com\/blogdoeloiltoncajuhy.com.br\/site\/wp-content\/uploads\/2020\/01\/FestaSenhorBonfim-2020_Celebrantes.jpg?resize=768%2C576&amp;ssl=1 768w, https:\/\/i0.wp.com\/blogdoeloiltoncajuhy.com.br\/site\/wp-content\/uploads\/2020\/01\/FestaSenhorBonfim-2020_Celebrantes.jpg?resize=250%2C188&amp;ssl=1 250w\" sizes=\"(max-width: 563px) 100vw, 563px\" \/><\/figure><\/div>\n\n\n\n<p>Neste s\u00e1bado (11) a Igreja Cat\u00f3lica realiza mais uma novena preparat\u00f3ria para a Festa do Padroeiro Senhor do Bonfim. Todas as noites, os fi\u00e9is se concentram nas partes interna e externa da Catedral Diocesana para acompanhar as celebra\u00e7\u00f5es.<\/p>\n\n\n\n<p class=\"has-medium-font-size\"><strong>Confira a programa\u00e7\u00e3o deste s\u00e1bado:<\/strong><\/p>\n\n\n\n<figure class=\"wp-block-image size-large is-style-default\"><img data-recalc-dims=\"1\" decoding=\"async\" width=\"494\" height=\"243\" src=\"https:\/\/i0.wp.com\/blogdoeloiltoncajuhy.com.br\/site\/wp-content\/uploads\/2020\/01\/FestaSenhorBonfim-2020_11Jan01.jpg?resize=494%2C243\" alt=\"\" class=\"wp-image-40211\" srcset=\"https:\/\/i0.wp.com\/blogdoeloiltoncajuhy.com.br\/site\/wp-content\/uploads\/2020\/01\/FestaSenhorBonfim-2020_11Jan01.jpg?w=494&amp;ssl=1 494w, https:\/\/i0.wp.com\/blogdoeloiltoncajuhy.com.br\/site\/wp-content\/uploads\/2020\/01\/FestaSenhorBonfim-2020_11Jan01.jpg?resize=300%2C148&amp;ssl=1 300w, https:\/\/i0.wp.com\/blogdoeloiltoncajuhy.com.br\/site\/wp-content\/uploads\/2020\/01\/FestaSenhorBonfim-2020_11Jan01.jpg?resize=250%2C123&amp;ssl=1 250w\" sizes=\"(max-width: 494px) 100vw, 494px\" \/><\/figure>\n\n\n\n<div class=\"wp-block-image\"><figure class=\"aligncenter size-large\"><img data-recalc-dims=\"1\" decoding=\"async\" width=\"502\" height=\"91\" src=\"https:\/\/i0.wp.com\/blogdoeloiltoncajuhy.com.br\/site\/wp-content\/uploads\/2020\/01\/FestaSenhorBonfim-2020_11Jan02.jpg?resize=502%2C91\" alt=\"\" class=\"wp-image-40212\" srcset=\"https:\/\/i0.wp.com\/blogdoeloiltoncajuhy.com.br\/site\/wp-content\/uploads\/2020\/01\/FestaSenhorBonfim-2020_11Jan02.jpg?w=502&amp;ssl=1 502w, https:\/\/i0.wp.com\/blogdoeloiltoncajuhy.com.br\/site\/wp-content\/uploads\/2020\/01\/FestaSenhorBonfim-2020_11Jan02.jpg?resize=300%2C54&amp;ssl=1 300w, https:\/\/i0.wp.com\/blogdoeloiltoncajuhy.com.br\/site\/wp-content\/uploads\/2020\/01\/FestaSenhorBonfim-2020_11Jan02.jpg?resize=250%2C45&amp;ssl=1 250w\" sizes=\"(max-width: 502px) 100vw, 502px\" \/><\/figure><\/div>\n\n\n\n<p>No momento cultural, haver\u00e1 apresenta\u00e7\u00e3o musical com o cantor Miguel Ara\u00fajo, em frente \u00e0 Catedral, logo ap\u00f3s a celebra\u00e7\u00e3o da novena.<\/p>\n\n\n\n<div class=\"wp-block-image\"><figure class=\"aligncenter size-large is-resized\"><img data-recalc-dims=\"1\" loading=\"lazy\" decoding=\"async\" src=\"https:\/\/i0.wp.com\/blogdoeloiltoncajuhy.com.br\/site\/wp-content\/uploads\/2020\/01\/FestaSenhorBonfim-2020_Publico_02.jpg?resize=563%2C422\" alt=\"\" class=\"wp-image-40214\" width=\"563\" height=\"422\" srcset=\"https:\/\/i0.wp.com\/blogdoeloiltoncajuhy.com.br\/site\/wp-content\/uploads\/2020\/01\/FestaSenhorBonfim-2020_Publico_02.jpg?w=960&amp;ssl=1 960w, https:\/\/i0.wp.com\/blogdoeloiltoncajuhy.com.br\/site\/wp-content\/uploads\/2020\/01\/FestaSenhorBonfim-2020_Publico_02.jpg?resize=300%2C225&amp;ssl=1 300w, https:\/\/i0.wp.com\/blogdoeloiltoncajuhy.com.br\/site\/wp-content\/uploads\/2020\/01\/FestaSenhorBonfim-2020_Publico_02.jpg?resize=768%2C576&amp;ssl=1 768w, https:\/\/i0.wp.com\/blogdoeloiltoncajuhy.com.br\/site\/wp-content\/uploads\/2020\/01\/FestaSenhorBonfim-2020_Publico_02.jpg?resize=250%2C188&amp;ssl=1 250w\" sizes=\"(max-width: 563px) 100vw, 563px\" \/><\/figure><\/div>\n","protected":false},"excerpt":{"rendered":"<p>BLOG DO ELOILTON CAJUHY Neste s\u00e1bado (11) a Igreja Cat\u00f3lica realiza mais uma novena preparat\u00f3ria para a Festa do Padroeiro Senhor do Bonfim. Todas as noites, os fi\u00e9is se concentram nas partes interna e externa da Catedral Diocesana para acompanhar as celebra\u00e7\u00f5es. Confira a programa\u00e7\u00e3o deste s\u00e1bado: No momento cultural, haver\u00e1 apresenta\u00e7\u00e3o musical com o [&hellip;]<\/p>\n","protected":false},"author":2,"featured_media":40214,"comment_status":"open","ping_status":"open","sticky":false,"template":"","format":"standard","meta":{"_acf_changed":false,"_monsterinsights_skip_tracking":false,"_monsterinsights_sitenote_active":false,"_monsterinsights_sitenote_note":"","_monsterinsights_sitenote_category":0,"_jetpack_memberships_contains_paid_content":false,"footnotes":"","jetpack_publicize_message":"","jetpack_publicize_feature_enabled":true,"jetpack_social_post_already_shared":true,"jetpack_social_options":{"image_generator_settings":{"template":"highway","default_image_id":0,"font":"","enabled":false},"version":2}},"categories":[1,4],"tags":[],"class_list":["post-40210","post","type-post","status-publish","format-standard","has-post-thumbnail","hentry","category-noticias","category-local"],"acf":[],"jetpack_publicize_connections":[],"jetpack_featured_media_url":"https:\/\/i0.wp.com\/blogdoeloiltoncajuhy.com.br\/site\/wp-content\/uploads\/2020\/01\/FestaSenhorBonfim-2020_Publico_02.jpg?fit=960%2C720&ssl=1","jetpack_sharing_enabled":true,"publishpress_future_workflow_manual_trigger":{"enabledWorkflows":[]},"_links":{"self":[{"href":"https:\/\/blogdoeloiltoncajuhy.com.br\/site\/wp-json\/wp\/v2\/posts\/40210","targetHints":{"allow":["GET"]}}],"collection":[{"href":"https:\/\/blogdoeloiltoncajuhy.com.br\/site\/wp-json\/wp\/v2\/posts"}],"about":[{"href":"https:\/\/blogdoeloiltoncajuhy.com.br\/site\/wp-json\/wp\/v2\/types\/post"}],"author":[{"embeddable":true,"href":"https:\/\/blogdoeloiltoncajuhy.com.br\/site\/wp-json\/wp\/v2\/users\/2"}],"replies":[{"embeddable":true,"href":"https:\/\/blogdoeloiltoncajuhy.com.br\/site\/wp-json\/wp\/v2\/comments?post=40210"}],"version-history":[{"count":3,"href":"https:\/\/blogdoeloiltoncajuhy.com.br\/site\/wp-json\/wp\/v2\/posts\/40210\/revisions"}],"predecessor-version":[{"id":40218,"href":"https:\/\/blogdoeloiltoncajuhy.com.br\/site\/wp-json\/wp\/v2\/posts\/40210\/revisions\/40218"}],"wp:featuredmedia":[{"embeddable":true,"href":"https:\/\/blogdoeloiltoncajuhy.com.br\/site\/wp-json\/wp\/v2\/media\/40214"}],"wp:attachment":[{"href":"https:\/\/blogdoeloiltoncajuhy.com.br\/site\/wp-json\/wp\/v2\/media?parent=40210"}],"wp:term":[{"taxonomy":"category","embeddable":true,"href":"https:\/\/blogdoeloiltoncajuhy.com.br\/site\/wp-json\/wp\/v2\/categories?post=40210"},{"taxonomy":"post_tag","embeddable":true,"href":"https:\/\/blogdoeloiltoncajuhy.com.br\/site\/wp-json\/wp\/v2\/tags?post=40210"}],"curies":[{"name":"wp","href":"https:\/\/api.w.org\/{rel}","templated":true}]}}