{"id":40204,"date":"2020-01-10T07:26:43","date_gmt":"2020-01-10T10:26:43","guid":{"rendered":"http:\/\/blogdoeloiltoncajuhy.com.br\/site\/?p=40204"},"modified":"2020-01-10T07:27:35","modified_gmt":"2020-01-10T10:27:35","slug":"governo-envia-a-assembleia-projeto-para-acelerar-promocoes-da-pm-e-dos-bombeiros","status":"publish","type":"post","link":"https:\/\/blogdoeloiltoncajuhy.com.br\/site\/governo-envia-a-assembleia-projeto-para-acelerar-promocoes-da-pm-e-dos-bombeiros\/","title":{"rendered":"Governo envia \u00e0 Assembleia projeto para acelerar promo\u00e7\u00f5es da PM e dos Bombeiros"},"content":{"rendered":"\n<p><strong>Secom-BA<\/strong><\/p>\n\n\n\n<div class=\"wp-block-image\"><figure class=\"aligncenter size-large\"><img data-recalc-dims=\"1\" fetchpriority=\"high\" decoding=\"async\" width=\"800\" height=\"521\" src=\"https:\/\/i0.wp.com\/blogdoeloiltoncajuhy.com.br\/site\/wp-content\/uploads\/2020\/01\/PM_ProjetoPromo%C3%A7%C3%B5es.jpeg?resize=800%2C521\" alt=\"\" class=\"wp-image-40205\" srcset=\"https:\/\/i0.wp.com\/blogdoeloiltoncajuhy.com.br\/site\/wp-content\/uploads\/2020\/01\/PM_ProjetoPromo%C3%A7%C3%B5es.jpeg?w=996&amp;ssl=1 996w, https:\/\/i0.wp.com\/blogdoeloiltoncajuhy.com.br\/site\/wp-content\/uploads\/2020\/01\/PM_ProjetoPromo%C3%A7%C3%B5es.jpeg?resize=300%2C195&amp;ssl=1 300w, https:\/\/i0.wp.com\/blogdoeloiltoncajuhy.com.br\/site\/wp-content\/uploads\/2020\/01\/PM_ProjetoPromo%C3%A7%C3%B5es.jpeg?resize=768%2C500&amp;ssl=1 768w, https:\/\/i0.wp.com\/blogdoeloiltoncajuhy.com.br\/site\/wp-content\/uploads\/2020\/01\/PM_ProjetoPromo%C3%A7%C3%B5es.jpeg?resize=250%2C163&amp;ssl=1 250w\" sizes=\"(max-width: 800px) 100vw, 800px\" \/><figcaption>Governo envia \u00e0 Assembleia projeto para acelerar promo\u00e7\u00f5es da PM e dos Bombeiros (Foto: Mateus Pereira\/GOVBA)<\/figcaption><\/figure><\/div>\n\n\n\n<p>O Governo do Estado encaminhou, nesta quarta-feira (8), \u00e0 Assembleia Legislativa, o Projeto de Lei N\u00b0 23.723\/2020, propondo altera\u00e7\u00f5es na legisla\u00e7\u00e3o para acelerar promo\u00e7\u00f5es nas carreiras dos policiais militares e dos bombeiros militares da Bahia. O Projeto prop\u00f5e o aumento de vagas para promo\u00e7\u00e3o e a redu\u00e7\u00e3o do interst\u00edcio (espa\u00e7o de tempo entre as promo\u00e7\u00f5es). As medidas v\u00e3o gerar a possibilidade de mais de seis mil promo\u00e7\u00f5es e uma despesa estimada em R$ 76 milh\u00f5es para os cofres estaduais.<\/p>\n\n\n\n<p>O projeto de Lei (PL) vai conceder mais fluidez \u00e0s carreiras da PM e do Corpo de Bombeiros, permitindo que os militares cheguem a patentes mais altas, ainda durante a ativa. A mudan\u00e7a nas carreiras \u00e9 um pleito das categorias. Um dos destaques da proposta \u00e9 a amplia\u00e7\u00e3o da possibilidade de pra\u00e7as (soldados, cabos, sargentos e subtenentes) alcan\u00e7arem o oficialato.<\/p>\n\n\n\n<p>A proposta apresentada pelo Governo sugere que o interst\u00edcio de cabo para sargento ser\u00e1 diminu\u00eddo de 96 para 60 meses, j\u00e1 o interst\u00edcio de sargento para subtenente foi reduzido de 84 meses para 36. Com a mudan\u00e7a, ser\u00e1 garantida uma maior fluidez nas carreiras militares, possibilitando que os pra\u00e7as cheguem, ao menos, ao posto de 1\u00ba tenente quando completarem a idade m\u00ednima para a reserva remunerada.<\/p>\n\n\n\n<p class=\"has-medium-font-size\"><strong>Vagas<\/strong><\/p>\n\n\n\n<p>Em outro ponto do projeto, o Governo prop\u00f5e o remanejamento dentro da estrutura das carreiras, permitindo a abertura de vagas para diversas patentes. A proposta \u00e9 que sejam remanejadas vagas para postos e gradua\u00e7\u00f5es em que havia dificuldade de promo\u00e7\u00e3o. Com o remanejamento dessas vagas, poder\u00e3o ser concedidas at\u00e9 6,3 mil promo\u00e7\u00f5es nas duas corpora\u00e7\u00f5es (PM e Corpo de Bombeiros).<\/p>\n\n\n\n<p>Somando a Pol\u00edcia Militar e o Bombeiros, o projeto vai abrir, por exemplo, 540 vagas para 1\u00ba tenente, 688 para subtenente, 182 para major, al\u00e9m de outras patentes. A abertura das novas vagas vai gerar um efeito multiplicador em fun\u00e7\u00e3o das promo\u00e7\u00f5es. Quando um policial ou bombeiro for promovido para uma patente superior, vai, automaticamente, abrir a vaga que ocupava tamb\u00e9m, gerando um efeito cascata.<\/p>\n\n\n\n<p>O Projeto de Lei criou o Quadro Especial de Tenentes Auxiliares, nas duas corpora\u00e7\u00f5es (PM e Bombeiros). Com a cria\u00e7\u00e3o do novo quadro, os pra\u00e7as que adquirirem os pr\u00e9-requisitos para serem promovidos poder\u00e3o optar por ingressar em uma das op\u00f5es existentes.<\/p>\n\n\n\n<p>Podem escolher o Quadro Especial de Tenentes Auxiliares, que prev\u00ea sa\u00edda para a reserva ap\u00f3s adquirir os requisitos para inatividade. Ou optar pelo Quadro de Oficiais Auxiliares, que permite uma maior progress\u00e3o na carreira, podendo chegar at\u00e9 a patente de tenente coronel.<\/p>\n\n\n\n<p>O Projeto de Lei incorporou tamb\u00e9m regramento da Lei Federal 13.954\/2019, permitindo que o Governo Estadual mantenha at\u00e9 dezembro 2021 as regras atuais para entrada dos militares na reserva, no caso daqueles que obtenham os requisitos para aposentadoria at\u00e9 a data.<\/p>\n","protected":false},"excerpt":{"rendered":"<p>Secom-BA O Governo do Estado encaminhou, nesta quarta-feira (8), \u00e0 Assembleia Legislativa, o Projeto de Lei N\u00b0 23.723\/2020, propondo altera\u00e7\u00f5es na legisla\u00e7\u00e3o para acelerar promo\u00e7\u00f5es nas carreiras dos policiais militares e dos bombeiros militares da Bahia. O Projeto prop\u00f5e o aumento de vagas para promo\u00e7\u00e3o e a redu\u00e7\u00e3o do interst\u00edcio (espa\u00e7o de tempo entre as [&hellip;]<\/p>\n","protected":false},"author":2,"featured_media":40205,"comment_status":"open","ping_status":"open","sticky":false,"template":"","format":"standard","meta":{"_acf_changed":false,"_monsterinsights_skip_tracking":false,"_monsterinsights_sitenote_active":false,"_monsterinsights_sitenote_note":"","_monsterinsights_sitenote_category":0,"_jetpack_memberships_contains_paid_content":false,"footnotes":"","jetpack_publicize_message":"","jetpack_publicize_feature_enabled":true,"jetpack_social_post_already_shared":true,"jetpack_social_options":{"image_generator_settings":{"template":"highway","default_image_id":0,"font":"","enabled":false},"version":2}},"categories":[1,3],"tags":[],"class_list":["post-40204","post","type-post","status-publish","format-standard","has-post-thumbnail","hentry","category-noticias","category-politica"],"acf":[],"jetpack_publicize_connections":[],"jetpack_featured_media_url":"https:\/\/i0.wp.com\/blogdoeloiltoncajuhy.com.br\/site\/wp-content\/uploads\/2020\/01\/PM_ProjetoPromo%C3%A7%C3%B5es.jpeg?fit=996%2C649&ssl=1","jetpack_sharing_enabled":true,"publishpress_future_workflow_manual_trigger":{"enabledWorkflows":[]},"_links":{"self":[{"href":"https:\/\/blogdoeloiltoncajuhy.com.br\/site\/wp-json\/wp\/v2\/posts\/40204","targetHints":{"allow":["GET"]}}],"collection":[{"href":"https:\/\/blogdoeloiltoncajuhy.com.br\/site\/wp-json\/wp\/v2\/posts"}],"about":[{"href":"https:\/\/blogdoeloiltoncajuhy.com.br\/site\/wp-json\/wp\/v2\/types\/post"}],"author":[{"embeddable":true,"href":"https:\/\/blogdoeloiltoncajuhy.com.br\/site\/wp-json\/wp\/v2\/users\/2"}],"replies":[{"embeddable":true,"href":"https:\/\/blogdoeloiltoncajuhy.com.br\/site\/wp-json\/wp\/v2\/comments?post=40204"}],"version-history":[{"count":2,"href":"https:\/\/blogdoeloiltoncajuhy.com.br\/site\/wp-json\/wp\/v2\/posts\/40204\/revisions"}],"predecessor-version":[{"id":40207,"href":"https:\/\/blogdoeloiltoncajuhy.com.br\/site\/wp-json\/wp\/v2\/posts\/40204\/revisions\/40207"}],"wp:featuredmedia":[{"embeddable":true,"href":"https:\/\/blogdoeloiltoncajuhy.com.br\/site\/wp-json\/wp\/v2\/media\/40205"}],"wp:attachment":[{"href":"https:\/\/blogdoeloiltoncajuhy.com.br\/site\/wp-json\/wp\/v2\/media?parent=40204"}],"wp:term":[{"taxonomy":"category","embeddable":true,"href":"https:\/\/blogdoeloiltoncajuhy.com.br\/site\/wp-json\/wp\/v2\/categories?post=40204"},{"taxonomy":"post_tag","embeddable":true,"href":"https:\/\/blogdoeloiltoncajuhy.com.br\/site\/wp-json\/wp\/v2\/tags?post=40204"}],"curies":[{"name":"wp","href":"https:\/\/api.w.org\/{rel}","templated":true}]}}